{"id":10540,"date":"2024-11-14T10:07:37","date_gmt":"2024-11-14T16:07:37","guid":{"rendered":"https:\/\/expressometro.mx\/?p=10540"},"modified":"2024-12-03T10:09:52","modified_gmt":"2024-12-03T16:09:52","slug":"reconoce-uaemex-a-martha-craven-nussbaum-con-doctorado-honoris-causa","status":"publish","type":"post","link":"https:\/\/expressometro.mx\/index.php\/2024\/11\/14\/reconoce-uaemex-a-martha-craven-nussbaum-con-doctorado-honoris-causa\/","title":{"rendered":"RECONOCE UAEM\u00c9X A MARTHA CRAVEN NUSSBAUM CON DOCTORADO HONORIS CAUSA"},"content":{"rendered":"\n<p>* El rector de la UAEM\u00e9x, Carlos Eduardo Barrera D\u00edaz, entreg\u00f3 el tercer Doctorado Honoris Causa de la Administraci\u00f3n Universitaria 2021-2025 a una de las fil\u00f3sofas contempor\u00e1neas m\u00e1s relevantes e internacionalmente reconocida por su profundo conocimiento del arte dram\u00e1tico y del pensamiento cl\u00e1sico griego que le han permitido construir un pensamiento human\u00edstico y \u00e9tico.<\/p>\n\n\n\n<p>Por su relevante trayectoria acad\u00e9mica y sus destacados aportes a los campos de la \u00e9tica, justicia, estudio de las emociones y teor\u00eda feminista, que han derivado en diversos replanteamientos sobre la justicia social y el bienestar individual, la Universidad Aut\u00f3noma del Estado de M\u00e9xico (UAEM\u00e9x) otorg\u00f3 el Doctorado Honoris Causa a la fil\u00f3sofa estadounidense de la Universidad de Harvard, Martha Craven Nussbaum.<\/p>\n\n\n\n<p>En el Aula Magna del Edificio de Rector\u00eda, el rector de la UAEM\u00e9x, Carlos Eduardo Barrera D\u00edaz asever\u00f3 que esta distinci\u00f3n es el m\u00e1ximo reconocimiento universitario otorgado a las personas que destacan por la excelencia de su producci\u00f3n intelectual y por su esp\u00edritu innovador, que inspira a la sociedad y comunidad universitaria.<\/p>\n\n\n\n<figure class=\"wp-block-image size-large\"><img decoding=\"async\" width=\"720\" height=\"480\" src=\"https:\/\/expressometro.mx\/wp-content\/uploads\/2024\/12\/WhatsApp-Image-2024-12-03-at-10.08.17-AM-720x480.jpeg\" alt=\"\" class=\"wp-image-10543\" srcset=\"https:\/\/expressometro.mx\/wp-content\/uploads\/2024\/12\/WhatsApp-Image-2024-12-03-at-10.08.17-AM-720x480.jpeg 720w, https:\/\/expressometro.mx\/wp-content\/uploads\/2024\/12\/WhatsApp-Image-2024-12-03-at-10.08.17-AM-548x365.jpeg 548w, https:\/\/expressometro.mx\/wp-content\/uploads\/2024\/12\/WhatsApp-Image-2024-12-03-at-10.08.17-AM-768x512.jpeg 768w, https:\/\/expressometro.mx\/wp-content\/uploads\/2024\/12\/WhatsApp-Image-2024-12-03-at-10.08.17-AM.jpeg 800w\" sizes=\"(max-width: 720px) 100vw, 720px\" \/><\/figure>\n\n\n\n<p>Acompa\u00f1ado por la secretaria de Investigaci\u00f3n y Estudios Avanzados, Martha Patricia Zarza Delgado, Barrera D\u00edaz entreg\u00f3 el tercer Doctorado Honoris Causa de la Administraci\u00f3n Universitaria 2021-2025 a Martha Nussbaum, una de las fil\u00f3sofas contempor\u00e1neas m\u00e1s relevantes e internacionalmente reconocida por su profundo conocimiento del arte dram\u00e1tico y del pensamiento cl\u00e1sico griego, que le han permitido construir un pensamiento human\u00edstico y \u00e9tico.<\/p>\n\n\n\n<p>El rector de la M\u00e1xima Casa de Estudios mexiquense asever\u00f3 que el estudio realizado por Craven Nussbaum en ramas como el teatro, la literatura y la filosof\u00eda producidas en la Grecia y Roma cl\u00e1sicas permiten entender el mundo desde una perspectiva moral profundamente humana, la cual integra la relevancia de las emociones en la vida \u00e9tica y pol\u00edtica, pues influyen en las evaluaciones personales y decisiones de todo tipo.<\/p>\n\n\n\n<p>Asimismo, Barrera D\u00edaz explic\u00f3 que Martha Nussbaum ha destacado por su incansable labor en la defensa de los derechos de la mujer, pues ha presidido el Comit\u00e9 para la Cooperaci\u00f3n Internacional y el Comit\u00e9 para la Situaci\u00f3n de la Mujer, ambos de la Asociaci\u00f3n Americana de Filosof\u00eda; adem\u00e1s, fue asesora de investigaci\u00f3n en el World Institute for Development Economics Research de la Universidad de las Naciones Unidas y en 2012 fue galardonada con el premio Pr\u00edncipe de Asturias, en el \u00e1rea de las ciencias sociales.<\/p>\n\n\n\n<p>Por su parte, Martha Nussbaum expres\u00f3 sentirse muy honrada al recibir este reconocimiento, pues lo otorga una instituci\u00f3n de nivel superior que se distingue por promover valores de igualdad y libertad, y por enfatizar la importancia de las artes y las humanidades que nutren la imaginaci\u00f3n y facultades \u00e9ticas, ya que, sin estas, dijo, ninguna naci\u00f3n puede estar cercana a la justicia.<\/p>\n\n\n\n<p>Craven Nussbaum aconsej\u00f3 al estudiantado universitario a que sigan sus pasiones y luchen por lo que les hace sentirse vivos y vivas, estableciendo lazos de compasi\u00f3n y respeto no solo para las personas, sino tambi\u00e9n para la vida natural, pues sus estudios recientes han retomado tem\u00e1ticas como la justicia para los animales, por lo que invit\u00f3 a la reflexi\u00f3n sobre la belleza de las vidas animales y la p\u00e9rdida tr\u00e1gica que sufre el planeta cuando se ven afectados y abusados.<\/p>\n\n\n\n<p>Al acto asistieron las directoras de las facultades de Humanidades y de Ciencias de la Conducta, Beatriz Adriana Gonz\u00e1lez Dur\u00e1n y Gabriela Hern\u00e1ndez Vergara, respectivamente; el Gabinete Universitario y el Colegio de Directores, invitados e invitadas especiales, as\u00ed como el estudiantado y comunidad universitaria.<\/p>\n","protected":false},"excerpt":{"rendered":"<p>Por su relevante trayectoria acad\u00e9mica y sus destacados aportes a los campos de la \u00e9tica, justicia, estudio de las emociones y teor\u00eda feminista, que han derivado en diversos replanteamientos sobre la justicia social y el bienestar individual, la Universidad Aut\u00f3noma del Estado de M\u00e9xico (UAEM\u00e9x) otorg\u00f3 el Doctorado Honoris Causa a la fil\u00f3sofa estadounidense de la Universidad de Harvard, Martha Craven Nussbaum.<\/p>\n","protected":false},"author":1,"featured_media":10541,"comment_status":"open","ping_status":"open","sticky":false,"template":"","format":"standard","meta":{"footnotes":""},"categories":[108,3,1,231],"tags":[313,1982,86,82],"class_list":["post-10540","post","type-post","status-publish","format-standard","has-post-thumbnail","hentry","category-educacion","category-gobierno","category-otros","category-politica","tag-carlos-eduardo-barrera-diaz","tag-edomex","tag-gem","tag-uaemex"],"yoast_head":"<!-- This site is optimized with the Yoast SEO plugin v27.4 - https:\/\/yoast.com\/product\/yoast-seo-wordpress\/ -->\n<title>RECONOCE UAEM\u00c9X A MARTHA CRAVEN NUSSBAUM CON DOCTORADO HONORIS CAUSA - Expresso Metropolitano<\/title>\n<meta name=\"robots\" content=\"index, follow, max-snippet:-1, max-image-preview:large, max-video-preview:-1\" \/>\n<link rel=\"canonical\" href=\"https:\/\/expressometro.mx\/index.php\/2024\/11\/14\/reconoce-uaemex-a-martha-craven-nussbaum-con-doctorado-honoris-causa\/\" \/>\n<meta property=\"og:locale\" content=\"es_MX\" \/>\n<meta property=\"og:type\" content=\"article\" \/>\n<meta property=\"og:title\" content=\"RECONOCE UAEM\u00c9X A MARTHA CRAVEN NUSSBAUM CON DOCTORADO HONORIS CAUSA - Expresso Metropolitano\" \/>\n<meta property=\"og:description\" content=\"Por su relevante trayectoria acad\u00e9mica y sus destacados aportes a los campos de la \u00e9tica, justicia, estudio de las emociones y teor\u00eda feminista, que han derivado en diversos replanteamientos sobre la justicia social y el bienestar individual, la Universidad Aut\u00f3noma del Estado de M\u00e9xico (UAEM\u00e9x) otorg\u00f3 el Doctorado Honoris Causa a la fil\u00f3sofa estadounidense de la Universidad de Harvard, Martha Craven Nussbaum.\" \/>\n<meta property=\"og:url\" content=\"https:\/\/expressometro.mx\/index.php\/2024\/11\/14\/reconoce-uaemex-a-martha-craven-nussbaum-con-doctorado-honoris-causa\/\" \/>\n<meta property=\"og:site_name\" content=\"Expresso Metropolitano\" \/>\n<meta property=\"article:published_time\" content=\"2024-11-14T16:07:37+00:00\" \/>\n<meta property=\"article:modified_time\" content=\"2024-12-03T16:09:52+00:00\" \/>\n<meta property=\"og:image\" content=\"http:\/\/expressometro.mx\/wp-content\/uploads\/2024\/12\/WhatsApp-Image-2024-12-03-at-10.07.58-AM.jpeg\" \/>\n\t<meta property=\"og:image:width\" content=\"800\" \/>\n\t<meta property=\"og:image:height\" content=\"533\" \/>\n\t<meta property=\"og:image:type\" content=\"image\/jpeg\" \/>\n<meta name=\"author\" content=\"Expresso Metropolitano\" \/>\n<meta name=\"twitter:label1\" content=\"Escrito por\" \/>\n\t<meta name=\"twitter:data1\" content=\"Expresso Metropolitano\" \/>\n\t<meta name=\"twitter:label2\" content=\"Tiempo de lectura\" \/>\n\t<meta name=\"twitter:data2\" content=\"4 minutos\" \/>\n<script type=\"application\/ld+json\" class=\"yoast-schema-graph\">{\"@context\":\"https:\\\/\\\/schema.org\",\"@graph\":[{\"@type\":\"Article\",\"@id\":\"https:\\\/\\\/expressometro.mx\\\/index.php\\\/2024\\\/11\\\/14\\\/reconoce-uaemex-a-martha-craven-nussbaum-con-doctorado-honoris-causa\\\/#article\",\"isPartOf\":{\"@id\":\"https:\\\/\\\/expressometro.mx\\\/index.php\\\/2024\\\/11\\\/14\\\/reconoce-uaemex-a-martha-craven-nussbaum-con-doctorado-honoris-causa\\\/\"},\"author\":{\"name\":\"Expresso Metropolitano\",\"@id\":\"https:\\\/\\\/expressometro.mx\\\/#\\\/schema\\\/person\\\/efa971b4a0664db8ed5c22b1b0dd2f5d\"},\"headline\":\"RECONOCE UAEM\u00c9X A MARTHA CRAVEN NUSSBAUM CON DOCTORADO HONORIS CAUSA\",\"datePublished\":\"2024-11-14T16:07:37+00:00\",\"dateModified\":\"2024-12-03T16:09:52+00:00\",\"mainEntityOfPage\":{\"@id\":\"https:\\\/\\\/expressometro.mx\\\/index.php\\\/2024\\\/11\\\/14\\\/reconoce-uaemex-a-martha-craven-nussbaum-con-doctorado-honoris-causa\\\/\"},\"wordCount\":634,\"commentCount\":0,\"publisher\":{\"@id\":\"https:\\\/\\\/expressometro.mx\\\/#organization\"},\"image\":{\"@id\":\"https:\\\/\\\/expressometro.mx\\\/index.php\\\/2024\\\/11\\\/14\\\/reconoce-uaemex-a-martha-craven-nussbaum-con-doctorado-honoris-causa\\\/#primaryimage\"},\"thumbnailUrl\":\"https:\\\/\\\/expressometro.mx\\\/wp-content\\\/uploads\\\/2024\\\/12\\\/WhatsApp-Image-2024-12-03-at-10.07.58-AM.jpeg\",\"keywords\":[\"Carlos Eduardo Barrera D\u00edaz\",\"Edomex\",\"GEM\",\"UAEMex\"],\"articleSection\":[\"Educaci\u00f3n\",\"Gobierno\",\"Otros\",\"Pol\u00edtica\"],\"inLanguage\":\"es\",\"potentialAction\":[{\"@type\":\"CommentAction\",\"name\":\"Comment\",\"target\":[\"https:\\\/\\\/expressometro.mx\\\/index.php\\\/2024\\\/11\\\/14\\\/reconoce-uaemex-a-martha-craven-nussbaum-con-doctorado-honoris-causa\\\/#respond\"]}]},{\"@type\":\"WebPage\",\"@id\":\"https:\\\/\\\/expressometro.mx\\\/index.php\\\/2024\\\/11\\\/14\\\/reconoce-uaemex-a-martha-craven-nussbaum-con-doctorado-honoris-causa\\\/\",\"url\":\"https:\\\/\\\/expressometro.mx\\\/index.php\\\/2024\\\/11\\\/14\\\/reconoce-uaemex-a-martha-craven-nussbaum-con-doctorado-honoris-causa\\\/\",\"name\":\"RECONOCE UAEM\u00c9X A MARTHA CRAVEN NUSSBAUM CON DOCTORADO HONORIS CAUSA - Expresso Metropolitano\",\"isPartOf\":{\"@id\":\"https:\\\/\\\/expressometro.mx\\\/#website\"},\"primaryImageOfPage\":{\"@id\":\"https:\\\/\\\/expressometro.mx\\\/index.php\\\/2024\\\/11\\\/14\\\/reconoce-uaemex-a-martha-craven-nussbaum-con-doctorado-honoris-causa\\\/#primaryimage\"},\"image\":{\"@id\":\"https:\\\/\\\/expressometro.mx\\\/index.php\\\/2024\\\/11\\\/14\\\/reconoce-uaemex-a-martha-craven-nussbaum-con-doctorado-honoris-causa\\\/#primaryimage\"},\"thumbnailUrl\":\"https:\\\/\\\/expressometro.mx\\\/wp-content\\\/uploads\\\/2024\\\/12\\\/WhatsApp-Image-2024-12-03-at-10.07.58-AM.jpeg\",\"datePublished\":\"2024-11-14T16:07:37+00:00\",\"dateModified\":\"2024-12-03T16:09:52+00:00\",\"breadcrumb\":{\"@id\":\"https:\\\/\\\/expressometro.mx\\\/index.php\\\/2024\\\/11\\\/14\\\/reconoce-uaemex-a-martha-craven-nussbaum-con-doctorado-honoris-causa\\\/#breadcrumb\"},\"inLanguage\":\"es\",\"potentialAction\":[{\"@type\":\"ReadAction\",\"target\":[\"https:\\\/\\\/expressometro.mx\\\/index.php\\\/2024\\\/11\\\/14\\\/reconoce-uaemex-a-martha-craven-nussbaum-con-doctorado-honoris-causa\\\/\"]}]},{\"@type\":\"ImageObject\",\"inLanguage\":\"es\",\"@id\":\"https:\\\/\\\/expressometro.mx\\\/index.php\\\/2024\\\/11\\\/14\\\/reconoce-uaemex-a-martha-craven-nussbaum-con-doctorado-honoris-causa\\\/#primaryimage\",\"url\":\"https:\\\/\\\/expressometro.mx\\\/wp-content\\\/uploads\\\/2024\\\/12\\\/WhatsApp-Image-2024-12-03-at-10.07.58-AM.jpeg\",\"contentUrl\":\"https:\\\/\\\/expressometro.mx\\\/wp-content\\\/uploads\\\/2024\\\/12\\\/WhatsApp-Image-2024-12-03-at-10.07.58-AM.jpeg\",\"width\":800,\"height\":533},{\"@type\":\"BreadcrumbList\",\"@id\":\"https:\\\/\\\/expressometro.mx\\\/index.php\\\/2024\\\/11\\\/14\\\/reconoce-uaemex-a-martha-craven-nussbaum-con-doctorado-honoris-causa\\\/#breadcrumb\",\"itemListElement\":[{\"@type\":\"ListItem\",\"position\":1,\"name\":\"Inicio\",\"item\":\"https:\\\/\\\/expressometro.mx\\\/\"},{\"@type\":\"ListItem\",\"position\":2,\"name\":\"RECONOCE UAEM\u00c9X A MARTHA CRAVEN NUSSBAUM CON DOCTORADO HONORIS CAUSA\"}]},{\"@type\":\"WebSite\",\"@id\":\"https:\\\/\\\/expressometro.mx\\\/#website\",\"url\":\"https:\\\/\\\/expressometro.mx\\\/\",\"name\":\"Expresso Metropolitano\",\"description\":\"Periodismo comprometido, informaci\u00f3n, investigaci\u00f3n y an\u00e1lisis\",\"publisher\":{\"@id\":\"https:\\\/\\\/expressometro.mx\\\/#organization\"},\"potentialAction\":[{\"@type\":\"SearchAction\",\"target\":{\"@type\":\"EntryPoint\",\"urlTemplate\":\"https:\\\/\\\/expressometro.mx\\\/?s={search_term_string}\"},\"query-input\":{\"@type\":\"PropertyValueSpecification\",\"valueRequired\":true,\"valueName\":\"search_term_string\"}}],\"inLanguage\":\"es\"},{\"@type\":\"Organization\",\"@id\":\"https:\\\/\\\/expressometro.mx\\\/#organization\",\"name\":\"Expresso Metropolitano\",\"url\":\"https:\\\/\\\/expressometro.mx\\\/\",\"logo\":{\"@type\":\"ImageObject\",\"inLanguage\":\"es\",\"@id\":\"https:\\\/\\\/expressometro.mx\\\/#\\\/schema\\\/logo\\\/image\\\/\",\"url\":\"https:\\\/\\\/expressometro.mx\\\/wp-content\\\/uploads\\\/2019\\\/07\\\/cropped-Logo-Expresso-Metropolitano-1-1.jpeg\",\"contentUrl\":\"https:\\\/\\\/expressometro.mx\\\/wp-content\\\/uploads\\\/2019\\\/07\\\/cropped-Logo-Expresso-Metropolitano-1-1.jpeg\",\"width\":290,\"height\":73,\"caption\":\"Expresso Metropolitano\"},\"image\":{\"@id\":\"https:\\\/\\\/expressometro.mx\\\/#\\\/schema\\\/logo\\\/image\\\/\"}},{\"@type\":\"Person\",\"@id\":\"https:\\\/\\\/expressometro.mx\\\/#\\\/schema\\\/person\\\/efa971b4a0664db8ed5c22b1b0dd2f5d\",\"name\":\"Expresso Metropolitano\",\"image\":{\"@type\":\"ImageObject\",\"inLanguage\":\"es\",\"@id\":\"https:\\\/\\\/secure.gravatar.com\\\/avatar\\\/a89f802b8de18c6952f223c88d3d106e9e3679839f4e25a02f4a6cc2ae6ba3b3?s=96&d=mm&r=g\",\"url\":\"https:\\\/\\\/secure.gravatar.com\\\/avatar\\\/a89f802b8de18c6952f223c88d3d106e9e3679839f4e25a02f4a6cc2ae6ba3b3?s=96&d=mm&r=g\",\"contentUrl\":\"https:\\\/\\\/secure.gravatar.com\\\/avatar\\\/a89f802b8de18c6952f223c88d3d106e9e3679839f4e25a02f4a6cc2ae6ba3b3?s=96&d=mm&r=g\",\"caption\":\"Expresso Metropolitano\"},\"url\":\"https:\\\/\\\/expressometro.mx\\\/index.php\\\/author\\\/diego\\\/\"}]}<\/script>\n<!-- \/ Yoast SEO plugin. -->","yoast_head_json":{"title":"RECONOCE UAEM\u00c9X A MARTHA CRAVEN NUSSBAUM CON DOCTORADO HONORIS CAUSA - Expresso Metropolitano","robots":{"index":"index","follow":"follow","max-snippet":"max-snippet:-1","max-image-preview":"max-image-preview:large","max-video-preview":"max-video-preview:-1"},"canonical":"https:\/\/expressometro.mx\/index.php\/2024\/11\/14\/reconoce-uaemex-a-martha-craven-nussbaum-con-doctorado-honoris-causa\/","og_locale":"es_MX","og_type":"article","og_title":"RECONOCE UAEM\u00c9X A MARTHA CRAVEN NUSSBAUM CON DOCTORADO HONORIS CAUSA - Expresso Metropolitano","og_description":"Por su relevante trayectoria acad\u00e9mica y sus destacados aportes a los campos de la \u00e9tica, justicia, estudio de las emociones y teor\u00eda feminista, que han derivado en diversos replanteamientos sobre la justicia social y el bienestar individual, la Universidad Aut\u00f3noma del Estado de M\u00e9xico (UAEM\u00e9x) otorg\u00f3 el Doctorado Honoris Causa a la fil\u00f3sofa estadounidense de la Universidad de Harvard, Martha Craven Nussbaum.","og_url":"https:\/\/expressometro.mx\/index.php\/2024\/11\/14\/reconoce-uaemex-a-martha-craven-nussbaum-con-doctorado-honoris-causa\/","og_site_name":"Expresso Metropolitano","article_published_time":"2024-11-14T16:07:37+00:00","article_modified_time":"2024-12-03T16:09:52+00:00","og_image":[{"width":800,"height":533,"url":"http:\/\/expressometro.mx\/wp-content\/uploads\/2024\/12\/WhatsApp-Image-2024-12-03-at-10.07.58-AM.jpeg","type":"image\/jpeg"}],"author":"Expresso Metropolitano","twitter_misc":{"Escrito por":"Expresso Metropolitano","Tiempo de lectura":"4 minutos"},"schema":{"@context":"https:\/\/schema.org","@graph":[{"@type":"Article","@id":"https:\/\/expressometro.mx\/index.php\/2024\/11\/14\/reconoce-uaemex-a-martha-craven-nussbaum-con-doctorado-honoris-causa\/#article","isPartOf":{"@id":"https:\/\/expressometro.mx\/index.php\/2024\/11\/14\/reconoce-uaemex-a-martha-craven-nussbaum-con-doctorado-honoris-causa\/"},"author":{"name":"Expresso Metropolitano","@id":"https:\/\/expressometro.mx\/#\/schema\/person\/efa971b4a0664db8ed5c22b1b0dd2f5d"},"headline":"RECONOCE UAEM\u00c9X A MARTHA CRAVEN NUSSBAUM CON DOCTORADO HONORIS CAUSA","datePublished":"2024-11-14T16:07:37+00:00","dateModified":"2024-12-03T16:09:52+00:00","mainEntityOfPage":{"@id":"https:\/\/expressometro.mx\/index.php\/2024\/11\/14\/reconoce-uaemex-a-martha-craven-nussbaum-con-doctorado-honoris-causa\/"},"wordCount":634,"commentCount":0,"publisher":{"@id":"https:\/\/expressometro.mx\/#organization"},"image":{"@id":"https:\/\/expressometro.mx\/index.php\/2024\/11\/14\/reconoce-uaemex-a-martha-craven-nussbaum-con-doctorado-honoris-causa\/#primaryimage"},"thumbnailUrl":"https:\/\/expressometro.mx\/wp-content\/uploads\/2024\/12\/WhatsApp-Image-2024-12-03-at-10.07.58-AM.jpeg","keywords":["Carlos Eduardo Barrera D\u00edaz","Edomex","GEM","UAEMex"],"articleSection":["Educaci\u00f3n","Gobierno","Otros","Pol\u00edtica"],"inLanguage":"es","potentialAction":[{"@type":"CommentAction","name":"Comment","target":["https:\/\/expressometro.mx\/index.php\/2024\/11\/14\/reconoce-uaemex-a-martha-craven-nussbaum-con-doctorado-honoris-causa\/#respond"]}]},{"@type":"WebPage","@id":"https:\/\/expressometro.mx\/index.php\/2024\/11\/14\/reconoce-uaemex-a-martha-craven-nussbaum-con-doctorado-honoris-causa\/","url":"https:\/\/expressometro.mx\/index.php\/2024\/11\/14\/reconoce-uaemex-a-martha-craven-nussbaum-con-doctorado-honoris-causa\/","name":"RECONOCE UAEM\u00c9X A MARTHA CRAVEN NUSSBAUM CON DOCTORADO HONORIS CAUSA - Expresso Metropolitano","isPartOf":{"@id":"https:\/\/expressometro.mx\/#website"},"primaryImageOfPage":{"@id":"https:\/\/expressometro.mx\/index.php\/2024\/11\/14\/reconoce-uaemex-a-martha-craven-nussbaum-con-doctorado-honoris-causa\/#primaryimage"},"image":{"@id":"https:\/\/expressometro.mx\/index.php\/2024\/11\/14\/reconoce-uaemex-a-martha-craven-nussbaum-con-doctorado-honoris-causa\/#primaryimage"},"thumbnailUrl":"https:\/\/expressometro.mx\/wp-content\/uploads\/2024\/12\/WhatsApp-Image-2024-12-03-at-10.07.58-AM.jpeg","datePublished":"2024-11-14T16:07:37+00:00","dateModified":"2024-12-03T16:09:52+00:00","breadcrumb":{"@id":"https:\/\/expressometro.mx\/index.php\/2024\/11\/14\/reconoce-uaemex-a-martha-craven-nussbaum-con-doctorado-honoris-causa\/#breadcrumb"},"inLanguage":"es","potentialAction":[{"@type":"ReadAction","target":["https:\/\/expressometro.mx\/index.php\/2024\/11\/14\/reconoce-uaemex-a-martha-craven-nussbaum-con-doctorado-honoris-causa\/"]}]},{"@type":"ImageObject","inLanguage":"es","@id":"https:\/\/expressometro.mx\/index.php\/2024\/11\/14\/reconoce-uaemex-a-martha-craven-nussbaum-con-doctorado-honoris-causa\/#primaryimage","url":"https:\/\/expressometro.mx\/wp-content\/uploads\/2024\/12\/WhatsApp-Image-2024-12-03-at-10.07.58-AM.jpeg","contentUrl":"https:\/\/expressometro.mx\/wp-content\/uploads\/2024\/12\/WhatsApp-Image-2024-12-03-at-10.07.58-AM.jpeg","width":800,"height":533},{"@type":"BreadcrumbList","@id":"https:\/\/expressometro.mx\/index.php\/2024\/11\/14\/reconoce-uaemex-a-martha-craven-nussbaum-con-doctorado-honoris-causa\/#breadcrumb","itemListElement":[{"@type":"ListItem","position":1,"name":"Inicio","item":"https:\/\/expressometro.mx\/"},{"@type":"ListItem","position":2,"name":"RECONOCE UAEM\u00c9X A MARTHA CRAVEN NUSSBAUM CON DOCTORADO HONORIS CAUSA"}]},{"@type":"WebSite","@id":"https:\/\/expressometro.mx\/#website","url":"https:\/\/expressometro.mx\/","name":"Expresso Metropolitano","description":"Periodismo comprometido, informaci\u00f3n, investigaci\u00f3n y an\u00e1lisis","publisher":{"@id":"https:\/\/expressometro.mx\/#organization"},"potentialAction":[{"@type":"SearchAction","target":{"@type":"EntryPoint","urlTemplate":"https:\/\/expressometro.mx\/?s={search_term_string}"},"query-input":{"@type":"PropertyValueSpecification","valueRequired":true,"valueName":"search_term_string"}}],"inLanguage":"es"},{"@type":"Organization","@id":"https:\/\/expressometro.mx\/#organization","name":"Expresso Metropolitano","url":"https:\/\/expressometro.mx\/","logo":{"@type":"ImageObject","inLanguage":"es","@id":"https:\/\/expressometro.mx\/#\/schema\/logo\/image\/","url":"https:\/\/expressometro.mx\/wp-content\/uploads\/2019\/07\/cropped-Logo-Expresso-Metropolitano-1-1.jpeg","contentUrl":"https:\/\/expressometro.mx\/wp-content\/uploads\/2019\/07\/cropped-Logo-Expresso-Metropolitano-1-1.jpeg","width":290,"height":73,"caption":"Expresso Metropolitano"},"image":{"@id":"https:\/\/expressometro.mx\/#\/schema\/logo\/image\/"}},{"@type":"Person","@id":"https:\/\/expressometro.mx\/#\/schema\/person\/efa971b4a0664db8ed5c22b1b0dd2f5d","name":"Expresso Metropolitano","image":{"@type":"ImageObject","inLanguage":"es","@id":"https:\/\/secure.gravatar.com\/avatar\/a89f802b8de18c6952f223c88d3d106e9e3679839f4e25a02f4a6cc2ae6ba3b3?s=96&d=mm&r=g","url":"https:\/\/secure.gravatar.com\/avatar\/a89f802b8de18c6952f223c88d3d106e9e3679839f4e25a02f4a6cc2ae6ba3b3?s=96&d=mm&r=g","contentUrl":"https:\/\/secure.gravatar.com\/avatar\/a89f802b8de18c6952f223c88d3d106e9e3679839f4e25a02f4a6cc2ae6ba3b3?s=96&d=mm&r=g","caption":"Expresso Metropolitano"},"url":"https:\/\/expressometro.mx\/index.php\/author\/diego\/"}]}},"amp_enabled":true,"_links":{"self":[{"href":"https:\/\/expressometro.mx\/index.php\/wp-json\/wp\/v2\/posts\/10540","targetHints":{"allow":["GET"]}}],"collection":[{"href":"https:\/\/expressometro.mx\/index.php\/wp-json\/wp\/v2\/posts"}],"about":[{"href":"https:\/\/expressometro.mx\/index.php\/wp-json\/wp\/v2\/types\/post"}],"author":[{"embeddable":true,"href":"https:\/\/expressometro.mx\/index.php\/wp-json\/wp\/v2\/users\/1"}],"replies":[{"embeddable":true,"href":"https:\/\/expressometro.mx\/index.php\/wp-json\/wp\/v2\/comments?post=10540"}],"version-history":[{"count":1,"href":"https:\/\/expressometro.mx\/index.php\/wp-json\/wp\/v2\/posts\/10540\/revisions"}],"predecessor-version":[{"id":10544,"href":"https:\/\/expressometro.mx\/index.php\/wp-json\/wp\/v2\/posts\/10540\/revisions\/10544"}],"wp:featuredmedia":[{"embeddable":true,"href":"https:\/\/expressometro.mx\/index.php\/wp-json\/wp\/v2\/media\/10541"}],"wp:attachment":[{"href":"https:\/\/expressometro.mx\/index.php\/wp-json\/wp\/v2\/media?parent=10540"}],"wp:term":[{"taxonomy":"category","embeddable":true,"href":"https:\/\/expressometro.mx\/index.php\/wp-json\/wp\/v2\/categories?post=10540"},{"taxonomy":"post_tag","embeddable":true,"href":"https:\/\/expressometro.mx\/index.php\/wp-json\/wp\/v2\/tags?post=10540"}],"curies":[{"name":"wp","href":"https:\/\/api.w.org\/{rel}","templated":true}]}}