{"id":10534,"date":"2024-11-11T10:03:02","date_gmt":"2024-11-11T16:03:02","guid":{"rendered":"https:\/\/expressometro.mx\/?p=10534"},"modified":"2024-12-03T10:05:00","modified_gmt":"2024-12-03T16:05:00","slug":"presenta-uaemex-avances-de-jornadas-de-conciliacion-laboral","status":"publish","type":"post","link":"https:\/\/expressometro.mx\/index.php\/2024\/11\/11\/presenta-uaemex-avances-de-jornadas-de-conciliacion-laboral\/","title":{"rendered":"PRESENTA UAEM\u00c9X AVANCES DE JORNADAS DE CONCILIACI\u00d3N LABORAL"},"content":{"rendered":"\n<p>* En tres meses, la UAEM\u00e9x resolvi\u00f3 casi el 70 por ciento de los laudos, lo que representa un avance significativo en justicia laboral en beneficio de trabajadores universitarios.<\/p>\n\n\n\n<p>Con la finalidad de buscar alternativas de soluci\u00f3n en juicios relacionados con las problem\u00e1ticas laborales, la Universidad Aut\u00f3noma del Estado de M\u00e9xico (UAEM\u00e9x) present\u00f3 los resultados de las Jornadas de Conciliaci\u00f3n Laboral Permanente establecidas con la Secretar\u00eda del Trabajo del gobierno estatal, en el Torre\u00f3n de la Identidad Universitaria del Edificio de Rector\u00eda.<\/p>\n\n\n\n<p>Acompa\u00f1ado del secretario del Trabajo, Norberto Morales Poblete, el rector de la UAEM\u00e9x, Carlos Eduardo Barrera D\u00edaz, coment\u00f3 que derivado del convenio signado por ambas instituciones en agosto del presente a\u00f1o, la M\u00e1xima Casa de Estudios mexiquense llev\u00f3 a cabo dichas jornadas, cubriendo en tan s\u00f3lo tres meses casi el 70 por ciento del monto de los laudos pendientes, garantizando el cumplimiento de los derechos laborales de su comunidad.<\/p>\n\n\n\n<p>En este sentido, Barrera D\u00edaz indic\u00f3 que la UAEM\u00e9x ha realizado grandes esfuerzos por contar con finanzas sanas, pues entre otros logros financieros se encuentra el pago de la deuda hist\u00f3rica de 420 millones de pesos con el Instituto de Seguridad Social del Estado de M\u00e9xico y Municipios (ISSEMyM), la cual se sald\u00f3 en un periodo de tres a\u00f1os.<\/p>\n\n\n\n<figure class=\"wp-block-image size-large\"><img loading=\"lazy\" decoding=\"async\" width=\"720\" height=\"480\" src=\"https:\/\/expressometro.mx\/wp-content\/uploads\/2024\/12\/WhatsApp-Image-2024-12-03-at-10.03.36-AM-720x480.jpeg\" alt=\"\" class=\"wp-image-10537\" srcset=\"https:\/\/expressometro.mx\/wp-content\/uploads\/2024\/12\/WhatsApp-Image-2024-12-03-at-10.03.36-AM-720x480.jpeg 720w, https:\/\/expressometro.mx\/wp-content\/uploads\/2024\/12\/WhatsApp-Image-2024-12-03-at-10.03.36-AM-548x365.jpeg 548w, https:\/\/expressometro.mx\/wp-content\/uploads\/2024\/12\/WhatsApp-Image-2024-12-03-at-10.03.36-AM-768x512.jpeg 768w, https:\/\/expressometro.mx\/wp-content\/uploads\/2024\/12\/WhatsApp-Image-2024-12-03-at-10.03.36-AM.jpeg 800w\" sizes=\"auto, (max-width: 720px) 100vw, 720px\" \/><\/figure>\n\n\n\n<p>Asimismo, destac\u00f3 que la Aut\u00f3noma mexiquense ha cumplido al 100 por ciento con el pago de sus contribuciones y obligaciones fiscales con instituciones como el gobierno estatal, el Servicio de Administraci\u00f3n Tributaria (SAT) y el ISSEMyM, adem\u00e1s, ha pagado m\u00e1s de 524 millones de pesos por concepto de finiquitos, jubilaciones y otros tr\u00e1mites, garantizando que su comunidad universitaria se beneficie al contar con finanzas controladas y restauradas.<\/p>\n\n\n\n<p>En su intervenci\u00f3n, Morales Poblete asever\u00f3 que para el gobierno estatal es elemental establecer acuerdos que permitan fortalecer la justicia laboral, por lo que los esfuerzos y acciones realizadas por la UAEM\u00e9x no s\u00f3lo forman parte de la responsabilidad que tiene su comunidad, sino que son un acto de congruencia con sus valores.<\/p>\n\n\n\n<p>Frente al encargado de la Presidencia de la Junta Local de Conciliaci\u00f3n y Arbitraje del Valle de Toluca, Abraham Hern\u00e1ndez Enr\u00edquez, Morales Poblete felicit\u00f3 a la Administraci\u00f3n Universitaria 2021-2025 por el trabajo colaborativo que ha permitido reconocer la importancia de la conciliaci\u00f3n como un m\u00e9todo efectivo para lograr la justicia en los espacios de trabajo, por lo que al final de dicha administraci\u00f3n, se espera cumplir con el 80 por ciento de los montos brindados.<\/p>\n\n\n\n<p>En presencia de la secretaria de Administraci\u00f3n de la UAEM\u00e9x, Er\u00e9ndira Fierro Moreno, la abogada General, Luz Mar\u00eda Consuelo Jaimes Legorreta, detall\u00f3 que, para dar soluci\u00f3n a juicios radicados en la Junta Local de Conciliaci\u00f3n y Arbitraje del Valle de Toluca, al corte de noviembre se atendieron 34 jornadas, de las cuales, 13 fueron asuntos conciliados, 12 se encuentran en amparo y en nueve no se cont\u00f3 con la asistencia de la parte actora.<\/p>\n\n\n\n<p>Por su parte, el procurador de la Defensa del Trabajo del gobierno estatal, Efr\u00e9n S\u00e1nchez L\u00f3pez, puntualiz\u00f3 que la colaboraci\u00f3n y el di\u00e1logo sientan las bases del respeto a la dignidad de las y los trabajadores, es por ello, dijo, que a trav\u00e9s de estas jornadas la UAEM\u00e9x se convierte una instituci\u00f3n ejemplar para otras organizaciones que buscan contribuir a una paz social y a la construcci\u00f3n de un estado de derecho en beneficio de la poblaci\u00f3n mexiquense.<\/p>\n","protected":false},"excerpt":{"rendered":"<p> En tres meses, la UAEM\u00e9x resolvi\u00f3 casi el 70 por ciento de los laudos, lo que representa un avance significativo en justicia laboral en beneficio de trabajadores universitarios.<\/p>\n","protected":false},"author":1,"featured_media":10535,"comment_status":"open","ping_status":"open","sticky":false,"template":"","format":"standard","meta":{"footnotes":""},"categories":[108,3,1,231],"tags":[313,1982,86,82],"class_list":["post-10534","post","type-post","status-publish","format-standard","has-post-thumbnail","hentry","category-educacion","category-gobierno","category-otros","category-politica","tag-carlos-eduardo-barrera-diaz","tag-edomex","tag-gem","tag-uaemex"],"yoast_head":"<!-- This site is optimized with the Yoast SEO plugin v27.5 - https:\/\/yoast.com\/product\/yoast-seo-wordpress\/ -->\n<title>PRESENTA UAEM\u00c9X AVANCES DE JORNADAS DE CONCILIACI\u00d3N LABORAL - Expresso Metropolitano<\/title>\n<meta name=\"robots\" content=\"index, follow, max-snippet:-1, max-image-preview:large, max-video-preview:-1\" \/>\n<link rel=\"canonical\" href=\"https:\/\/expressometro.mx\/index.php\/2024\/11\/11\/presenta-uaemex-avances-de-jornadas-de-conciliacion-laboral\/\" \/>\n<meta property=\"og:locale\" content=\"es_MX\" \/>\n<meta property=\"og:type\" content=\"article\" \/>\n<meta property=\"og:title\" content=\"PRESENTA UAEM\u00c9X AVANCES DE JORNADAS DE CONCILIACI\u00d3N LABORAL - Expresso Metropolitano\" \/>\n<meta property=\"og:description\" content=\"En tres meses, la UAEM\u00e9x resolvi\u00f3 casi el 70 por ciento de los laudos, lo que representa un avance significativo en justicia laboral en beneficio de trabajadores universitarios.\" \/>\n<meta property=\"og:url\" content=\"https:\/\/expressometro.mx\/index.php\/2024\/11\/11\/presenta-uaemex-avances-de-jornadas-de-conciliacion-laboral\/\" \/>\n<meta property=\"og:site_name\" content=\"Expresso Metropolitano\" \/>\n<meta property=\"article:published_time\" content=\"2024-11-11T16:03:02+00:00\" \/>\n<meta property=\"article:modified_time\" content=\"2024-12-03T16:05:00+00:00\" \/>\n<meta property=\"og:image\" content=\"http:\/\/expressometro.mx\/wp-content\/uploads\/2024\/12\/WhatsApp-Image-2024-12-03-at-10.03.32-AM.jpeg\" \/>\n\t<meta property=\"og:image:width\" content=\"800\" \/>\n\t<meta property=\"og:image:height\" content=\"533\" \/>\n\t<meta property=\"og:image:type\" content=\"image\/jpeg\" \/>\n<meta name=\"author\" content=\"Expresso Metropolitano\" \/>\n<meta name=\"twitter:label1\" content=\"Escrito por\" \/>\n\t<meta name=\"twitter:data1\" content=\"Expresso Metropolitano\" \/>\n\t<meta name=\"twitter:label2\" content=\"Tiempo de lectura\" \/>\n\t<meta name=\"twitter:data2\" content=\"3 minutos\" \/>\n<script type=\"application\/ld+json\" class=\"yoast-schema-graph\">{\"@context\":\"https:\\\/\\\/schema.org\",\"@graph\":[{\"@type\":\"Article\",\"@id\":\"https:\\\/\\\/expressometro.mx\\\/index.php\\\/2024\\\/11\\\/11\\\/presenta-uaemex-avances-de-jornadas-de-conciliacion-laboral\\\/#article\",\"isPartOf\":{\"@id\":\"https:\\\/\\\/expressometro.mx\\\/index.php\\\/2024\\\/11\\\/11\\\/presenta-uaemex-avances-de-jornadas-de-conciliacion-laboral\\\/\"},\"author\":{\"name\":\"Expresso Metropolitano\",\"@id\":\"https:\\\/\\\/expressometro.mx\\\/#\\\/schema\\\/person\\\/efa971b4a0664db8ed5c22b1b0dd2f5d\"},\"headline\":\"PRESENTA UAEM\u00c9X AVANCES DE JORNADAS DE CONCILIACI\u00d3N LABORAL\",\"datePublished\":\"2024-11-11T16:03:02+00:00\",\"dateModified\":\"2024-12-03T16:05:00+00:00\",\"mainEntityOfPage\":{\"@id\":\"https:\\\/\\\/expressometro.mx\\\/index.php\\\/2024\\\/11\\\/11\\\/presenta-uaemex-avances-de-jornadas-de-conciliacion-laboral\\\/\"},\"wordCount\":609,\"commentCount\":0,\"publisher\":{\"@id\":\"https:\\\/\\\/expressometro.mx\\\/#organization\"},\"image\":{\"@id\":\"https:\\\/\\\/expressometro.mx\\\/index.php\\\/2024\\\/11\\\/11\\\/presenta-uaemex-avances-de-jornadas-de-conciliacion-laboral\\\/#primaryimage\"},\"thumbnailUrl\":\"https:\\\/\\\/expressometro.mx\\\/wp-content\\\/uploads\\\/2024\\\/12\\\/WhatsApp-Image-2024-12-03-at-10.03.32-AM.jpeg\",\"keywords\":[\"Carlos Eduardo Barrera D\u00edaz\",\"Edomex\",\"GEM\",\"UAEMex\"],\"articleSection\":[\"Educaci\u00f3n\",\"Gobierno\",\"Otros\",\"Pol\u00edtica\"],\"inLanguage\":\"es\",\"potentialAction\":[{\"@type\":\"CommentAction\",\"name\":\"Comment\",\"target\":[\"https:\\\/\\\/expressometro.mx\\\/index.php\\\/2024\\\/11\\\/11\\\/presenta-uaemex-avances-de-jornadas-de-conciliacion-laboral\\\/#respond\"]}]},{\"@type\":\"WebPage\",\"@id\":\"https:\\\/\\\/expressometro.mx\\\/index.php\\\/2024\\\/11\\\/11\\\/presenta-uaemex-avances-de-jornadas-de-conciliacion-laboral\\\/\",\"url\":\"https:\\\/\\\/expressometro.mx\\\/index.php\\\/2024\\\/11\\\/11\\\/presenta-uaemex-avances-de-jornadas-de-conciliacion-laboral\\\/\",\"name\":\"PRESENTA UAEM\u00c9X AVANCES DE JORNADAS DE CONCILIACI\u00d3N LABORAL - Expresso Metropolitano\",\"isPartOf\":{\"@id\":\"https:\\\/\\\/expressometro.mx\\\/#website\"},\"primaryImageOfPage\":{\"@id\":\"https:\\\/\\\/expressometro.mx\\\/index.php\\\/2024\\\/11\\\/11\\\/presenta-uaemex-avances-de-jornadas-de-conciliacion-laboral\\\/#primaryimage\"},\"image\":{\"@id\":\"https:\\\/\\\/expressometro.mx\\\/index.php\\\/2024\\\/11\\\/11\\\/presenta-uaemex-avances-de-jornadas-de-conciliacion-laboral\\\/#primaryimage\"},\"thumbnailUrl\":\"https:\\\/\\\/expressometro.mx\\\/wp-content\\\/uploads\\\/2024\\\/12\\\/WhatsApp-Image-2024-12-03-at-10.03.32-AM.jpeg\",\"datePublished\":\"2024-11-11T16:03:02+00:00\",\"dateModified\":\"2024-12-03T16:05:00+00:00\",\"breadcrumb\":{\"@id\":\"https:\\\/\\\/expressometro.mx\\\/index.php\\\/2024\\\/11\\\/11\\\/presenta-uaemex-avances-de-jornadas-de-conciliacion-laboral\\\/#breadcrumb\"},\"inLanguage\":\"es\",\"potentialAction\":[{\"@type\":\"ReadAction\",\"target\":[\"https:\\\/\\\/expressometro.mx\\\/index.php\\\/2024\\\/11\\\/11\\\/presenta-uaemex-avances-de-jornadas-de-conciliacion-laboral\\\/\"]}]},{\"@type\":\"ImageObject\",\"inLanguage\":\"es\",\"@id\":\"https:\\\/\\\/expressometro.mx\\\/index.php\\\/2024\\\/11\\\/11\\\/presenta-uaemex-avances-de-jornadas-de-conciliacion-laboral\\\/#primaryimage\",\"url\":\"https:\\\/\\\/expressometro.mx\\\/wp-content\\\/uploads\\\/2024\\\/12\\\/WhatsApp-Image-2024-12-03-at-10.03.32-AM.jpeg\",\"contentUrl\":\"https:\\\/\\\/expressometro.mx\\\/wp-content\\\/uploads\\\/2024\\\/12\\\/WhatsApp-Image-2024-12-03-at-10.03.32-AM.jpeg\",\"width\":800,\"height\":533},{\"@type\":\"BreadcrumbList\",\"@id\":\"https:\\\/\\\/expressometro.mx\\\/index.php\\\/2024\\\/11\\\/11\\\/presenta-uaemex-avances-de-jornadas-de-conciliacion-laboral\\\/#breadcrumb\",\"itemListElement\":[{\"@type\":\"ListItem\",\"position\":1,\"name\":\"Inicio\",\"item\":\"https:\\\/\\\/expressometro.mx\\\/\"},{\"@type\":\"ListItem\",\"position\":2,\"name\":\"PRESENTA UAEM\u00c9X AVANCES DE JORNADAS DE CONCILIACI\u00d3N LABORAL\"}]},{\"@type\":\"WebSite\",\"@id\":\"https:\\\/\\\/expressometro.mx\\\/#website\",\"url\":\"https:\\\/\\\/expressometro.mx\\\/\",\"name\":\"Expresso Metropolitano\",\"description\":\"Periodismo comprometido, informaci\u00f3n, investigaci\u00f3n y an\u00e1lisis\",\"publisher\":{\"@id\":\"https:\\\/\\\/expressometro.mx\\\/#organization\"},\"potentialAction\":[{\"@type\":\"SearchAction\",\"target\":{\"@type\":\"EntryPoint\",\"urlTemplate\":\"https:\\\/\\\/expressometro.mx\\\/?s={search_term_string}\"},\"query-input\":{\"@type\":\"PropertyValueSpecification\",\"valueRequired\":true,\"valueName\":\"search_term_string\"}}],\"inLanguage\":\"es\"},{\"@type\":\"Organization\",\"@id\":\"https:\\\/\\\/expressometro.mx\\\/#organization\",\"name\":\"Expresso Metropolitano\",\"url\":\"https:\\\/\\\/expressometro.mx\\\/\",\"logo\":{\"@type\":\"ImageObject\",\"inLanguage\":\"es\",\"@id\":\"https:\\\/\\\/expressometro.mx\\\/#\\\/schema\\\/logo\\\/image\\\/\",\"url\":\"https:\\\/\\\/expressometro.mx\\\/wp-content\\\/uploads\\\/2019\\\/07\\\/cropped-Logo-Expresso-Metropolitano-1-1.jpeg\",\"contentUrl\":\"https:\\\/\\\/expressometro.mx\\\/wp-content\\\/uploads\\\/2019\\\/07\\\/cropped-Logo-Expresso-Metropolitano-1-1.jpeg\",\"width\":290,\"height\":73,\"caption\":\"Expresso Metropolitano\"},\"image\":{\"@id\":\"https:\\\/\\\/expressometro.mx\\\/#\\\/schema\\\/logo\\\/image\\\/\"}},{\"@type\":\"Person\",\"@id\":\"https:\\\/\\\/expressometro.mx\\\/#\\\/schema\\\/person\\\/efa971b4a0664db8ed5c22b1b0dd2f5d\",\"name\":\"Expresso Metropolitano\",\"image\":{\"@type\":\"ImageObject\",\"inLanguage\":\"es\",\"@id\":\"https:\\\/\\\/secure.gravatar.com\\\/avatar\\\/a89f802b8de18c6952f223c88d3d106e9e3679839f4e25a02f4a6cc2ae6ba3b3?s=96&d=mm&r=g\",\"url\":\"https:\\\/\\\/secure.gravatar.com\\\/avatar\\\/a89f802b8de18c6952f223c88d3d106e9e3679839f4e25a02f4a6cc2ae6ba3b3?s=96&d=mm&r=g\",\"contentUrl\":\"https:\\\/\\\/secure.gravatar.com\\\/avatar\\\/a89f802b8de18c6952f223c88d3d106e9e3679839f4e25a02f4a6cc2ae6ba3b3?s=96&d=mm&r=g\",\"caption\":\"Expresso Metropolitano\"},\"url\":\"https:\\\/\\\/expressometro.mx\\\/index.php\\\/author\\\/diego\\\/\"}]}<\/script>\n<!-- \/ Yoast SEO plugin. -->","yoast_head_json":{"title":"PRESENTA UAEM\u00c9X AVANCES DE JORNADAS DE CONCILIACI\u00d3N LABORAL - Expresso Metropolitano","robots":{"index":"index","follow":"follow","max-snippet":"max-snippet:-1","max-image-preview":"max-image-preview:large","max-video-preview":"max-video-preview:-1"},"canonical":"https:\/\/expressometro.mx\/index.php\/2024\/11\/11\/presenta-uaemex-avances-de-jornadas-de-conciliacion-laboral\/","og_locale":"es_MX","og_type":"article","og_title":"PRESENTA UAEM\u00c9X AVANCES DE JORNADAS DE CONCILIACI\u00d3N LABORAL - Expresso Metropolitano","og_description":"En tres meses, la UAEM\u00e9x resolvi\u00f3 casi el 70 por ciento de los laudos, lo que representa un avance significativo en justicia laboral en beneficio de trabajadores universitarios.","og_url":"https:\/\/expressometro.mx\/index.php\/2024\/11\/11\/presenta-uaemex-avances-de-jornadas-de-conciliacion-laboral\/","og_site_name":"Expresso Metropolitano","article_published_time":"2024-11-11T16:03:02+00:00","article_modified_time":"2024-12-03T16:05:00+00:00","og_image":[{"width":800,"height":533,"url":"http:\/\/expressometro.mx\/wp-content\/uploads\/2024\/12\/WhatsApp-Image-2024-12-03-at-10.03.32-AM.jpeg","type":"image\/jpeg"}],"author":"Expresso Metropolitano","twitter_misc":{"Escrito por":"Expresso Metropolitano","Tiempo de lectura":"3 minutos"},"schema":{"@context":"https:\/\/schema.org","@graph":[{"@type":"Article","@id":"https:\/\/expressometro.mx\/index.php\/2024\/11\/11\/presenta-uaemex-avances-de-jornadas-de-conciliacion-laboral\/#article","isPartOf":{"@id":"https:\/\/expressometro.mx\/index.php\/2024\/11\/11\/presenta-uaemex-avances-de-jornadas-de-conciliacion-laboral\/"},"author":{"name":"Expresso Metropolitano","@id":"https:\/\/expressometro.mx\/#\/schema\/person\/efa971b4a0664db8ed5c22b1b0dd2f5d"},"headline":"PRESENTA UAEM\u00c9X AVANCES DE JORNADAS DE CONCILIACI\u00d3N LABORAL","datePublished":"2024-11-11T16:03:02+00:00","dateModified":"2024-12-03T16:05:00+00:00","mainEntityOfPage":{"@id":"https:\/\/expressometro.mx\/index.php\/2024\/11\/11\/presenta-uaemex-avances-de-jornadas-de-conciliacion-laboral\/"},"wordCount":609,"commentCount":0,"publisher":{"@id":"https:\/\/expressometro.mx\/#organization"},"image":{"@id":"https:\/\/expressometro.mx\/index.php\/2024\/11\/11\/presenta-uaemex-avances-de-jornadas-de-conciliacion-laboral\/#primaryimage"},"thumbnailUrl":"https:\/\/expressometro.mx\/wp-content\/uploads\/2024\/12\/WhatsApp-Image-2024-12-03-at-10.03.32-AM.jpeg","keywords":["Carlos Eduardo Barrera D\u00edaz","Edomex","GEM","UAEMex"],"articleSection":["Educaci\u00f3n","Gobierno","Otros","Pol\u00edtica"],"inLanguage":"es","potentialAction":[{"@type":"CommentAction","name":"Comment","target":["https:\/\/expressometro.mx\/index.php\/2024\/11\/11\/presenta-uaemex-avances-de-jornadas-de-conciliacion-laboral\/#respond"]}]},{"@type":"WebPage","@id":"https:\/\/expressometro.mx\/index.php\/2024\/11\/11\/presenta-uaemex-avances-de-jornadas-de-conciliacion-laboral\/","url":"https:\/\/expressometro.mx\/index.php\/2024\/11\/11\/presenta-uaemex-avances-de-jornadas-de-conciliacion-laboral\/","name":"PRESENTA UAEM\u00c9X AVANCES DE JORNADAS DE CONCILIACI\u00d3N LABORAL - Expresso Metropolitano","isPartOf":{"@id":"https:\/\/expressometro.mx\/#website"},"primaryImageOfPage":{"@id":"https:\/\/expressometro.mx\/index.php\/2024\/11\/11\/presenta-uaemex-avances-de-jornadas-de-conciliacion-laboral\/#primaryimage"},"image":{"@id":"https:\/\/expressometro.mx\/index.php\/2024\/11\/11\/presenta-uaemex-avances-de-jornadas-de-conciliacion-laboral\/#primaryimage"},"thumbnailUrl":"https:\/\/expressometro.mx\/wp-content\/uploads\/2024\/12\/WhatsApp-Image-2024-12-03-at-10.03.32-AM.jpeg","datePublished":"2024-11-11T16:03:02+00:00","dateModified":"2024-12-03T16:05:00+00:00","breadcrumb":{"@id":"https:\/\/expressometro.mx\/index.php\/2024\/11\/11\/presenta-uaemex-avances-de-jornadas-de-conciliacion-laboral\/#breadcrumb"},"inLanguage":"es","potentialAction":[{"@type":"ReadAction","target":["https:\/\/expressometro.mx\/index.php\/2024\/11\/11\/presenta-uaemex-avances-de-jornadas-de-conciliacion-laboral\/"]}]},{"@type":"ImageObject","inLanguage":"es","@id":"https:\/\/expressometro.mx\/index.php\/2024\/11\/11\/presenta-uaemex-avances-de-jornadas-de-conciliacion-laboral\/#primaryimage","url":"https:\/\/expressometro.mx\/wp-content\/uploads\/2024\/12\/WhatsApp-Image-2024-12-03-at-10.03.32-AM.jpeg","contentUrl":"https:\/\/expressometro.mx\/wp-content\/uploads\/2024\/12\/WhatsApp-Image-2024-12-03-at-10.03.32-AM.jpeg","width":800,"height":533},{"@type":"BreadcrumbList","@id":"https:\/\/expressometro.mx\/index.php\/2024\/11\/11\/presenta-uaemex-avances-de-jornadas-de-conciliacion-laboral\/#breadcrumb","itemListElement":[{"@type":"ListItem","position":1,"name":"Inicio","item":"https:\/\/expressometro.mx\/"},{"@type":"ListItem","position":2,"name":"PRESENTA UAEM\u00c9X AVANCES DE JORNADAS DE CONCILIACI\u00d3N LABORAL"}]},{"@type":"WebSite","@id":"https:\/\/expressometro.mx\/#website","url":"https:\/\/expressometro.mx\/","name":"Expresso Metropolitano","description":"Periodismo comprometido, informaci\u00f3n, investigaci\u00f3n y an\u00e1lisis","publisher":{"@id":"https:\/\/expressometro.mx\/#organization"},"potentialAction":[{"@type":"SearchAction","target":{"@type":"EntryPoint","urlTemplate":"https:\/\/expressometro.mx\/?s={search_term_string}"},"query-input":{"@type":"PropertyValueSpecification","valueRequired":true,"valueName":"search_term_string"}}],"inLanguage":"es"},{"@type":"Organization","@id":"https:\/\/expressometro.mx\/#organization","name":"Expresso Metropolitano","url":"https:\/\/expressometro.mx\/","logo":{"@type":"ImageObject","inLanguage":"es","@id":"https:\/\/expressometro.mx\/#\/schema\/logo\/image\/","url":"https:\/\/expressometro.mx\/wp-content\/uploads\/2019\/07\/cropped-Logo-Expresso-Metropolitano-1-1.jpeg","contentUrl":"https:\/\/expressometro.mx\/wp-content\/uploads\/2019\/07\/cropped-Logo-Expresso-Metropolitano-1-1.jpeg","width":290,"height":73,"caption":"Expresso Metropolitano"},"image":{"@id":"https:\/\/expressometro.mx\/#\/schema\/logo\/image\/"}},{"@type":"Person","@id":"https:\/\/expressometro.mx\/#\/schema\/person\/efa971b4a0664db8ed5c22b1b0dd2f5d","name":"Expresso Metropolitano","image":{"@type":"ImageObject","inLanguage":"es","@id":"https:\/\/secure.gravatar.com\/avatar\/a89f802b8de18c6952f223c88d3d106e9e3679839f4e25a02f4a6cc2ae6ba3b3?s=96&d=mm&r=g","url":"https:\/\/secure.gravatar.com\/avatar\/a89f802b8de18c6952f223c88d3d106e9e3679839f4e25a02f4a6cc2ae6ba3b3?s=96&d=mm&r=g","contentUrl":"https:\/\/secure.gravatar.com\/avatar\/a89f802b8de18c6952f223c88d3d106e9e3679839f4e25a02f4a6cc2ae6ba3b3?s=96&d=mm&r=g","caption":"Expresso Metropolitano"},"url":"https:\/\/expressometro.mx\/index.php\/author\/diego\/"}]}},"amp_enabled":true,"_links":{"self":[{"href":"https:\/\/expressometro.mx\/index.php\/wp-json\/wp\/v2\/posts\/10534","targetHints":{"allow":["GET"]}}],"collection":[{"href":"https:\/\/expressometro.mx\/index.php\/wp-json\/wp\/v2\/posts"}],"about":[{"href":"https:\/\/expressometro.mx\/index.php\/wp-json\/wp\/v2\/types\/post"}],"author":[{"embeddable":true,"href":"https:\/\/expressometro.mx\/index.php\/wp-json\/wp\/v2\/users\/1"}],"replies":[{"embeddable":true,"href":"https:\/\/expressometro.mx\/index.php\/wp-json\/wp\/v2\/comments?post=10534"}],"version-history":[{"count":1,"href":"https:\/\/expressometro.mx\/index.php\/wp-json\/wp\/v2\/posts\/10534\/revisions"}],"predecessor-version":[{"id":10538,"href":"https:\/\/expressometro.mx\/index.php\/wp-json\/wp\/v2\/posts\/10534\/revisions\/10538"}],"wp:featuredmedia":[{"embeddable":true,"href":"https:\/\/expressometro.mx\/index.php\/wp-json\/wp\/v2\/media\/10535"}],"wp:attachment":[{"href":"https:\/\/expressometro.mx\/index.php\/wp-json\/wp\/v2\/media?parent=10534"}],"wp:term":[{"taxonomy":"category","embeddable":true,"href":"https:\/\/expressometro.mx\/index.php\/wp-json\/wp\/v2\/categories?post=10534"},{"taxonomy":"post_tag","embeddable":true,"href":"https:\/\/expressometro.mx\/index.php\/wp-json\/wp\/v2\/tags?post=10534"}],"curies":[{"name":"wp","href":"https:\/\/api.w.org\/{rel}","templated":true}]}}