{"id":1051,"date":"2019-11-18T21:46:06","date_gmt":"2019-11-19T03:46:06","guid":{"rendered":"http:\/\/expressometro.mx\/?p=1051"},"modified":"2019-11-18T21:46:26","modified_gmt":"2019-11-19T03:46:26","slug":"fomenta-isem-deteccion-temprana-de-enfermedad-pulmonar-obstructiva-cronica","status":"publish","type":"post","link":"https:\/\/expressometro.mx\/index.php\/2019\/11\/18\/fomenta-isem-deteccion-temprana-de-enfermedad-pulmonar-obstructiva-cronica\/","title":{"rendered":"FOMENTA ISEM DETECCI\u00d3N TEMPRANA DE ENFERMEDAD PULMONAR OBSTRUCTIVA CR\u00d3NICA"},"content":{"rendered":"\n<p>Con motivo del D\u00eda Mundial de la Enfermedad Pulmonar Obstructiva Cr\u00f3nica (EPOC), el Instituto de Salud del Estado de M\u00e9xico (ISEM) fomenta la detecci\u00f3n temprana de esta enfermedad al realizar en los \u00faltimos dos a\u00f1os, m\u00e1s de 8 mil pruebas especializadas, de las cuales, 348 resultaron positivas a este padecimiento.<\/p>\n\n\n\n<p>La EPOC altera la respiraci\u00f3n y reduce el flujo de aire, produce fatiga, tos e infecciones respiratorias; no tiene cura, pero un tratamiento adecuado retrasa su progresi\u00f3n.<\/p>\n\n\n\n<p>El tabaquismo, la exposici\u00f3n a polvos o productos qu\u00edmicos, la quema de le\u00f1a y la contaminaci\u00f3n, son los principales factores de riesgo.<\/p>\n\n\n\n<p>El ISEM atiende esta enfermedad a trav\u00e9s del programa de Acci\u00f3n Espec\u00edfica para la Prevenci\u00f3n y Control de Enfermedades Respiratorias e Influenza, que conjunta una red de 26 unidades m\u00e9dicas en donde se realizan espirometr\u00edas, que son pruebas para medir el volumen y circulaci\u00f3n de aire en v\u00edas respiratorias e indicar el tratamiento adecuado.<\/p>\n\n\n\n<p>Durante este a\u00f1o se han realizado m\u00e1s de 2 mil 700 pruebas y han atendido a pacientes en seguimiento, control y nuevos casos, que suman un total de 758 tratamientos gratuitos, los cuales incluyen medicamento para mejorar el flujo de aire hacia los pulmones y evitar complicaciones.<\/p>\n\n\n\n<p>A la poblaci\u00f3n que sufre afectaciones respiratorias y EPOC se les recomienda evitar fumar o estar en contacto con personas que consumen cigarrillos, abrigarse ante cambios bruscos de temperatura y acudir de inmediato al centro de salud m\u00e1s cercano en caso de complicaciones.<\/p>\n\n\n\n<p>La dependencia refiere que las pruebas realizadas en los centros espirom\u00e9tricos del ISEM, tambi\u00e9n detectan otras enfermedades respiratorias, como el asma y facilitan la integraci\u00f3n de una base de datos para contar con un adecuado seguimiento del paciente, gracias a que forman parte de un programa de c\u00f3mputo especializado.<\/p>\n","protected":false},"excerpt":{"rendered":"<p>Con motivo del D\u00eda Mundial de la Enfermedad Pulmonar Obstructiva Cr\u00f3nica (EPOC), el Instituto de Salud del Estado de M\u00e9xico (ISEM) fomenta la detecci\u00f3n temprana de esta enfermedad al realizar en los \u00faltimos dos a\u00f1os, m\u00e1s de 8 mil pruebas especializadas, de las cuales, 348 resultaron positivas a este padecimiento. La EPOC altera la respiraci\u00f3n y reduce el flujo de aire, produce fatiga, tos e infecciones respiratorias; no tiene cura, pero un tratamiento adecuado retrasa su progresi\u00f3n. El tabaquismo, la exposici\u00f3n a polvos o productos qu\u00edmicos, la quema de le\u00f1a&hellip;<\/p>\n","protected":false},"author":1,"featured_media":1052,"comment_status":"open","ping_status":"open","sticky":false,"template":"","format":"standard","meta":{"footnotes":""},"categories":[5],"tags":[],"class_list":["post-1051","post","type-post","status-publish","format-standard","has-post-thumbnail","hentry","category-salud"],"yoast_head":"<!-- This site is optimized with the Yoast SEO plugin v27.5 - https:\/\/yoast.com\/product\/yoast-seo-wordpress\/ -->\n<title>FOMENTA ISEM DETECCI\u00d3N TEMPRANA DE ENFERMEDAD PULMONAR OBSTRUCTIVA CR\u00d3NICA - Expresso Metropolitano<\/title>\n<meta name=\"robots\" content=\"index, follow, max-snippet:-1, max-image-preview:large, max-video-preview:-1\" \/>\n<link rel=\"canonical\" href=\"https:\/\/expressometro.mx\/index.php\/2019\/11\/18\/fomenta-isem-deteccion-temprana-de-enfermedad-pulmonar-obstructiva-cronica\/\" \/>\n<meta property=\"og:locale\" content=\"es_MX\" \/>\n<meta property=\"og:type\" content=\"article\" \/>\n<meta property=\"og:title\" content=\"FOMENTA ISEM DETECCI\u00d3N TEMPRANA DE ENFERMEDAD PULMONAR OBSTRUCTIVA CR\u00d3NICA - Expresso Metropolitano\" \/>\n<meta property=\"og:description\" content=\"Con motivo del D\u00eda Mundial de la Enfermedad Pulmonar Obstructiva Cr\u00f3nica (EPOC), el Instituto de Salud del Estado de M\u00e9xico (ISEM) fomenta la detecci\u00f3n temprana de esta enfermedad al realizar en los \u00faltimos dos a\u00f1os, m\u00e1s de 8 mil pruebas especializadas, de las cuales, 348 resultaron positivas a este padecimiento. La EPOC altera la respiraci\u00f3n y reduce el flujo de aire, produce fatiga, tos e infecciones respiratorias; no tiene cura, pero un tratamiento adecuado retrasa su progresi\u00f3n. El tabaquismo, la exposici\u00f3n a polvos o productos qu\u00edmicos, la quema de le\u00f1a&hellip;\" \/>\n<meta property=\"og:url\" content=\"https:\/\/expressometro.mx\/index.php\/2019\/11\/18\/fomenta-isem-deteccion-temprana-de-enfermedad-pulmonar-obstructiva-cronica\/\" \/>\n<meta property=\"og:site_name\" content=\"Expresso Metropolitano\" \/>\n<meta property=\"article:published_time\" content=\"2019-11-19T03:46:06+00:00\" \/>\n<meta property=\"article:modified_time\" content=\"2019-11-19T03:46:26+00:00\" \/>\n<meta property=\"og:image\" content=\"https:\/\/expressometro.mx\/wp-content\/uploads\/2019\/11\/w2_10665_2.jpg\" \/>\n\t<meta property=\"og:image:width\" content=\"2000\" \/>\n\t<meta property=\"og:image:height\" content=\"1333\" \/>\n\t<meta property=\"og:image:type\" content=\"image\/jpeg\" \/>\n<meta name=\"author\" content=\"Expresso Metropolitano\" \/>\n<meta name=\"twitter:label1\" content=\"Escrito por\" \/>\n\t<meta name=\"twitter:data1\" content=\"Expresso Metropolitano\" \/>\n\t<meta name=\"twitter:label2\" content=\"Tiempo de lectura\" \/>\n\t<meta name=\"twitter:data2\" content=\"2 minutos\" \/>\n<script type=\"application\/ld+json\" class=\"yoast-schema-graph\">{\"@context\":\"https:\\\/\\\/schema.org\",\"@graph\":[{\"@type\":\"Article\",\"@id\":\"https:\\\/\\\/expressometro.mx\\\/index.php\\\/2019\\\/11\\\/18\\\/fomenta-isem-deteccion-temprana-de-enfermedad-pulmonar-obstructiva-cronica\\\/#article\",\"isPartOf\":{\"@id\":\"https:\\\/\\\/expressometro.mx\\\/index.php\\\/2019\\\/11\\\/18\\\/fomenta-isem-deteccion-temprana-de-enfermedad-pulmonar-obstructiva-cronica\\\/\"},\"author\":{\"name\":\"Expresso Metropolitano\",\"@id\":\"https:\\\/\\\/expressometro.mx\\\/#\\\/schema\\\/person\\\/efa971b4a0664db8ed5c22b1b0dd2f5d\"},\"headline\":\"FOMENTA ISEM DETECCI\u00d3N TEMPRANA DE ENFERMEDAD PULMONAR OBSTRUCTIVA CR\u00d3NICA\",\"datePublished\":\"2019-11-19T03:46:06+00:00\",\"dateModified\":\"2019-11-19T03:46:26+00:00\",\"mainEntityOfPage\":{\"@id\":\"https:\\\/\\\/expressometro.mx\\\/index.php\\\/2019\\\/11\\\/18\\\/fomenta-isem-deteccion-temprana-de-enfermedad-pulmonar-obstructiva-cronica\\\/\"},\"wordCount\":325,\"commentCount\":0,\"publisher\":{\"@id\":\"https:\\\/\\\/expressometro.mx\\\/#organization\"},\"image\":{\"@id\":\"https:\\\/\\\/expressometro.mx\\\/index.php\\\/2019\\\/11\\\/18\\\/fomenta-isem-deteccion-temprana-de-enfermedad-pulmonar-obstructiva-cronica\\\/#primaryimage\"},\"thumbnailUrl\":\"https:\\\/\\\/expressometro.mx\\\/wp-content\\\/uploads\\\/2019\\\/11\\\/w2_10665_2.jpg\",\"articleSection\":[\"Salud\"],\"inLanguage\":\"es\",\"potentialAction\":[{\"@type\":\"CommentAction\",\"name\":\"Comment\",\"target\":[\"https:\\\/\\\/expressometro.mx\\\/index.php\\\/2019\\\/11\\\/18\\\/fomenta-isem-deteccion-temprana-de-enfermedad-pulmonar-obstructiva-cronica\\\/#respond\"]}]},{\"@type\":\"WebPage\",\"@id\":\"https:\\\/\\\/expressometro.mx\\\/index.php\\\/2019\\\/11\\\/18\\\/fomenta-isem-deteccion-temprana-de-enfermedad-pulmonar-obstructiva-cronica\\\/\",\"url\":\"https:\\\/\\\/expressometro.mx\\\/index.php\\\/2019\\\/11\\\/18\\\/fomenta-isem-deteccion-temprana-de-enfermedad-pulmonar-obstructiva-cronica\\\/\",\"name\":\"FOMENTA ISEM DETECCI\u00d3N TEMPRANA DE ENFERMEDAD PULMONAR OBSTRUCTIVA CR\u00d3NICA - Expresso Metropolitano\",\"isPartOf\":{\"@id\":\"https:\\\/\\\/expressometro.mx\\\/#website\"},\"primaryImageOfPage\":{\"@id\":\"https:\\\/\\\/expressometro.mx\\\/index.php\\\/2019\\\/11\\\/18\\\/fomenta-isem-deteccion-temprana-de-enfermedad-pulmonar-obstructiva-cronica\\\/#primaryimage\"},\"image\":{\"@id\":\"https:\\\/\\\/expressometro.mx\\\/index.php\\\/2019\\\/11\\\/18\\\/fomenta-isem-deteccion-temprana-de-enfermedad-pulmonar-obstructiva-cronica\\\/#primaryimage\"},\"thumbnailUrl\":\"https:\\\/\\\/expressometro.mx\\\/wp-content\\\/uploads\\\/2019\\\/11\\\/w2_10665_2.jpg\",\"datePublished\":\"2019-11-19T03:46:06+00:00\",\"dateModified\":\"2019-11-19T03:46:26+00:00\",\"breadcrumb\":{\"@id\":\"https:\\\/\\\/expressometro.mx\\\/index.php\\\/2019\\\/11\\\/18\\\/fomenta-isem-deteccion-temprana-de-enfermedad-pulmonar-obstructiva-cronica\\\/#breadcrumb\"},\"inLanguage\":\"es\",\"potentialAction\":[{\"@type\":\"ReadAction\",\"target\":[\"https:\\\/\\\/expressometro.mx\\\/index.php\\\/2019\\\/11\\\/18\\\/fomenta-isem-deteccion-temprana-de-enfermedad-pulmonar-obstructiva-cronica\\\/\"]}]},{\"@type\":\"ImageObject\",\"inLanguage\":\"es\",\"@id\":\"https:\\\/\\\/expressometro.mx\\\/index.php\\\/2019\\\/11\\\/18\\\/fomenta-isem-deteccion-temprana-de-enfermedad-pulmonar-obstructiva-cronica\\\/#primaryimage\",\"url\":\"https:\\\/\\\/expressometro.mx\\\/wp-content\\\/uploads\\\/2019\\\/11\\\/w2_10665_2.jpg\",\"contentUrl\":\"https:\\\/\\\/expressometro.mx\\\/wp-content\\\/uploads\\\/2019\\\/11\\\/w2_10665_2.jpg\",\"width\":2000,\"height\":1333},{\"@type\":\"BreadcrumbList\",\"@id\":\"https:\\\/\\\/expressometro.mx\\\/index.php\\\/2019\\\/11\\\/18\\\/fomenta-isem-deteccion-temprana-de-enfermedad-pulmonar-obstructiva-cronica\\\/#breadcrumb\",\"itemListElement\":[{\"@type\":\"ListItem\",\"position\":1,\"name\":\"Inicio\",\"item\":\"https:\\\/\\\/expressometro.mx\\\/\"},{\"@type\":\"ListItem\",\"position\":2,\"name\":\"FOMENTA ISEM DETECCI\u00d3N TEMPRANA DE ENFERMEDAD PULMONAR OBSTRUCTIVA CR\u00d3NICA\"}]},{\"@type\":\"WebSite\",\"@id\":\"https:\\\/\\\/expressometro.mx\\\/#website\",\"url\":\"https:\\\/\\\/expressometro.mx\\\/\",\"name\":\"Expresso Metropolitano\",\"description\":\"Periodismo comprometido, informaci\u00f3n, investigaci\u00f3n y an\u00e1lisis\",\"publisher\":{\"@id\":\"https:\\\/\\\/expressometro.mx\\\/#organization\"},\"potentialAction\":[{\"@type\":\"SearchAction\",\"target\":{\"@type\":\"EntryPoint\",\"urlTemplate\":\"https:\\\/\\\/expressometro.mx\\\/?s={search_term_string}\"},\"query-input\":{\"@type\":\"PropertyValueSpecification\",\"valueRequired\":true,\"valueName\":\"search_term_string\"}}],\"inLanguage\":\"es\"},{\"@type\":\"Organization\",\"@id\":\"https:\\\/\\\/expressometro.mx\\\/#organization\",\"name\":\"Expresso Metropolitano\",\"url\":\"https:\\\/\\\/expressometro.mx\\\/\",\"logo\":{\"@type\":\"ImageObject\",\"inLanguage\":\"es\",\"@id\":\"https:\\\/\\\/expressometro.mx\\\/#\\\/schema\\\/logo\\\/image\\\/\",\"url\":\"https:\\\/\\\/expressometro.mx\\\/wp-content\\\/uploads\\\/2019\\\/07\\\/cropped-Logo-Expresso-Metropolitano-1-1.jpeg\",\"contentUrl\":\"https:\\\/\\\/expressometro.mx\\\/wp-content\\\/uploads\\\/2019\\\/07\\\/cropped-Logo-Expresso-Metropolitano-1-1.jpeg\",\"width\":290,\"height\":73,\"caption\":\"Expresso Metropolitano\"},\"image\":{\"@id\":\"https:\\\/\\\/expressometro.mx\\\/#\\\/schema\\\/logo\\\/image\\\/\"}},{\"@type\":\"Person\",\"@id\":\"https:\\\/\\\/expressometro.mx\\\/#\\\/schema\\\/person\\\/efa971b4a0664db8ed5c22b1b0dd2f5d\",\"name\":\"Expresso Metropolitano\",\"image\":{\"@type\":\"ImageObject\",\"inLanguage\":\"es\",\"@id\":\"https:\\\/\\\/secure.gravatar.com\\\/avatar\\\/a89f802b8de18c6952f223c88d3d106e9e3679839f4e25a02f4a6cc2ae6ba3b3?s=96&d=mm&r=g\",\"url\":\"https:\\\/\\\/secure.gravatar.com\\\/avatar\\\/a89f802b8de18c6952f223c88d3d106e9e3679839f4e25a02f4a6cc2ae6ba3b3?s=96&d=mm&r=g\",\"contentUrl\":\"https:\\\/\\\/secure.gravatar.com\\\/avatar\\\/a89f802b8de18c6952f223c88d3d106e9e3679839f4e25a02f4a6cc2ae6ba3b3?s=96&d=mm&r=g\",\"caption\":\"Expresso Metropolitano\"},\"url\":\"https:\\\/\\\/expressometro.mx\\\/index.php\\\/author\\\/diego\\\/\"}]}<\/script>\n<!-- \/ Yoast SEO plugin. -->","yoast_head_json":{"title":"FOMENTA ISEM DETECCI\u00d3N TEMPRANA DE ENFERMEDAD PULMONAR OBSTRUCTIVA CR\u00d3NICA - Expresso Metropolitano","robots":{"index":"index","follow":"follow","max-snippet":"max-snippet:-1","max-image-preview":"max-image-preview:large","max-video-preview":"max-video-preview:-1"},"canonical":"https:\/\/expressometro.mx\/index.php\/2019\/11\/18\/fomenta-isem-deteccion-temprana-de-enfermedad-pulmonar-obstructiva-cronica\/","og_locale":"es_MX","og_type":"article","og_title":"FOMENTA ISEM DETECCI\u00d3N TEMPRANA DE ENFERMEDAD PULMONAR OBSTRUCTIVA CR\u00d3NICA - Expresso Metropolitano","og_description":"Con motivo del D\u00eda Mundial de la Enfermedad Pulmonar Obstructiva Cr\u00f3nica (EPOC), el Instituto de Salud del Estado de M\u00e9xico (ISEM) fomenta la detecci\u00f3n temprana de esta enfermedad al realizar en los \u00faltimos dos a\u00f1os, m\u00e1s de 8 mil pruebas especializadas, de las cuales, 348 resultaron positivas a este padecimiento. La EPOC altera la respiraci\u00f3n y reduce el flujo de aire, produce fatiga, tos e infecciones respiratorias; no tiene cura, pero un tratamiento adecuado retrasa su progresi\u00f3n. El tabaquismo, la exposici\u00f3n a polvos o productos qu\u00edmicos, la quema de le\u00f1a&hellip;","og_url":"https:\/\/expressometro.mx\/index.php\/2019\/11\/18\/fomenta-isem-deteccion-temprana-de-enfermedad-pulmonar-obstructiva-cronica\/","og_site_name":"Expresso Metropolitano","article_published_time":"2019-11-19T03:46:06+00:00","article_modified_time":"2019-11-19T03:46:26+00:00","og_image":[{"width":2000,"height":1333,"url":"https:\/\/expressometro.mx\/wp-content\/uploads\/2019\/11\/w2_10665_2.jpg","type":"image\/jpeg"}],"author":"Expresso Metropolitano","twitter_misc":{"Escrito por":"Expresso Metropolitano","Tiempo de lectura":"2 minutos"},"schema":{"@context":"https:\/\/schema.org","@graph":[{"@type":"Article","@id":"https:\/\/expressometro.mx\/index.php\/2019\/11\/18\/fomenta-isem-deteccion-temprana-de-enfermedad-pulmonar-obstructiva-cronica\/#article","isPartOf":{"@id":"https:\/\/expressometro.mx\/index.php\/2019\/11\/18\/fomenta-isem-deteccion-temprana-de-enfermedad-pulmonar-obstructiva-cronica\/"},"author":{"name":"Expresso Metropolitano","@id":"https:\/\/expressometro.mx\/#\/schema\/person\/efa971b4a0664db8ed5c22b1b0dd2f5d"},"headline":"FOMENTA ISEM DETECCI\u00d3N TEMPRANA DE ENFERMEDAD PULMONAR OBSTRUCTIVA CR\u00d3NICA","datePublished":"2019-11-19T03:46:06+00:00","dateModified":"2019-11-19T03:46:26+00:00","mainEntityOfPage":{"@id":"https:\/\/expressometro.mx\/index.php\/2019\/11\/18\/fomenta-isem-deteccion-temprana-de-enfermedad-pulmonar-obstructiva-cronica\/"},"wordCount":325,"commentCount":0,"publisher":{"@id":"https:\/\/expressometro.mx\/#organization"},"image":{"@id":"https:\/\/expressometro.mx\/index.php\/2019\/11\/18\/fomenta-isem-deteccion-temprana-de-enfermedad-pulmonar-obstructiva-cronica\/#primaryimage"},"thumbnailUrl":"https:\/\/expressometro.mx\/wp-content\/uploads\/2019\/11\/w2_10665_2.jpg","articleSection":["Salud"],"inLanguage":"es","potentialAction":[{"@type":"CommentAction","name":"Comment","target":["https:\/\/expressometro.mx\/index.php\/2019\/11\/18\/fomenta-isem-deteccion-temprana-de-enfermedad-pulmonar-obstructiva-cronica\/#respond"]}]},{"@type":"WebPage","@id":"https:\/\/expressometro.mx\/index.php\/2019\/11\/18\/fomenta-isem-deteccion-temprana-de-enfermedad-pulmonar-obstructiva-cronica\/","url":"https:\/\/expressometro.mx\/index.php\/2019\/11\/18\/fomenta-isem-deteccion-temprana-de-enfermedad-pulmonar-obstructiva-cronica\/","name":"FOMENTA ISEM DETECCI\u00d3N TEMPRANA DE ENFERMEDAD PULMONAR OBSTRUCTIVA CR\u00d3NICA - Expresso Metropolitano","isPartOf":{"@id":"https:\/\/expressometro.mx\/#website"},"primaryImageOfPage":{"@id":"https:\/\/expressometro.mx\/index.php\/2019\/11\/18\/fomenta-isem-deteccion-temprana-de-enfermedad-pulmonar-obstructiva-cronica\/#primaryimage"},"image":{"@id":"https:\/\/expressometro.mx\/index.php\/2019\/11\/18\/fomenta-isem-deteccion-temprana-de-enfermedad-pulmonar-obstructiva-cronica\/#primaryimage"},"thumbnailUrl":"https:\/\/expressometro.mx\/wp-content\/uploads\/2019\/11\/w2_10665_2.jpg","datePublished":"2019-11-19T03:46:06+00:00","dateModified":"2019-11-19T03:46:26+00:00","breadcrumb":{"@id":"https:\/\/expressometro.mx\/index.php\/2019\/11\/18\/fomenta-isem-deteccion-temprana-de-enfermedad-pulmonar-obstructiva-cronica\/#breadcrumb"},"inLanguage":"es","potentialAction":[{"@type":"ReadAction","target":["https:\/\/expressometro.mx\/index.php\/2019\/11\/18\/fomenta-isem-deteccion-temprana-de-enfermedad-pulmonar-obstructiva-cronica\/"]}]},{"@type":"ImageObject","inLanguage":"es","@id":"https:\/\/expressometro.mx\/index.php\/2019\/11\/18\/fomenta-isem-deteccion-temprana-de-enfermedad-pulmonar-obstructiva-cronica\/#primaryimage","url":"https:\/\/expressometro.mx\/wp-content\/uploads\/2019\/11\/w2_10665_2.jpg","contentUrl":"https:\/\/expressometro.mx\/wp-content\/uploads\/2019\/11\/w2_10665_2.jpg","width":2000,"height":1333},{"@type":"BreadcrumbList","@id":"https:\/\/expressometro.mx\/index.php\/2019\/11\/18\/fomenta-isem-deteccion-temprana-de-enfermedad-pulmonar-obstructiva-cronica\/#breadcrumb","itemListElement":[{"@type":"ListItem","position":1,"name":"Inicio","item":"https:\/\/expressometro.mx\/"},{"@type":"ListItem","position":2,"name":"FOMENTA ISEM DETECCI\u00d3N TEMPRANA DE ENFERMEDAD PULMONAR OBSTRUCTIVA CR\u00d3NICA"}]},{"@type":"WebSite","@id":"https:\/\/expressometro.mx\/#website","url":"https:\/\/expressometro.mx\/","name":"Expresso Metropolitano","description":"Periodismo comprometido, informaci\u00f3n, investigaci\u00f3n y an\u00e1lisis","publisher":{"@id":"https:\/\/expressometro.mx\/#organization"},"potentialAction":[{"@type":"SearchAction","target":{"@type":"EntryPoint","urlTemplate":"https:\/\/expressometro.mx\/?s={search_term_string}"},"query-input":{"@type":"PropertyValueSpecification","valueRequired":true,"valueName":"search_term_string"}}],"inLanguage":"es"},{"@type":"Organization","@id":"https:\/\/expressometro.mx\/#organization","name":"Expresso Metropolitano","url":"https:\/\/expressometro.mx\/","logo":{"@type":"ImageObject","inLanguage":"es","@id":"https:\/\/expressometro.mx\/#\/schema\/logo\/image\/","url":"https:\/\/expressometro.mx\/wp-content\/uploads\/2019\/07\/cropped-Logo-Expresso-Metropolitano-1-1.jpeg","contentUrl":"https:\/\/expressometro.mx\/wp-content\/uploads\/2019\/07\/cropped-Logo-Expresso-Metropolitano-1-1.jpeg","width":290,"height":73,"caption":"Expresso Metropolitano"},"image":{"@id":"https:\/\/expressometro.mx\/#\/schema\/logo\/image\/"}},{"@type":"Person","@id":"https:\/\/expressometro.mx\/#\/schema\/person\/efa971b4a0664db8ed5c22b1b0dd2f5d","name":"Expresso Metropolitano","image":{"@type":"ImageObject","inLanguage":"es","@id":"https:\/\/secure.gravatar.com\/avatar\/a89f802b8de18c6952f223c88d3d106e9e3679839f4e25a02f4a6cc2ae6ba3b3?s=96&d=mm&r=g","url":"https:\/\/secure.gravatar.com\/avatar\/a89f802b8de18c6952f223c88d3d106e9e3679839f4e25a02f4a6cc2ae6ba3b3?s=96&d=mm&r=g","contentUrl":"https:\/\/secure.gravatar.com\/avatar\/a89f802b8de18c6952f223c88d3d106e9e3679839f4e25a02f4a6cc2ae6ba3b3?s=96&d=mm&r=g","caption":"Expresso Metropolitano"},"url":"https:\/\/expressometro.mx\/index.php\/author\/diego\/"}]}},"amp_enabled":true,"_links":{"self":[{"href":"https:\/\/expressometro.mx\/index.php\/wp-json\/wp\/v2\/posts\/1051","targetHints":{"allow":["GET"]}}],"collection":[{"href":"https:\/\/expressometro.mx\/index.php\/wp-json\/wp\/v2\/posts"}],"about":[{"href":"https:\/\/expressometro.mx\/index.php\/wp-json\/wp\/v2\/types\/post"}],"author":[{"embeddable":true,"href":"https:\/\/expressometro.mx\/index.php\/wp-json\/wp\/v2\/users\/1"}],"replies":[{"embeddable":true,"href":"https:\/\/expressometro.mx\/index.php\/wp-json\/wp\/v2\/comments?post=1051"}],"version-history":[{"count":2,"href":"https:\/\/expressometro.mx\/index.php\/wp-json\/wp\/v2\/posts\/1051\/revisions"}],"predecessor-version":[{"id":1054,"href":"https:\/\/expressometro.mx\/index.php\/wp-json\/wp\/v2\/posts\/1051\/revisions\/1054"}],"wp:featuredmedia":[{"embeddable":true,"href":"https:\/\/expressometro.mx\/index.php\/wp-json\/wp\/v2\/media\/1052"}],"wp:attachment":[{"href":"https:\/\/expressometro.mx\/index.php\/wp-json\/wp\/v2\/media?parent=1051"}],"wp:term":[{"taxonomy":"category","embeddable":true,"href":"https:\/\/expressometro.mx\/index.php\/wp-json\/wp\/v2\/categories?post=1051"},{"taxonomy":"post_tag","embeddable":true,"href":"https:\/\/expressometro.mx\/index.php\/wp-json\/wp\/v2\/tags?post=1051"}],"curies":[{"name":"wp","href":"https:\/\/api.w.org\/{rel}","templated":true}]}}