{"id":105,"date":"2019-08-10T01:24:55","date_gmt":"2019-08-10T06:24:55","guid":{"rendered":"http:\/\/expressometro.mx\/?p=105"},"modified":"2019-09-25T10:44:01","modified_gmt":"2019-09-25T15:44:01","slug":"quiere-patricia-barcenas-su-sexta-medalla-en-parapanamericanos","status":"publish","type":"post","link":"https:\/\/expressometro.mx\/index.php\/2019\/08\/10\/quiere-patricia-barcenas-su-sexta-medalla-en-parapanamericanos\/","title":{"rendered":"QUIERE PATRICIA B\u00c1RCENAS SU SEXTA MEDALLA EN PARAPANAMERICANOS"},"content":{"rendered":"\n<p>La pesista mexiquense Perla Patricia B\u00e1rcenas Ponce de Le\u00f3n est\u00e1 lista para su participaci\u00f3n en los Juegos Parapanamericanos Lima 2019, donde el objetivo de la deportista es obtener la medalla de oro en la divisi\u00f3n de 86 kil\u00f3gramos.<\/p>\n\n\n\n<p>La halterista del Estado de M\u00e9xico detall\u00f3 que busca su sexta presea en una justa continental, ya que hasta el momento acumula cinco metales, mismos que sus citas en la fiesta deportiva panamericana.<\/p>\n\n\n\n<p>\u201cEstoy emocionada porque en mi caso ser\u00e1 un evento de evaluaci\u00f3n, afortunadamente ya tengo mi clasificaci\u00f3n a Tokio 2020 y este evento no es menos importante para nosotros y deseo subir al p\u00f3dium y ojal\u00e1 Dios me permita regresar con esa sexta medalla panamericana dorada, eso es algo que deseo\u201d, detall\u00f3 Perla Patricia.<\/p>\n\n\n\n<p>Acerca de las rivales a las que tendr\u00e1 que enfrentar, la atleta de Nezahualc\u00f3yotl dijo que \u201cpr\u00e1cticamente las m\u00e1s fuertes son las brasile\u00f1as y pues esperemos que podamos vencerlas en este campeonato en Lima y yo confi\u00f3 en que as\u00ed se d\u00e9, somos fuertes rivales, pero tambi\u00e9n amigos afuera de la tarima, entonces espero que los resultados sean favorables\u201d.<\/p>\n\n\n\n<p>La deportista del Estado de M\u00e9xico explic\u00f3 que al igual que el pasado Campeonato Mundial de Powerliftingh, esta competencia es parte de su proceso encaminado a los Juegos paral\u00edmpicos Tokio 2020.&nbsp;<\/p>\n\n\n\n<p>\u201cLa meta a largo plazo es Tokio 2020, todos estos eventos internacionales son los que nos dan la pauta para evaluarnos como estamos trabajando, obviamente el panamericano es importante para nosotros\u201d, coment\u00f3 Paty B\u00e1rcenas.<\/p>\n\n\n\n<p>Para concluir, la deportista se dijo muy contenta con el abanderamiento que el Gobierno del Estado de M\u00e9xico hizo a los deportistas mexiquenses que forman parte de la delegaci\u00f3n nacional que competir\u00e1 en los juegos Parapanaemricanos Lima 2019.&nbsp;<\/p>\n\n\n\n<p>\u201cLa verdad es que fue emocionante, fue sorpresivo, estamos contentos por este gesto por parte de la Secretar\u00eda de Cultura y del Gobierno del Estado de M\u00e9xico, de saber que est\u00e1n con nosotros, que van acompa\u00f1\u00e1ndonos, que est\u00e1n con nosotros y que est\u00e9n seguros que vamos a dar todo en esta competencia\u201d, puntualiz\u00f3.<\/p>\n","protected":false},"excerpt":{"rendered":"<p>La pesista mexiquense Perla Patricia B\u00e1rcenas Ponce de Le\u00f3n est\u00e1 lista para su participaci\u00f3n en los Juegos Parapanamericanos Lima 2019, donde el objetivo de la deportista es obtener la medalla de oro en la divisi\u00f3n de 86 kil\u00f3gramos. La halterista del Estado de M\u00e9xico detall\u00f3 que busca su sexta presea en una justa continental, ya que hasta el momento acumula cinco metales, mismos que sus citas en la fiesta deportiva panamericana. \u201cEstoy emocionada porque en mi caso ser\u00e1 un evento de evaluaci\u00f3n, afortunadamente ya tengo mi clasificaci\u00f3n a Tokio 2020&hellip;<\/p>\n","protected":false},"author":1,"featured_media":0,"comment_status":"open","ping_status":"open","sticky":false,"template":"","format":"standard","meta":{"footnotes":""},"categories":[9],"tags":[],"class_list":["post-105","post","type-post","status-publish","format-standard","hentry","category-deportes"],"yoast_head":"<!-- This site is optimized with the Yoast SEO plugin v27.4 - https:\/\/yoast.com\/product\/yoast-seo-wordpress\/ -->\n<title>QUIERE PATRICIA B\u00c1RCENAS SU SEXTA MEDALLA EN PARAPANAMERICANOS - Expresso Metropolitano<\/title>\n<meta name=\"robots\" content=\"index, follow, max-snippet:-1, max-image-preview:large, max-video-preview:-1\" \/>\n<link rel=\"canonical\" href=\"https:\/\/expressometro.mx\/index.php\/2019\/08\/10\/quiere-patricia-barcenas-su-sexta-medalla-en-parapanamericanos\/\" \/>\n<meta property=\"og:locale\" content=\"es_MX\" \/>\n<meta property=\"og:type\" content=\"article\" \/>\n<meta property=\"og:title\" content=\"QUIERE PATRICIA B\u00c1RCENAS SU SEXTA MEDALLA EN PARAPANAMERICANOS - Expresso Metropolitano\" \/>\n<meta property=\"og:description\" content=\"La pesista mexiquense Perla Patricia B\u00e1rcenas Ponce de Le\u00f3n est\u00e1 lista para su participaci\u00f3n en los Juegos Parapanamericanos Lima 2019, donde el objetivo de la deportista es obtener la medalla de oro en la divisi\u00f3n de 86 kil\u00f3gramos. La halterista del Estado de M\u00e9xico detall\u00f3 que busca su sexta presea en una justa continental, ya que hasta el momento acumula cinco metales, mismos que sus citas en la fiesta deportiva panamericana. \u201cEstoy emocionada porque en mi caso ser\u00e1 un evento de evaluaci\u00f3n, afortunadamente ya tengo mi clasificaci\u00f3n a Tokio 2020&hellip;\" \/>\n<meta property=\"og:url\" content=\"https:\/\/expressometro.mx\/index.php\/2019\/08\/10\/quiere-patricia-barcenas-su-sexta-medalla-en-parapanamericanos\/\" \/>\n<meta property=\"og:site_name\" content=\"Expresso Metropolitano\" \/>\n<meta property=\"article:published_time\" content=\"2019-08-10T06:24:55+00:00\" \/>\n<meta property=\"article:modified_time\" content=\"2019-09-25T15:44:01+00:00\" \/>\n<meta property=\"og:image\" content=\"https:\/\/expressometro.mx\/wp-content\/uploads\/2019\/08\/w2_8370_2.jpg\" \/>\n\t<meta property=\"og:image:width\" content=\"1555\" \/>\n\t<meta property=\"og:image:height\" content=\"2332\" \/>\n\t<meta property=\"og:image:type\" content=\"image\/jpeg\" \/>\n<meta name=\"author\" content=\"Expresso Metropolitano\" \/>\n<meta name=\"twitter:label1\" content=\"Escrito por\" \/>\n\t<meta name=\"twitter:data1\" content=\"Expresso Metropolitano\" \/>\n\t<meta name=\"twitter:label2\" content=\"Tiempo de lectura\" \/>\n\t<meta name=\"twitter:data2\" content=\"2 minutos\" \/>\n<script type=\"application\/ld+json\" class=\"yoast-schema-graph\">{\"@context\":\"https:\\\/\\\/schema.org\",\"@graph\":[{\"@type\":\"Article\",\"@id\":\"https:\\\/\\\/expressometro.mx\\\/index.php\\\/2019\\\/08\\\/10\\\/quiere-patricia-barcenas-su-sexta-medalla-en-parapanamericanos\\\/#article\",\"isPartOf\":{\"@id\":\"https:\\\/\\\/expressometro.mx\\\/index.php\\\/2019\\\/08\\\/10\\\/quiere-patricia-barcenas-su-sexta-medalla-en-parapanamericanos\\\/\"},\"author\":{\"name\":\"Expresso Metropolitano\",\"@id\":\"https:\\\/\\\/expressometro.mx\\\/#\\\/schema\\\/person\\\/efa971b4a0664db8ed5c22b1b0dd2f5d\"},\"headline\":\"QUIERE PATRICIA B\u00c1RCENAS SU SEXTA MEDALLA EN PARAPANAMERICANOS\",\"datePublished\":\"2019-08-10T06:24:55+00:00\",\"dateModified\":\"2019-09-25T15:44:01+00:00\",\"mainEntityOfPage\":{\"@id\":\"https:\\\/\\\/expressometro.mx\\\/index.php\\\/2019\\\/08\\\/10\\\/quiere-patricia-barcenas-su-sexta-medalla-en-parapanamericanos\\\/\"},\"wordCount\":369,\"commentCount\":0,\"publisher\":{\"@id\":\"https:\\\/\\\/expressometro.mx\\\/#organization\"},\"articleSection\":[\"Deportes\"],\"inLanguage\":\"es\",\"potentialAction\":[{\"@type\":\"CommentAction\",\"name\":\"Comment\",\"target\":[\"https:\\\/\\\/expressometro.mx\\\/index.php\\\/2019\\\/08\\\/10\\\/quiere-patricia-barcenas-su-sexta-medalla-en-parapanamericanos\\\/#respond\"]}]},{\"@type\":\"WebPage\",\"@id\":\"https:\\\/\\\/expressometro.mx\\\/index.php\\\/2019\\\/08\\\/10\\\/quiere-patricia-barcenas-su-sexta-medalla-en-parapanamericanos\\\/\",\"url\":\"https:\\\/\\\/expressometro.mx\\\/index.php\\\/2019\\\/08\\\/10\\\/quiere-patricia-barcenas-su-sexta-medalla-en-parapanamericanos\\\/\",\"name\":\"QUIERE PATRICIA B\u00c1RCENAS SU SEXTA MEDALLA EN PARAPANAMERICANOS - Expresso Metropolitano\",\"isPartOf\":{\"@id\":\"https:\\\/\\\/expressometro.mx\\\/#website\"},\"datePublished\":\"2019-08-10T06:24:55+00:00\",\"dateModified\":\"2019-09-25T15:44:01+00:00\",\"breadcrumb\":{\"@id\":\"https:\\\/\\\/expressometro.mx\\\/index.php\\\/2019\\\/08\\\/10\\\/quiere-patricia-barcenas-su-sexta-medalla-en-parapanamericanos\\\/#breadcrumb\"},\"inLanguage\":\"es\",\"potentialAction\":[{\"@type\":\"ReadAction\",\"target\":[\"https:\\\/\\\/expressometro.mx\\\/index.php\\\/2019\\\/08\\\/10\\\/quiere-patricia-barcenas-su-sexta-medalla-en-parapanamericanos\\\/\"]}]},{\"@type\":\"BreadcrumbList\",\"@id\":\"https:\\\/\\\/expressometro.mx\\\/index.php\\\/2019\\\/08\\\/10\\\/quiere-patricia-barcenas-su-sexta-medalla-en-parapanamericanos\\\/#breadcrumb\",\"itemListElement\":[{\"@type\":\"ListItem\",\"position\":1,\"name\":\"Inicio\",\"item\":\"https:\\\/\\\/expressometro.mx\\\/\"},{\"@type\":\"ListItem\",\"position\":2,\"name\":\"QUIERE PATRICIA B\u00c1RCENAS SU SEXTA MEDALLA EN PARAPANAMERICANOS\"}]},{\"@type\":\"WebSite\",\"@id\":\"https:\\\/\\\/expressometro.mx\\\/#website\",\"url\":\"https:\\\/\\\/expressometro.mx\\\/\",\"name\":\"Expresso Metropolitano\",\"description\":\"Periodismo comprometido, informaci\u00f3n, investigaci\u00f3n y an\u00e1lisis\",\"publisher\":{\"@id\":\"https:\\\/\\\/expressometro.mx\\\/#organization\"},\"potentialAction\":[{\"@type\":\"SearchAction\",\"target\":{\"@type\":\"EntryPoint\",\"urlTemplate\":\"https:\\\/\\\/expressometro.mx\\\/?s={search_term_string}\"},\"query-input\":{\"@type\":\"PropertyValueSpecification\",\"valueRequired\":true,\"valueName\":\"search_term_string\"}}],\"inLanguage\":\"es\"},{\"@type\":\"Organization\",\"@id\":\"https:\\\/\\\/expressometro.mx\\\/#organization\",\"name\":\"Expresso Metropolitano\",\"url\":\"https:\\\/\\\/expressometro.mx\\\/\",\"logo\":{\"@type\":\"ImageObject\",\"inLanguage\":\"es\",\"@id\":\"https:\\\/\\\/expressometro.mx\\\/#\\\/schema\\\/logo\\\/image\\\/\",\"url\":\"https:\\\/\\\/expressometro.mx\\\/wp-content\\\/uploads\\\/2019\\\/07\\\/cropped-Logo-Expresso-Metropolitano-1-1.jpeg\",\"contentUrl\":\"https:\\\/\\\/expressometro.mx\\\/wp-content\\\/uploads\\\/2019\\\/07\\\/cropped-Logo-Expresso-Metropolitano-1-1.jpeg\",\"width\":290,\"height\":73,\"caption\":\"Expresso Metropolitano\"},\"image\":{\"@id\":\"https:\\\/\\\/expressometro.mx\\\/#\\\/schema\\\/logo\\\/image\\\/\"}},{\"@type\":\"Person\",\"@id\":\"https:\\\/\\\/expressometro.mx\\\/#\\\/schema\\\/person\\\/efa971b4a0664db8ed5c22b1b0dd2f5d\",\"name\":\"Expresso Metropolitano\",\"image\":{\"@type\":\"ImageObject\",\"inLanguage\":\"es\",\"@id\":\"https:\\\/\\\/secure.gravatar.com\\\/avatar\\\/a89f802b8de18c6952f223c88d3d106e9e3679839f4e25a02f4a6cc2ae6ba3b3?s=96&d=mm&r=g\",\"url\":\"https:\\\/\\\/secure.gravatar.com\\\/avatar\\\/a89f802b8de18c6952f223c88d3d106e9e3679839f4e25a02f4a6cc2ae6ba3b3?s=96&d=mm&r=g\",\"contentUrl\":\"https:\\\/\\\/secure.gravatar.com\\\/avatar\\\/a89f802b8de18c6952f223c88d3d106e9e3679839f4e25a02f4a6cc2ae6ba3b3?s=96&d=mm&r=g\",\"caption\":\"Expresso Metropolitano\"},\"url\":\"https:\\\/\\\/expressometro.mx\\\/index.php\\\/author\\\/diego\\\/\"}]}<\/script>\n<!-- \/ Yoast SEO plugin. -->","yoast_head_json":{"title":"QUIERE PATRICIA B\u00c1RCENAS SU SEXTA MEDALLA EN PARAPANAMERICANOS - Expresso Metropolitano","robots":{"index":"index","follow":"follow","max-snippet":"max-snippet:-1","max-image-preview":"max-image-preview:large","max-video-preview":"max-video-preview:-1"},"canonical":"https:\/\/expressometro.mx\/index.php\/2019\/08\/10\/quiere-patricia-barcenas-su-sexta-medalla-en-parapanamericanos\/","og_locale":"es_MX","og_type":"article","og_title":"QUIERE PATRICIA B\u00c1RCENAS SU SEXTA MEDALLA EN PARAPANAMERICANOS - Expresso Metropolitano","og_description":"La pesista mexiquense Perla Patricia B\u00e1rcenas Ponce de Le\u00f3n est\u00e1 lista para su participaci\u00f3n en los Juegos Parapanamericanos Lima 2019, donde el objetivo de la deportista es obtener la medalla de oro en la divisi\u00f3n de 86 kil\u00f3gramos. La halterista del Estado de M\u00e9xico detall\u00f3 que busca su sexta presea en una justa continental, ya que hasta el momento acumula cinco metales, mismos que sus citas en la fiesta deportiva panamericana. \u201cEstoy emocionada porque en mi caso ser\u00e1 un evento de evaluaci\u00f3n, afortunadamente ya tengo mi clasificaci\u00f3n a Tokio 2020&hellip;","og_url":"https:\/\/expressometro.mx\/index.php\/2019\/08\/10\/quiere-patricia-barcenas-su-sexta-medalla-en-parapanamericanos\/","og_site_name":"Expresso Metropolitano","article_published_time":"2019-08-10T06:24:55+00:00","article_modified_time":"2019-09-25T15:44:01+00:00","og_image":[{"width":1555,"height":2332,"url":"https:\/\/expressometro.mx\/wp-content\/uploads\/2019\/08\/w2_8370_2.jpg","type":"image\/jpeg"}],"author":"Expresso Metropolitano","twitter_misc":{"Escrito por":"Expresso Metropolitano","Tiempo de lectura":"2 minutos"},"schema":{"@context":"https:\/\/schema.org","@graph":[{"@type":"Article","@id":"https:\/\/expressometro.mx\/index.php\/2019\/08\/10\/quiere-patricia-barcenas-su-sexta-medalla-en-parapanamericanos\/#article","isPartOf":{"@id":"https:\/\/expressometro.mx\/index.php\/2019\/08\/10\/quiere-patricia-barcenas-su-sexta-medalla-en-parapanamericanos\/"},"author":{"name":"Expresso Metropolitano","@id":"https:\/\/expressometro.mx\/#\/schema\/person\/efa971b4a0664db8ed5c22b1b0dd2f5d"},"headline":"QUIERE PATRICIA B\u00c1RCENAS SU SEXTA MEDALLA EN PARAPANAMERICANOS","datePublished":"2019-08-10T06:24:55+00:00","dateModified":"2019-09-25T15:44:01+00:00","mainEntityOfPage":{"@id":"https:\/\/expressometro.mx\/index.php\/2019\/08\/10\/quiere-patricia-barcenas-su-sexta-medalla-en-parapanamericanos\/"},"wordCount":369,"commentCount":0,"publisher":{"@id":"https:\/\/expressometro.mx\/#organization"},"articleSection":["Deportes"],"inLanguage":"es","potentialAction":[{"@type":"CommentAction","name":"Comment","target":["https:\/\/expressometro.mx\/index.php\/2019\/08\/10\/quiere-patricia-barcenas-su-sexta-medalla-en-parapanamericanos\/#respond"]}]},{"@type":"WebPage","@id":"https:\/\/expressometro.mx\/index.php\/2019\/08\/10\/quiere-patricia-barcenas-su-sexta-medalla-en-parapanamericanos\/","url":"https:\/\/expressometro.mx\/index.php\/2019\/08\/10\/quiere-patricia-barcenas-su-sexta-medalla-en-parapanamericanos\/","name":"QUIERE PATRICIA B\u00c1RCENAS SU SEXTA MEDALLA EN PARAPANAMERICANOS - Expresso Metropolitano","isPartOf":{"@id":"https:\/\/expressometro.mx\/#website"},"datePublished":"2019-08-10T06:24:55+00:00","dateModified":"2019-09-25T15:44:01+00:00","breadcrumb":{"@id":"https:\/\/expressometro.mx\/index.php\/2019\/08\/10\/quiere-patricia-barcenas-su-sexta-medalla-en-parapanamericanos\/#breadcrumb"},"inLanguage":"es","potentialAction":[{"@type":"ReadAction","target":["https:\/\/expressometro.mx\/index.php\/2019\/08\/10\/quiere-patricia-barcenas-su-sexta-medalla-en-parapanamericanos\/"]}]},{"@type":"BreadcrumbList","@id":"https:\/\/expressometro.mx\/index.php\/2019\/08\/10\/quiere-patricia-barcenas-su-sexta-medalla-en-parapanamericanos\/#breadcrumb","itemListElement":[{"@type":"ListItem","position":1,"name":"Inicio","item":"https:\/\/expressometro.mx\/"},{"@type":"ListItem","position":2,"name":"QUIERE PATRICIA B\u00c1RCENAS SU SEXTA MEDALLA EN PARAPANAMERICANOS"}]},{"@type":"WebSite","@id":"https:\/\/expressometro.mx\/#website","url":"https:\/\/expressometro.mx\/","name":"Expresso Metropolitano","description":"Periodismo comprometido, informaci\u00f3n, investigaci\u00f3n y an\u00e1lisis","publisher":{"@id":"https:\/\/expressometro.mx\/#organization"},"potentialAction":[{"@type":"SearchAction","target":{"@type":"EntryPoint","urlTemplate":"https:\/\/expressometro.mx\/?s={search_term_string}"},"query-input":{"@type":"PropertyValueSpecification","valueRequired":true,"valueName":"search_term_string"}}],"inLanguage":"es"},{"@type":"Organization","@id":"https:\/\/expressometro.mx\/#organization","name":"Expresso Metropolitano","url":"https:\/\/expressometro.mx\/","logo":{"@type":"ImageObject","inLanguage":"es","@id":"https:\/\/expressometro.mx\/#\/schema\/logo\/image\/","url":"https:\/\/expressometro.mx\/wp-content\/uploads\/2019\/07\/cropped-Logo-Expresso-Metropolitano-1-1.jpeg","contentUrl":"https:\/\/expressometro.mx\/wp-content\/uploads\/2019\/07\/cropped-Logo-Expresso-Metropolitano-1-1.jpeg","width":290,"height":73,"caption":"Expresso Metropolitano"},"image":{"@id":"https:\/\/expressometro.mx\/#\/schema\/logo\/image\/"}},{"@type":"Person","@id":"https:\/\/expressometro.mx\/#\/schema\/person\/efa971b4a0664db8ed5c22b1b0dd2f5d","name":"Expresso Metropolitano","image":{"@type":"ImageObject","inLanguage":"es","@id":"https:\/\/secure.gravatar.com\/avatar\/a89f802b8de18c6952f223c88d3d106e9e3679839f4e25a02f4a6cc2ae6ba3b3?s=96&d=mm&r=g","url":"https:\/\/secure.gravatar.com\/avatar\/a89f802b8de18c6952f223c88d3d106e9e3679839f4e25a02f4a6cc2ae6ba3b3?s=96&d=mm&r=g","contentUrl":"https:\/\/secure.gravatar.com\/avatar\/a89f802b8de18c6952f223c88d3d106e9e3679839f4e25a02f4a6cc2ae6ba3b3?s=96&d=mm&r=g","caption":"Expresso Metropolitano"},"url":"https:\/\/expressometro.mx\/index.php\/author\/diego\/"}]}},"amp_enabled":true,"_links":{"self":[{"href":"https:\/\/expressometro.mx\/index.php\/wp-json\/wp\/v2\/posts\/105","targetHints":{"allow":["GET"]}}],"collection":[{"href":"https:\/\/expressometro.mx\/index.php\/wp-json\/wp\/v2\/posts"}],"about":[{"href":"https:\/\/expressometro.mx\/index.php\/wp-json\/wp\/v2\/types\/post"}],"author":[{"embeddable":true,"href":"https:\/\/expressometro.mx\/index.php\/wp-json\/wp\/v2\/users\/1"}],"replies":[{"embeddable":true,"href":"https:\/\/expressometro.mx\/index.php\/wp-json\/wp\/v2\/comments?post=105"}],"version-history":[{"count":1,"href":"https:\/\/expressometro.mx\/index.php\/wp-json\/wp\/v2\/posts\/105\/revisions"}],"predecessor-version":[{"id":107,"href":"https:\/\/expressometro.mx\/index.php\/wp-json\/wp\/v2\/posts\/105\/revisions\/107"}],"wp:attachment":[{"href":"https:\/\/expressometro.mx\/index.php\/wp-json\/wp\/v2\/media?parent=105"}],"wp:term":[{"taxonomy":"category","embeddable":true,"href":"https:\/\/expressometro.mx\/index.php\/wp-json\/wp\/v2\/categories?post=105"},{"taxonomy":"post_tag","embeddable":true,"href":"https:\/\/expressometro.mx\/index.php\/wp-json\/wp\/v2\/tags?post=105"}],"curies":[{"name":"wp","href":"https:\/\/api.w.org\/{rel}","templated":true}]}}