{"id":10491,"date":"2024-11-27T20:59:49","date_gmt":"2024-11-28T02:59:49","guid":{"rendered":"https:\/\/expressometro.mx\/?p=10491"},"modified":"2024-11-27T20:59:49","modified_gmt":"2024-11-28T02:59:49","slug":"impulsara-el-pri-eliminacion-de-impuestos","status":"publish","type":"post","link":"https:\/\/expressometro.mx\/index.php\/2024\/11\/27\/impulsara-el-pri-eliminacion-de-impuestos\/","title":{"rendered":"IMPULSAR\u00c1 EL PRI ELIMINACI\u00d3N DE IMPUESTOS"},"content":{"rendered":"\n<ul class=\"wp-block-list\">\n<li>En unidad y con propuestas s\u00f3lidas, el PRI expuso los cambios a la ley que se fundamentan<br>en las demandas del pueblo.<\/li>\n<\/ul>\n\n\n\n<p>Al presentar dos iniciativas de ley en torno al pago de predial y tenencia vehicular, el PRI del Estado de M\u00e9xico y su grupo parlamentario dejaron en claro que, invariablemente, abanderar\u00e1n propuestas y causas sociales que permitan generar oportunidades a los mexiquenses y aliviar la carga fiscal que tienen.<br>En conferencia de prensa con la senadora Cristina Ru\u00edz Sandoval, la dirigente estatal del PRI, Ana Lilia Herrera Anzaldo, y el coordinador de los diputados locales, El\u00edas Rescala Jim\u00e9nez, coincidieron en se\u00f1alar que la prioridad es resolver los problemas de la gente y ayudar en el bolsillo de las familias, as\u00ed como a detonar el potencial econ\u00f3mico de la entidad.<br>En su intervenci\u00f3n, la diputada Mercedes Col\u00edn Guadarrama plante\u00f3 que el proyecto de ley para eliminar la tenencia vehicular es una demanda recurrente que permitir\u00e1 mejorar la econom\u00eda familiar, fomentar la regularizaci\u00f3n vehicular, aumentar la  recaudaci\u00f3n fiscal y fortalecer las pol\u00edticas de seguridad p\u00fablica.<br>Respecto a la iniciativa de ley que busca la eliminaci\u00f3n del pago predial para adultos mayores de 65 a\u00f1os, el diputado Eduardo Zarzosa, argument\u00f3 que esta es una demanda aut\u00e9ntica porque las pensiones son insuficientes para afrontar los pagos que tienen como, por ejemplo, sus medicamentos.<br>Al hacer uso de la palabra, la senadora Cristina Ru\u00edz respald\u00f3 las iniciativas de ley de la bancada local pri\u00edsta y sostuvo que el PRI no se dobla y se mantiene firme en la defensa de la Rep\u00fablica y los derechos de las y los mexicanos.<br>En su momento, la dirigente estatal del PRI enfatiz\u00f3 que mantendr\u00e1 su postura de exigir al gobierno federal un mayor  presupuesto para el Estado de M\u00e9xico con el fin de garantizar la viabilidad financiera de la entidad.<br>Por otra parte, la senadora explic\u00f3 la postura del PRI en materia de prisi\u00f3n preventiva oficiosa que atenta contra los derechos humanos y la desaparici\u00f3n de los \u00f3rganos aut\u00f3nomos.<br>Al acto asistieron los diputados locales Mariano Camacho, Lilia Urbina, Lety Mej\u00eda y Alejandro Castro, as\u00ed como el delegado del CEN del PRI, Jorge Meade, y las diputadas federales Iv\u00f3n Ru\u00edz Moreno y Leticia Barrera Maldonado.<\/p>\n","protected":false},"excerpt":{"rendered":"<p>Al presentar dos iniciativas de ley en torno al pago de predial y tenencia vehicular, el PRI del Estado de M\u00e9xico y su grupo parlamentario dejaron en claro que, invariablemente, abanderar\u00e1n propuestas y causas sociales que permitan generar oportunidades a los mexiquenses y aliviar la carga fiscal que tienen.<\/p>\n","protected":false},"author":1,"featured_media":10493,"comment_status":"open","ping_status":"open","sticky":false,"template":"","format":"standard","meta":{"footnotes":""},"categories":[3,1,231],"tags":[2281,1982,86,158],"class_list":["post-10491","post","type-post","status-publish","format-standard","has-post-thumbnail","hentry","category-gobierno","category-otros","category-politica","tag-ana-lilia-herrera-anzaldo","tag-edomex","tag-gem","tag-pri"],"yoast_head":"<!-- This site is optimized with the Yoast SEO plugin v27.4 - https:\/\/yoast.com\/product\/yoast-seo-wordpress\/ -->\n<title>IMPULSAR\u00c1 EL PRI ELIMINACI\u00d3N DE IMPUESTOS - Expresso Metropolitano<\/title>\n<meta name=\"robots\" content=\"index, follow, max-snippet:-1, max-image-preview:large, max-video-preview:-1\" \/>\n<link rel=\"canonical\" href=\"https:\/\/expressometro.mx\/index.php\/2024\/11\/27\/impulsara-el-pri-eliminacion-de-impuestos\/\" \/>\n<meta property=\"og:locale\" content=\"es_MX\" \/>\n<meta property=\"og:type\" content=\"article\" \/>\n<meta property=\"og:title\" content=\"IMPULSAR\u00c1 EL PRI ELIMINACI\u00d3N DE IMPUESTOS - Expresso Metropolitano\" \/>\n<meta property=\"og:description\" content=\"Al presentar dos iniciativas de ley en torno al pago de predial y tenencia vehicular, el PRI del Estado de M\u00e9xico y su grupo parlamentario dejaron en claro que, invariablemente, abanderar\u00e1n propuestas y causas sociales que permitan generar oportunidades a los mexiquenses y aliviar la carga fiscal que tienen.\" \/>\n<meta property=\"og:url\" content=\"https:\/\/expressometro.mx\/index.php\/2024\/11\/27\/impulsara-el-pri-eliminacion-de-impuestos\/\" \/>\n<meta property=\"og:site_name\" content=\"Expresso Metropolitano\" \/>\n<meta property=\"article:published_time\" content=\"2024-11-28T02:59:49+00:00\" \/>\n<meta property=\"og:image\" content=\"http:\/\/expressometro.mx\/wp-content\/uploads\/2024\/11\/WhatsApp-Image-2024-11-27-at-6.16.43-PM.jpeg\" \/>\n\t<meta property=\"og:image:width\" content=\"1280\" \/>\n\t<meta property=\"og:image:height\" content=\"820\" \/>\n\t<meta property=\"og:image:type\" content=\"image\/jpeg\" \/>\n<meta name=\"author\" content=\"Expresso Metropolitano\" \/>\n<meta name=\"twitter:label1\" content=\"Escrito por\" \/>\n\t<meta name=\"twitter:data1\" content=\"Expresso Metropolitano\" \/>\n\t<meta name=\"twitter:label2\" content=\"Tiempo de lectura\" \/>\n\t<meta name=\"twitter:data2\" content=\"2 minutos\" \/>\n<script type=\"application\/ld+json\" class=\"yoast-schema-graph\">{\"@context\":\"https:\\\/\\\/schema.org\",\"@graph\":[{\"@type\":\"Article\",\"@id\":\"https:\\\/\\\/expressometro.mx\\\/index.php\\\/2024\\\/11\\\/27\\\/impulsara-el-pri-eliminacion-de-impuestos\\\/#article\",\"isPartOf\":{\"@id\":\"https:\\\/\\\/expressometro.mx\\\/index.php\\\/2024\\\/11\\\/27\\\/impulsara-el-pri-eliminacion-de-impuestos\\\/\"},\"author\":{\"name\":\"Expresso Metropolitano\",\"@id\":\"https:\\\/\\\/expressometro.mx\\\/#\\\/schema\\\/person\\\/efa971b4a0664db8ed5c22b1b0dd2f5d\"},\"headline\":\"IMPULSAR\u00c1 EL PRI ELIMINACI\u00d3N DE IMPUESTOS\",\"datePublished\":\"2024-11-28T02:59:49+00:00\",\"mainEntityOfPage\":{\"@id\":\"https:\\\/\\\/expressometro.mx\\\/index.php\\\/2024\\\/11\\\/27\\\/impulsara-el-pri-eliminacion-de-impuestos\\\/\"},\"wordCount\":402,\"commentCount\":0,\"publisher\":{\"@id\":\"https:\\\/\\\/expressometro.mx\\\/#organization\"},\"image\":{\"@id\":\"https:\\\/\\\/expressometro.mx\\\/index.php\\\/2024\\\/11\\\/27\\\/impulsara-el-pri-eliminacion-de-impuestos\\\/#primaryimage\"},\"thumbnailUrl\":\"https:\\\/\\\/expressometro.mx\\\/wp-content\\\/uploads\\\/2024\\\/11\\\/WhatsApp-Image-2024-11-27-at-6.16.43-PM.jpeg\",\"keywords\":[\"Ana Lilia Herrera Anzaldo\",\"Edomex\",\"GEM\",\"PRI\"],\"articleSection\":[\"Gobierno\",\"Otros\",\"Pol\u00edtica\"],\"inLanguage\":\"es\",\"potentialAction\":[{\"@type\":\"CommentAction\",\"name\":\"Comment\",\"target\":[\"https:\\\/\\\/expressometro.mx\\\/index.php\\\/2024\\\/11\\\/27\\\/impulsara-el-pri-eliminacion-de-impuestos\\\/#respond\"]}]},{\"@type\":\"WebPage\",\"@id\":\"https:\\\/\\\/expressometro.mx\\\/index.php\\\/2024\\\/11\\\/27\\\/impulsara-el-pri-eliminacion-de-impuestos\\\/\",\"url\":\"https:\\\/\\\/expressometro.mx\\\/index.php\\\/2024\\\/11\\\/27\\\/impulsara-el-pri-eliminacion-de-impuestos\\\/\",\"name\":\"IMPULSAR\u00c1 EL PRI ELIMINACI\u00d3N DE IMPUESTOS - Expresso Metropolitano\",\"isPartOf\":{\"@id\":\"https:\\\/\\\/expressometro.mx\\\/#website\"},\"primaryImageOfPage\":{\"@id\":\"https:\\\/\\\/expressometro.mx\\\/index.php\\\/2024\\\/11\\\/27\\\/impulsara-el-pri-eliminacion-de-impuestos\\\/#primaryimage\"},\"image\":{\"@id\":\"https:\\\/\\\/expressometro.mx\\\/index.php\\\/2024\\\/11\\\/27\\\/impulsara-el-pri-eliminacion-de-impuestos\\\/#primaryimage\"},\"thumbnailUrl\":\"https:\\\/\\\/expressometro.mx\\\/wp-content\\\/uploads\\\/2024\\\/11\\\/WhatsApp-Image-2024-11-27-at-6.16.43-PM.jpeg\",\"datePublished\":\"2024-11-28T02:59:49+00:00\",\"breadcrumb\":{\"@id\":\"https:\\\/\\\/expressometro.mx\\\/index.php\\\/2024\\\/11\\\/27\\\/impulsara-el-pri-eliminacion-de-impuestos\\\/#breadcrumb\"},\"inLanguage\":\"es\",\"potentialAction\":[{\"@type\":\"ReadAction\",\"target\":[\"https:\\\/\\\/expressometro.mx\\\/index.php\\\/2024\\\/11\\\/27\\\/impulsara-el-pri-eliminacion-de-impuestos\\\/\"]}]},{\"@type\":\"ImageObject\",\"inLanguage\":\"es\",\"@id\":\"https:\\\/\\\/expressometro.mx\\\/index.php\\\/2024\\\/11\\\/27\\\/impulsara-el-pri-eliminacion-de-impuestos\\\/#primaryimage\",\"url\":\"https:\\\/\\\/expressometro.mx\\\/wp-content\\\/uploads\\\/2024\\\/11\\\/WhatsApp-Image-2024-11-27-at-6.16.43-PM.jpeg\",\"contentUrl\":\"https:\\\/\\\/expressometro.mx\\\/wp-content\\\/uploads\\\/2024\\\/11\\\/WhatsApp-Image-2024-11-27-at-6.16.43-PM.jpeg\",\"width\":1280,\"height\":820},{\"@type\":\"BreadcrumbList\",\"@id\":\"https:\\\/\\\/expressometro.mx\\\/index.php\\\/2024\\\/11\\\/27\\\/impulsara-el-pri-eliminacion-de-impuestos\\\/#breadcrumb\",\"itemListElement\":[{\"@type\":\"ListItem\",\"position\":1,\"name\":\"Inicio\",\"item\":\"https:\\\/\\\/expressometro.mx\\\/\"},{\"@type\":\"ListItem\",\"position\":2,\"name\":\"IMPULSAR\u00c1 EL PRI ELIMINACI\u00d3N DE IMPUESTOS\"}]},{\"@type\":\"WebSite\",\"@id\":\"https:\\\/\\\/expressometro.mx\\\/#website\",\"url\":\"https:\\\/\\\/expressometro.mx\\\/\",\"name\":\"Expresso Metropolitano\",\"description\":\"Periodismo comprometido, informaci\u00f3n, investigaci\u00f3n y an\u00e1lisis\",\"publisher\":{\"@id\":\"https:\\\/\\\/expressometro.mx\\\/#organization\"},\"potentialAction\":[{\"@type\":\"SearchAction\",\"target\":{\"@type\":\"EntryPoint\",\"urlTemplate\":\"https:\\\/\\\/expressometro.mx\\\/?s={search_term_string}\"},\"query-input\":{\"@type\":\"PropertyValueSpecification\",\"valueRequired\":true,\"valueName\":\"search_term_string\"}}],\"inLanguage\":\"es\"},{\"@type\":\"Organization\",\"@id\":\"https:\\\/\\\/expressometro.mx\\\/#organization\",\"name\":\"Expresso Metropolitano\",\"url\":\"https:\\\/\\\/expressometro.mx\\\/\",\"logo\":{\"@type\":\"ImageObject\",\"inLanguage\":\"es\",\"@id\":\"https:\\\/\\\/expressometro.mx\\\/#\\\/schema\\\/logo\\\/image\\\/\",\"url\":\"https:\\\/\\\/expressometro.mx\\\/wp-content\\\/uploads\\\/2019\\\/07\\\/cropped-Logo-Expresso-Metropolitano-1-1.jpeg\",\"contentUrl\":\"https:\\\/\\\/expressometro.mx\\\/wp-content\\\/uploads\\\/2019\\\/07\\\/cropped-Logo-Expresso-Metropolitano-1-1.jpeg\",\"width\":290,\"height\":73,\"caption\":\"Expresso Metropolitano\"},\"image\":{\"@id\":\"https:\\\/\\\/expressometro.mx\\\/#\\\/schema\\\/logo\\\/image\\\/\"}},{\"@type\":\"Person\",\"@id\":\"https:\\\/\\\/expressometro.mx\\\/#\\\/schema\\\/person\\\/efa971b4a0664db8ed5c22b1b0dd2f5d\",\"name\":\"Expresso Metropolitano\",\"image\":{\"@type\":\"ImageObject\",\"inLanguage\":\"es\",\"@id\":\"https:\\\/\\\/secure.gravatar.com\\\/avatar\\\/a89f802b8de18c6952f223c88d3d106e9e3679839f4e25a02f4a6cc2ae6ba3b3?s=96&d=mm&r=g\",\"url\":\"https:\\\/\\\/secure.gravatar.com\\\/avatar\\\/a89f802b8de18c6952f223c88d3d106e9e3679839f4e25a02f4a6cc2ae6ba3b3?s=96&d=mm&r=g\",\"contentUrl\":\"https:\\\/\\\/secure.gravatar.com\\\/avatar\\\/a89f802b8de18c6952f223c88d3d106e9e3679839f4e25a02f4a6cc2ae6ba3b3?s=96&d=mm&r=g\",\"caption\":\"Expresso Metropolitano\"},\"url\":\"https:\\\/\\\/expressometro.mx\\\/index.php\\\/author\\\/diego\\\/\"}]}<\/script>\n<!-- \/ Yoast SEO plugin. -->","yoast_head_json":{"title":"IMPULSAR\u00c1 EL PRI ELIMINACI\u00d3N DE IMPUESTOS - Expresso Metropolitano","robots":{"index":"index","follow":"follow","max-snippet":"max-snippet:-1","max-image-preview":"max-image-preview:large","max-video-preview":"max-video-preview:-1"},"canonical":"https:\/\/expressometro.mx\/index.php\/2024\/11\/27\/impulsara-el-pri-eliminacion-de-impuestos\/","og_locale":"es_MX","og_type":"article","og_title":"IMPULSAR\u00c1 EL PRI ELIMINACI\u00d3N DE IMPUESTOS - Expresso Metropolitano","og_description":"Al presentar dos iniciativas de ley en torno al pago de predial y tenencia vehicular, el PRI del Estado de M\u00e9xico y su grupo parlamentario dejaron en claro que, invariablemente, abanderar\u00e1n propuestas y causas sociales que permitan generar oportunidades a los mexiquenses y aliviar la carga fiscal que tienen.","og_url":"https:\/\/expressometro.mx\/index.php\/2024\/11\/27\/impulsara-el-pri-eliminacion-de-impuestos\/","og_site_name":"Expresso Metropolitano","article_published_time":"2024-11-28T02:59:49+00:00","og_image":[{"width":1280,"height":820,"url":"http:\/\/expressometro.mx\/wp-content\/uploads\/2024\/11\/WhatsApp-Image-2024-11-27-at-6.16.43-PM.jpeg","type":"image\/jpeg"}],"author":"Expresso Metropolitano","twitter_misc":{"Escrito por":"Expresso Metropolitano","Tiempo de lectura":"2 minutos"},"schema":{"@context":"https:\/\/schema.org","@graph":[{"@type":"Article","@id":"https:\/\/expressometro.mx\/index.php\/2024\/11\/27\/impulsara-el-pri-eliminacion-de-impuestos\/#article","isPartOf":{"@id":"https:\/\/expressometro.mx\/index.php\/2024\/11\/27\/impulsara-el-pri-eliminacion-de-impuestos\/"},"author":{"name":"Expresso Metropolitano","@id":"https:\/\/expressometro.mx\/#\/schema\/person\/efa971b4a0664db8ed5c22b1b0dd2f5d"},"headline":"IMPULSAR\u00c1 EL PRI ELIMINACI\u00d3N DE IMPUESTOS","datePublished":"2024-11-28T02:59:49+00:00","mainEntityOfPage":{"@id":"https:\/\/expressometro.mx\/index.php\/2024\/11\/27\/impulsara-el-pri-eliminacion-de-impuestos\/"},"wordCount":402,"commentCount":0,"publisher":{"@id":"https:\/\/expressometro.mx\/#organization"},"image":{"@id":"https:\/\/expressometro.mx\/index.php\/2024\/11\/27\/impulsara-el-pri-eliminacion-de-impuestos\/#primaryimage"},"thumbnailUrl":"https:\/\/expressometro.mx\/wp-content\/uploads\/2024\/11\/WhatsApp-Image-2024-11-27-at-6.16.43-PM.jpeg","keywords":["Ana Lilia Herrera Anzaldo","Edomex","GEM","PRI"],"articleSection":["Gobierno","Otros","Pol\u00edtica"],"inLanguage":"es","potentialAction":[{"@type":"CommentAction","name":"Comment","target":["https:\/\/expressometro.mx\/index.php\/2024\/11\/27\/impulsara-el-pri-eliminacion-de-impuestos\/#respond"]}]},{"@type":"WebPage","@id":"https:\/\/expressometro.mx\/index.php\/2024\/11\/27\/impulsara-el-pri-eliminacion-de-impuestos\/","url":"https:\/\/expressometro.mx\/index.php\/2024\/11\/27\/impulsara-el-pri-eliminacion-de-impuestos\/","name":"IMPULSAR\u00c1 EL PRI ELIMINACI\u00d3N DE IMPUESTOS - Expresso Metropolitano","isPartOf":{"@id":"https:\/\/expressometro.mx\/#website"},"primaryImageOfPage":{"@id":"https:\/\/expressometro.mx\/index.php\/2024\/11\/27\/impulsara-el-pri-eliminacion-de-impuestos\/#primaryimage"},"image":{"@id":"https:\/\/expressometro.mx\/index.php\/2024\/11\/27\/impulsara-el-pri-eliminacion-de-impuestos\/#primaryimage"},"thumbnailUrl":"https:\/\/expressometro.mx\/wp-content\/uploads\/2024\/11\/WhatsApp-Image-2024-11-27-at-6.16.43-PM.jpeg","datePublished":"2024-11-28T02:59:49+00:00","breadcrumb":{"@id":"https:\/\/expressometro.mx\/index.php\/2024\/11\/27\/impulsara-el-pri-eliminacion-de-impuestos\/#breadcrumb"},"inLanguage":"es","potentialAction":[{"@type":"ReadAction","target":["https:\/\/expressometro.mx\/index.php\/2024\/11\/27\/impulsara-el-pri-eliminacion-de-impuestos\/"]}]},{"@type":"ImageObject","inLanguage":"es","@id":"https:\/\/expressometro.mx\/index.php\/2024\/11\/27\/impulsara-el-pri-eliminacion-de-impuestos\/#primaryimage","url":"https:\/\/expressometro.mx\/wp-content\/uploads\/2024\/11\/WhatsApp-Image-2024-11-27-at-6.16.43-PM.jpeg","contentUrl":"https:\/\/expressometro.mx\/wp-content\/uploads\/2024\/11\/WhatsApp-Image-2024-11-27-at-6.16.43-PM.jpeg","width":1280,"height":820},{"@type":"BreadcrumbList","@id":"https:\/\/expressometro.mx\/index.php\/2024\/11\/27\/impulsara-el-pri-eliminacion-de-impuestos\/#breadcrumb","itemListElement":[{"@type":"ListItem","position":1,"name":"Inicio","item":"https:\/\/expressometro.mx\/"},{"@type":"ListItem","position":2,"name":"IMPULSAR\u00c1 EL PRI ELIMINACI\u00d3N DE IMPUESTOS"}]},{"@type":"WebSite","@id":"https:\/\/expressometro.mx\/#website","url":"https:\/\/expressometro.mx\/","name":"Expresso Metropolitano","description":"Periodismo comprometido, informaci\u00f3n, investigaci\u00f3n y an\u00e1lisis","publisher":{"@id":"https:\/\/expressometro.mx\/#organization"},"potentialAction":[{"@type":"SearchAction","target":{"@type":"EntryPoint","urlTemplate":"https:\/\/expressometro.mx\/?s={search_term_string}"},"query-input":{"@type":"PropertyValueSpecification","valueRequired":true,"valueName":"search_term_string"}}],"inLanguage":"es"},{"@type":"Organization","@id":"https:\/\/expressometro.mx\/#organization","name":"Expresso Metropolitano","url":"https:\/\/expressometro.mx\/","logo":{"@type":"ImageObject","inLanguage":"es","@id":"https:\/\/expressometro.mx\/#\/schema\/logo\/image\/","url":"https:\/\/expressometro.mx\/wp-content\/uploads\/2019\/07\/cropped-Logo-Expresso-Metropolitano-1-1.jpeg","contentUrl":"https:\/\/expressometro.mx\/wp-content\/uploads\/2019\/07\/cropped-Logo-Expresso-Metropolitano-1-1.jpeg","width":290,"height":73,"caption":"Expresso Metropolitano"},"image":{"@id":"https:\/\/expressometro.mx\/#\/schema\/logo\/image\/"}},{"@type":"Person","@id":"https:\/\/expressometro.mx\/#\/schema\/person\/efa971b4a0664db8ed5c22b1b0dd2f5d","name":"Expresso Metropolitano","image":{"@type":"ImageObject","inLanguage":"es","@id":"https:\/\/secure.gravatar.com\/avatar\/a89f802b8de18c6952f223c88d3d106e9e3679839f4e25a02f4a6cc2ae6ba3b3?s=96&d=mm&r=g","url":"https:\/\/secure.gravatar.com\/avatar\/a89f802b8de18c6952f223c88d3d106e9e3679839f4e25a02f4a6cc2ae6ba3b3?s=96&d=mm&r=g","contentUrl":"https:\/\/secure.gravatar.com\/avatar\/a89f802b8de18c6952f223c88d3d106e9e3679839f4e25a02f4a6cc2ae6ba3b3?s=96&d=mm&r=g","caption":"Expresso Metropolitano"},"url":"https:\/\/expressometro.mx\/index.php\/author\/diego\/"}]}},"amp_enabled":true,"_links":{"self":[{"href":"https:\/\/expressometro.mx\/index.php\/wp-json\/wp\/v2\/posts\/10491","targetHints":{"allow":["GET"]}}],"collection":[{"href":"https:\/\/expressometro.mx\/index.php\/wp-json\/wp\/v2\/posts"}],"about":[{"href":"https:\/\/expressometro.mx\/index.php\/wp-json\/wp\/v2\/types\/post"}],"author":[{"embeddable":true,"href":"https:\/\/expressometro.mx\/index.php\/wp-json\/wp\/v2\/users\/1"}],"replies":[{"embeddable":true,"href":"https:\/\/expressometro.mx\/index.php\/wp-json\/wp\/v2\/comments?post=10491"}],"version-history":[{"count":1,"href":"https:\/\/expressometro.mx\/index.php\/wp-json\/wp\/v2\/posts\/10491\/revisions"}],"predecessor-version":[{"id":10494,"href":"https:\/\/expressometro.mx\/index.php\/wp-json\/wp\/v2\/posts\/10491\/revisions\/10494"}],"wp:featuredmedia":[{"embeddable":true,"href":"https:\/\/expressometro.mx\/index.php\/wp-json\/wp\/v2\/media\/10493"}],"wp:attachment":[{"href":"https:\/\/expressometro.mx\/index.php\/wp-json\/wp\/v2\/media?parent=10491"}],"wp:term":[{"taxonomy":"category","embeddable":true,"href":"https:\/\/expressometro.mx\/index.php\/wp-json\/wp\/v2\/categories?post=10491"},{"taxonomy":"post_tag","embeddable":true,"href":"https:\/\/expressometro.mx\/index.php\/wp-json\/wp\/v2\/tags?post=10491"}],"curies":[{"name":"wp","href":"https:\/\/api.w.org\/{rel}","templated":true}]}}