{"id":10458,"date":"2024-11-21T18:40:00","date_gmt":"2024-11-22T00:40:00","guid":{"rendered":"https:\/\/expressometro.mx\/?p=10458"},"modified":"2024-11-21T18:40:00","modified_gmt":"2024-11-22T00:40:00","slug":"plantea-pri-eliminar-tenencia-vehicular-y-frenar-recortes-presupuestales","status":"publish","type":"post","link":"https:\/\/expressometro.mx\/index.php\/2024\/11\/21\/plantea-pri-eliminar-tenencia-vehicular-y-frenar-recortes-presupuestales\/","title":{"rendered":"PLANTEA PRI ELIMINAR TENENCIA VEHICULAR Y FRENAR RECORTES PRESUPUESTALES"},"content":{"rendered":"\n<ul class=\"wp-block-list\">\n<li>La propuesta busca aliviar la carga fiscal de las familias mexiquenses, se\u00f1al\u00f3 la dirigente estatal del PRI.<\/li>\n<\/ul>\n\n\n\n<p>El Partido Revolucionario Institucional (PRI) del Estado de M\u00e9xico respalda la iniciativa de su grupo parlamentario para que se pueda eliminar el pago del impuesto de tenencia vehicular con el fin de que las familias mexiquenses sean beneficiadas en el manejo de su econom\u00eda.<br>La presidenta del Comit\u00e9 Directivo Estatal, Ana Lilia Herrera Anzaldo, sostuvo que la propuesta de reformar el art\u00edculo 62 del C\u00f3digo Financiero del Estado de M\u00e9xico y Municipios permitir\u00e1 un ahorro que va de los 6 mil a 12 mil pesos por cada unidad vehicular.<br>La reforma impulsada por el PRI se alinea con las demandas de la sociedad, \u201cla eliminaci\u00f3n del impuesto busca aliviar la carga fiscal de las familias mexiquenses, especialmente de aquellas con menores ingresos, quienes destinan parte significativa de sus recursos al pago de tenencia\u201d, agreg\u00f3.<br>Acompa\u00f1ada del delegado del CEN del PRI, Jorge Meade, la secretaria de Organizaci\u00f3n, Brenda Alvarado, y el secretario general, Alejandro Castro, la dirigente estatal manifest\u00f3 que se trata de que los ciudadanos tengan mayor capacidad econ\u00f3mica para satisfacer otras necesidades b\u00e1sicas.<br>Adem\u00e1s de impulsar el mercado automotriz en la compra de veh\u00edculos nuevos y usados; fomentar la regularizaci\u00f3n vehicular con el fin de disminuir la pr\u00e1ctica de registrar autos en otros estados para evitar la tenencia y lograr mayor control en la seguridad p\u00fablica y el tr\u00e1nsito en el Estado de M\u00e9xico.<br>Por otra parte, la presidenta del PRI mexiquense alert\u00f3 que la propuesta del Presupuesto de Egresos de la Federaci\u00f3n est\u00e1 encaminada a severos recortes en rubros como la seguridad, salud, educaci\u00f3n, desarrollo social y campo, lo que va en contra de atender las necesidades reales del pueblo.<br>Derivado de los recortes presupuestales, en cinco a\u00f1os el Estado de M\u00e9xico dej\u00f3 de recibir en t\u00e9rminos reales 26 mil 367 millones de pesos por concepto de gasto federalizado, espec\u00edficamente del Ramo 23, de los convenios de reasignaci\u00f3n y de los recursos para la salud.<br><\/p>\n","protected":false},"excerpt":{"rendered":"<p>El Partido Revolucionario Institucional (PRI) del Estado de M\u00e9xico respalda la iniciativa de su grupo parlamentario para que se pueda eliminar el pago del impuesto de tenencia vehicular con el fin de que las familias mexiquenses sean beneficiadas en el manejo de su econom\u00eda.<\/p>\n","protected":false},"author":1,"featured_media":10460,"comment_status":"open","ping_status":"open","sticky":false,"template":"","format":"standard","meta":{"footnotes":""},"categories":[3,1,231],"tags":[2281,1982,158],"class_list":["post-10458","post","type-post","status-publish","format-standard","has-post-thumbnail","hentry","category-gobierno","category-otros","category-politica","tag-ana-lilia-herrera-anzaldo","tag-edomex","tag-pri"],"yoast_head":"<!-- This site is optimized with the Yoast SEO plugin v27.5 - https:\/\/yoast.com\/product\/yoast-seo-wordpress\/ -->\n<title>PLANTEA PRI ELIMINAR TENENCIA VEHICULAR Y FRENAR RECORTES PRESUPUESTALES - Expresso Metropolitano<\/title>\n<meta name=\"robots\" content=\"index, follow, max-snippet:-1, max-image-preview:large, max-video-preview:-1\" \/>\n<link rel=\"canonical\" href=\"https:\/\/expressometro.mx\/index.php\/2024\/11\/21\/plantea-pri-eliminar-tenencia-vehicular-y-frenar-recortes-presupuestales\/\" \/>\n<meta property=\"og:locale\" content=\"es_MX\" \/>\n<meta property=\"og:type\" content=\"article\" \/>\n<meta property=\"og:title\" content=\"PLANTEA PRI ELIMINAR TENENCIA VEHICULAR Y FRENAR RECORTES PRESUPUESTALES - Expresso Metropolitano\" \/>\n<meta property=\"og:description\" content=\"El Partido Revolucionario Institucional (PRI) del Estado de M\u00e9xico respalda la iniciativa de su grupo parlamentario para que se pueda eliminar el pago del impuesto de tenencia vehicular con el fin de que las familias mexiquenses sean beneficiadas en el manejo de su econom\u00eda.\" \/>\n<meta property=\"og:url\" content=\"https:\/\/expressometro.mx\/index.php\/2024\/11\/21\/plantea-pri-eliminar-tenencia-vehicular-y-frenar-recortes-presupuestales\/\" \/>\n<meta property=\"og:site_name\" content=\"Expresso Metropolitano\" \/>\n<meta property=\"article:published_time\" content=\"2024-11-22T00:40:00+00:00\" \/>\n<meta property=\"og:image\" content=\"http:\/\/expressometro.mx\/wp-content\/uploads\/2024\/11\/WhatsApp-Image-2024-11-21-at-2.08.50-PM-scaled.jpeg\" \/>\n\t<meta property=\"og:image:width\" content=\"2560\" \/>\n\t<meta property=\"og:image:height\" content=\"1617\" \/>\n\t<meta property=\"og:image:type\" content=\"image\/jpeg\" \/>\n<meta name=\"author\" content=\"Expresso Metropolitano\" \/>\n<meta name=\"twitter:label1\" content=\"Escrito por\" \/>\n\t<meta name=\"twitter:data1\" content=\"Expresso Metropolitano\" \/>\n\t<meta name=\"twitter:label2\" content=\"Tiempo de lectura\" \/>\n\t<meta name=\"twitter:data2\" content=\"2 minutos\" \/>\n<script type=\"application\/ld+json\" class=\"yoast-schema-graph\">{\"@context\":\"https:\\\/\\\/schema.org\",\"@graph\":[{\"@type\":\"Article\",\"@id\":\"https:\\\/\\\/expressometro.mx\\\/index.php\\\/2024\\\/11\\\/21\\\/plantea-pri-eliminar-tenencia-vehicular-y-frenar-recortes-presupuestales\\\/#article\",\"isPartOf\":{\"@id\":\"https:\\\/\\\/expressometro.mx\\\/index.php\\\/2024\\\/11\\\/21\\\/plantea-pri-eliminar-tenencia-vehicular-y-frenar-recortes-presupuestales\\\/\"},\"author\":{\"name\":\"Expresso Metropolitano\",\"@id\":\"https:\\\/\\\/expressometro.mx\\\/#\\\/schema\\\/person\\\/efa971b4a0664db8ed5c22b1b0dd2f5d\"},\"headline\":\"PLANTEA PRI ELIMINAR TENENCIA VEHICULAR Y FRENAR RECORTES PRESUPUESTALES\",\"datePublished\":\"2024-11-22T00:40:00+00:00\",\"mainEntityOfPage\":{\"@id\":\"https:\\\/\\\/expressometro.mx\\\/index.php\\\/2024\\\/11\\\/21\\\/plantea-pri-eliminar-tenencia-vehicular-y-frenar-recortes-presupuestales\\\/\"},\"wordCount\":363,\"commentCount\":0,\"publisher\":{\"@id\":\"https:\\\/\\\/expressometro.mx\\\/#organization\"},\"image\":{\"@id\":\"https:\\\/\\\/expressometro.mx\\\/index.php\\\/2024\\\/11\\\/21\\\/plantea-pri-eliminar-tenencia-vehicular-y-frenar-recortes-presupuestales\\\/#primaryimage\"},\"thumbnailUrl\":\"https:\\\/\\\/expressometro.mx\\\/wp-content\\\/uploads\\\/2024\\\/11\\\/WhatsApp-Image-2024-11-21-at-2.08.50-PM-scaled.jpeg\",\"keywords\":[\"Ana Lilia Herrera Anzaldo\",\"Edomex\",\"PRI\"],\"articleSection\":[\"Gobierno\",\"Otros\",\"Pol\u00edtica\"],\"inLanguage\":\"es\",\"potentialAction\":[{\"@type\":\"CommentAction\",\"name\":\"Comment\",\"target\":[\"https:\\\/\\\/expressometro.mx\\\/index.php\\\/2024\\\/11\\\/21\\\/plantea-pri-eliminar-tenencia-vehicular-y-frenar-recortes-presupuestales\\\/#respond\"]}]},{\"@type\":\"WebPage\",\"@id\":\"https:\\\/\\\/expressometro.mx\\\/index.php\\\/2024\\\/11\\\/21\\\/plantea-pri-eliminar-tenencia-vehicular-y-frenar-recortes-presupuestales\\\/\",\"url\":\"https:\\\/\\\/expressometro.mx\\\/index.php\\\/2024\\\/11\\\/21\\\/plantea-pri-eliminar-tenencia-vehicular-y-frenar-recortes-presupuestales\\\/\",\"name\":\"PLANTEA PRI ELIMINAR TENENCIA VEHICULAR Y FRENAR RECORTES PRESUPUESTALES - Expresso Metropolitano\",\"isPartOf\":{\"@id\":\"https:\\\/\\\/expressometro.mx\\\/#website\"},\"primaryImageOfPage\":{\"@id\":\"https:\\\/\\\/expressometro.mx\\\/index.php\\\/2024\\\/11\\\/21\\\/plantea-pri-eliminar-tenencia-vehicular-y-frenar-recortes-presupuestales\\\/#primaryimage\"},\"image\":{\"@id\":\"https:\\\/\\\/expressometro.mx\\\/index.php\\\/2024\\\/11\\\/21\\\/plantea-pri-eliminar-tenencia-vehicular-y-frenar-recortes-presupuestales\\\/#primaryimage\"},\"thumbnailUrl\":\"https:\\\/\\\/expressometro.mx\\\/wp-content\\\/uploads\\\/2024\\\/11\\\/WhatsApp-Image-2024-11-21-at-2.08.50-PM-scaled.jpeg\",\"datePublished\":\"2024-11-22T00:40:00+00:00\",\"breadcrumb\":{\"@id\":\"https:\\\/\\\/expressometro.mx\\\/index.php\\\/2024\\\/11\\\/21\\\/plantea-pri-eliminar-tenencia-vehicular-y-frenar-recortes-presupuestales\\\/#breadcrumb\"},\"inLanguage\":\"es\",\"potentialAction\":[{\"@type\":\"ReadAction\",\"target\":[\"https:\\\/\\\/expressometro.mx\\\/index.php\\\/2024\\\/11\\\/21\\\/plantea-pri-eliminar-tenencia-vehicular-y-frenar-recortes-presupuestales\\\/\"]}]},{\"@type\":\"ImageObject\",\"inLanguage\":\"es\",\"@id\":\"https:\\\/\\\/expressometro.mx\\\/index.php\\\/2024\\\/11\\\/21\\\/plantea-pri-eliminar-tenencia-vehicular-y-frenar-recortes-presupuestales\\\/#primaryimage\",\"url\":\"https:\\\/\\\/expressometro.mx\\\/wp-content\\\/uploads\\\/2024\\\/11\\\/WhatsApp-Image-2024-11-21-at-2.08.50-PM-scaled.jpeg\",\"contentUrl\":\"https:\\\/\\\/expressometro.mx\\\/wp-content\\\/uploads\\\/2024\\\/11\\\/WhatsApp-Image-2024-11-21-at-2.08.50-PM-scaled.jpeg\",\"width\":2560,\"height\":1617},{\"@type\":\"BreadcrumbList\",\"@id\":\"https:\\\/\\\/expressometro.mx\\\/index.php\\\/2024\\\/11\\\/21\\\/plantea-pri-eliminar-tenencia-vehicular-y-frenar-recortes-presupuestales\\\/#breadcrumb\",\"itemListElement\":[{\"@type\":\"ListItem\",\"position\":1,\"name\":\"Inicio\",\"item\":\"https:\\\/\\\/expressometro.mx\\\/\"},{\"@type\":\"ListItem\",\"position\":2,\"name\":\"PLANTEA PRI ELIMINAR TENENCIA VEHICULAR Y FRENAR RECORTES PRESUPUESTALES\"}]},{\"@type\":\"WebSite\",\"@id\":\"https:\\\/\\\/expressometro.mx\\\/#website\",\"url\":\"https:\\\/\\\/expressometro.mx\\\/\",\"name\":\"Expresso Metropolitano\",\"description\":\"Periodismo comprometido, informaci\u00f3n, investigaci\u00f3n y an\u00e1lisis\",\"publisher\":{\"@id\":\"https:\\\/\\\/expressometro.mx\\\/#organization\"},\"potentialAction\":[{\"@type\":\"SearchAction\",\"target\":{\"@type\":\"EntryPoint\",\"urlTemplate\":\"https:\\\/\\\/expressometro.mx\\\/?s={search_term_string}\"},\"query-input\":{\"@type\":\"PropertyValueSpecification\",\"valueRequired\":true,\"valueName\":\"search_term_string\"}}],\"inLanguage\":\"es\"},{\"@type\":\"Organization\",\"@id\":\"https:\\\/\\\/expressometro.mx\\\/#organization\",\"name\":\"Expresso Metropolitano\",\"url\":\"https:\\\/\\\/expressometro.mx\\\/\",\"logo\":{\"@type\":\"ImageObject\",\"inLanguage\":\"es\",\"@id\":\"https:\\\/\\\/expressometro.mx\\\/#\\\/schema\\\/logo\\\/image\\\/\",\"url\":\"https:\\\/\\\/expressometro.mx\\\/wp-content\\\/uploads\\\/2019\\\/07\\\/cropped-Logo-Expresso-Metropolitano-1-1.jpeg\",\"contentUrl\":\"https:\\\/\\\/expressometro.mx\\\/wp-content\\\/uploads\\\/2019\\\/07\\\/cropped-Logo-Expresso-Metropolitano-1-1.jpeg\",\"width\":290,\"height\":73,\"caption\":\"Expresso Metropolitano\"},\"image\":{\"@id\":\"https:\\\/\\\/expressometro.mx\\\/#\\\/schema\\\/logo\\\/image\\\/\"}},{\"@type\":\"Person\",\"@id\":\"https:\\\/\\\/expressometro.mx\\\/#\\\/schema\\\/person\\\/efa971b4a0664db8ed5c22b1b0dd2f5d\",\"name\":\"Expresso Metropolitano\",\"image\":{\"@type\":\"ImageObject\",\"inLanguage\":\"es\",\"@id\":\"https:\\\/\\\/secure.gravatar.com\\\/avatar\\\/a89f802b8de18c6952f223c88d3d106e9e3679839f4e25a02f4a6cc2ae6ba3b3?s=96&d=mm&r=g\",\"url\":\"https:\\\/\\\/secure.gravatar.com\\\/avatar\\\/a89f802b8de18c6952f223c88d3d106e9e3679839f4e25a02f4a6cc2ae6ba3b3?s=96&d=mm&r=g\",\"contentUrl\":\"https:\\\/\\\/secure.gravatar.com\\\/avatar\\\/a89f802b8de18c6952f223c88d3d106e9e3679839f4e25a02f4a6cc2ae6ba3b3?s=96&d=mm&r=g\",\"caption\":\"Expresso Metropolitano\"},\"url\":\"https:\\\/\\\/expressometro.mx\\\/index.php\\\/author\\\/diego\\\/\"}]}<\/script>\n<!-- \/ Yoast SEO plugin. -->","yoast_head_json":{"title":"PLANTEA PRI ELIMINAR TENENCIA VEHICULAR Y FRENAR RECORTES PRESUPUESTALES - Expresso Metropolitano","robots":{"index":"index","follow":"follow","max-snippet":"max-snippet:-1","max-image-preview":"max-image-preview:large","max-video-preview":"max-video-preview:-1"},"canonical":"https:\/\/expressometro.mx\/index.php\/2024\/11\/21\/plantea-pri-eliminar-tenencia-vehicular-y-frenar-recortes-presupuestales\/","og_locale":"es_MX","og_type":"article","og_title":"PLANTEA PRI ELIMINAR TENENCIA VEHICULAR Y FRENAR RECORTES PRESUPUESTALES - Expresso Metropolitano","og_description":"El Partido Revolucionario Institucional (PRI) del Estado de M\u00e9xico respalda la iniciativa de su grupo parlamentario para que se pueda eliminar el pago del impuesto de tenencia vehicular con el fin de que las familias mexiquenses sean beneficiadas en el manejo de su econom\u00eda.","og_url":"https:\/\/expressometro.mx\/index.php\/2024\/11\/21\/plantea-pri-eliminar-tenencia-vehicular-y-frenar-recortes-presupuestales\/","og_site_name":"Expresso Metropolitano","article_published_time":"2024-11-22T00:40:00+00:00","og_image":[{"width":2560,"height":1617,"url":"http:\/\/expressometro.mx\/wp-content\/uploads\/2024\/11\/WhatsApp-Image-2024-11-21-at-2.08.50-PM-scaled.jpeg","type":"image\/jpeg"}],"author":"Expresso Metropolitano","twitter_misc":{"Escrito por":"Expresso Metropolitano","Tiempo de lectura":"2 minutos"},"schema":{"@context":"https:\/\/schema.org","@graph":[{"@type":"Article","@id":"https:\/\/expressometro.mx\/index.php\/2024\/11\/21\/plantea-pri-eliminar-tenencia-vehicular-y-frenar-recortes-presupuestales\/#article","isPartOf":{"@id":"https:\/\/expressometro.mx\/index.php\/2024\/11\/21\/plantea-pri-eliminar-tenencia-vehicular-y-frenar-recortes-presupuestales\/"},"author":{"name":"Expresso Metropolitano","@id":"https:\/\/expressometro.mx\/#\/schema\/person\/efa971b4a0664db8ed5c22b1b0dd2f5d"},"headline":"PLANTEA PRI ELIMINAR TENENCIA VEHICULAR Y FRENAR RECORTES PRESUPUESTALES","datePublished":"2024-11-22T00:40:00+00:00","mainEntityOfPage":{"@id":"https:\/\/expressometro.mx\/index.php\/2024\/11\/21\/plantea-pri-eliminar-tenencia-vehicular-y-frenar-recortes-presupuestales\/"},"wordCount":363,"commentCount":0,"publisher":{"@id":"https:\/\/expressometro.mx\/#organization"},"image":{"@id":"https:\/\/expressometro.mx\/index.php\/2024\/11\/21\/plantea-pri-eliminar-tenencia-vehicular-y-frenar-recortes-presupuestales\/#primaryimage"},"thumbnailUrl":"https:\/\/expressometro.mx\/wp-content\/uploads\/2024\/11\/WhatsApp-Image-2024-11-21-at-2.08.50-PM-scaled.jpeg","keywords":["Ana Lilia Herrera Anzaldo","Edomex","PRI"],"articleSection":["Gobierno","Otros","Pol\u00edtica"],"inLanguage":"es","potentialAction":[{"@type":"CommentAction","name":"Comment","target":["https:\/\/expressometro.mx\/index.php\/2024\/11\/21\/plantea-pri-eliminar-tenencia-vehicular-y-frenar-recortes-presupuestales\/#respond"]}]},{"@type":"WebPage","@id":"https:\/\/expressometro.mx\/index.php\/2024\/11\/21\/plantea-pri-eliminar-tenencia-vehicular-y-frenar-recortes-presupuestales\/","url":"https:\/\/expressometro.mx\/index.php\/2024\/11\/21\/plantea-pri-eliminar-tenencia-vehicular-y-frenar-recortes-presupuestales\/","name":"PLANTEA PRI ELIMINAR TENENCIA VEHICULAR Y FRENAR RECORTES PRESUPUESTALES - Expresso Metropolitano","isPartOf":{"@id":"https:\/\/expressometro.mx\/#website"},"primaryImageOfPage":{"@id":"https:\/\/expressometro.mx\/index.php\/2024\/11\/21\/plantea-pri-eliminar-tenencia-vehicular-y-frenar-recortes-presupuestales\/#primaryimage"},"image":{"@id":"https:\/\/expressometro.mx\/index.php\/2024\/11\/21\/plantea-pri-eliminar-tenencia-vehicular-y-frenar-recortes-presupuestales\/#primaryimage"},"thumbnailUrl":"https:\/\/expressometro.mx\/wp-content\/uploads\/2024\/11\/WhatsApp-Image-2024-11-21-at-2.08.50-PM-scaled.jpeg","datePublished":"2024-11-22T00:40:00+00:00","breadcrumb":{"@id":"https:\/\/expressometro.mx\/index.php\/2024\/11\/21\/plantea-pri-eliminar-tenencia-vehicular-y-frenar-recortes-presupuestales\/#breadcrumb"},"inLanguage":"es","potentialAction":[{"@type":"ReadAction","target":["https:\/\/expressometro.mx\/index.php\/2024\/11\/21\/plantea-pri-eliminar-tenencia-vehicular-y-frenar-recortes-presupuestales\/"]}]},{"@type":"ImageObject","inLanguage":"es","@id":"https:\/\/expressometro.mx\/index.php\/2024\/11\/21\/plantea-pri-eliminar-tenencia-vehicular-y-frenar-recortes-presupuestales\/#primaryimage","url":"https:\/\/expressometro.mx\/wp-content\/uploads\/2024\/11\/WhatsApp-Image-2024-11-21-at-2.08.50-PM-scaled.jpeg","contentUrl":"https:\/\/expressometro.mx\/wp-content\/uploads\/2024\/11\/WhatsApp-Image-2024-11-21-at-2.08.50-PM-scaled.jpeg","width":2560,"height":1617},{"@type":"BreadcrumbList","@id":"https:\/\/expressometro.mx\/index.php\/2024\/11\/21\/plantea-pri-eliminar-tenencia-vehicular-y-frenar-recortes-presupuestales\/#breadcrumb","itemListElement":[{"@type":"ListItem","position":1,"name":"Inicio","item":"https:\/\/expressometro.mx\/"},{"@type":"ListItem","position":2,"name":"PLANTEA PRI ELIMINAR TENENCIA VEHICULAR Y FRENAR RECORTES PRESUPUESTALES"}]},{"@type":"WebSite","@id":"https:\/\/expressometro.mx\/#website","url":"https:\/\/expressometro.mx\/","name":"Expresso Metropolitano","description":"Periodismo comprometido, informaci\u00f3n, investigaci\u00f3n y an\u00e1lisis","publisher":{"@id":"https:\/\/expressometro.mx\/#organization"},"potentialAction":[{"@type":"SearchAction","target":{"@type":"EntryPoint","urlTemplate":"https:\/\/expressometro.mx\/?s={search_term_string}"},"query-input":{"@type":"PropertyValueSpecification","valueRequired":true,"valueName":"search_term_string"}}],"inLanguage":"es"},{"@type":"Organization","@id":"https:\/\/expressometro.mx\/#organization","name":"Expresso Metropolitano","url":"https:\/\/expressometro.mx\/","logo":{"@type":"ImageObject","inLanguage":"es","@id":"https:\/\/expressometro.mx\/#\/schema\/logo\/image\/","url":"https:\/\/expressometro.mx\/wp-content\/uploads\/2019\/07\/cropped-Logo-Expresso-Metropolitano-1-1.jpeg","contentUrl":"https:\/\/expressometro.mx\/wp-content\/uploads\/2019\/07\/cropped-Logo-Expresso-Metropolitano-1-1.jpeg","width":290,"height":73,"caption":"Expresso Metropolitano"},"image":{"@id":"https:\/\/expressometro.mx\/#\/schema\/logo\/image\/"}},{"@type":"Person","@id":"https:\/\/expressometro.mx\/#\/schema\/person\/efa971b4a0664db8ed5c22b1b0dd2f5d","name":"Expresso Metropolitano","image":{"@type":"ImageObject","inLanguage":"es","@id":"https:\/\/secure.gravatar.com\/avatar\/a89f802b8de18c6952f223c88d3d106e9e3679839f4e25a02f4a6cc2ae6ba3b3?s=96&d=mm&r=g","url":"https:\/\/secure.gravatar.com\/avatar\/a89f802b8de18c6952f223c88d3d106e9e3679839f4e25a02f4a6cc2ae6ba3b3?s=96&d=mm&r=g","contentUrl":"https:\/\/secure.gravatar.com\/avatar\/a89f802b8de18c6952f223c88d3d106e9e3679839f4e25a02f4a6cc2ae6ba3b3?s=96&d=mm&r=g","caption":"Expresso Metropolitano"},"url":"https:\/\/expressometro.mx\/index.php\/author\/diego\/"}]}},"amp_enabled":true,"_links":{"self":[{"href":"https:\/\/expressometro.mx\/index.php\/wp-json\/wp\/v2\/posts\/10458","targetHints":{"allow":["GET"]}}],"collection":[{"href":"https:\/\/expressometro.mx\/index.php\/wp-json\/wp\/v2\/posts"}],"about":[{"href":"https:\/\/expressometro.mx\/index.php\/wp-json\/wp\/v2\/types\/post"}],"author":[{"embeddable":true,"href":"https:\/\/expressometro.mx\/index.php\/wp-json\/wp\/v2\/users\/1"}],"replies":[{"embeddable":true,"href":"https:\/\/expressometro.mx\/index.php\/wp-json\/wp\/v2\/comments?post=10458"}],"version-history":[{"count":1,"href":"https:\/\/expressometro.mx\/index.php\/wp-json\/wp\/v2\/posts\/10458\/revisions"}],"predecessor-version":[{"id":10461,"href":"https:\/\/expressometro.mx\/index.php\/wp-json\/wp\/v2\/posts\/10458\/revisions\/10461"}],"wp:featuredmedia":[{"embeddable":true,"href":"https:\/\/expressometro.mx\/index.php\/wp-json\/wp\/v2\/media\/10460"}],"wp:attachment":[{"href":"https:\/\/expressometro.mx\/index.php\/wp-json\/wp\/v2\/media?parent=10458"}],"wp:term":[{"taxonomy":"category","embeddable":true,"href":"https:\/\/expressometro.mx\/index.php\/wp-json\/wp\/v2\/categories?post=10458"},{"taxonomy":"post_tag","embeddable":true,"href":"https:\/\/expressometro.mx\/index.php\/wp-json\/wp\/v2\/tags?post=10458"}],"curies":[{"name":"wp","href":"https:\/\/api.w.org\/{rel}","templated":true}]}}