{"id":10425,"date":"2024-11-10T22:12:41","date_gmt":"2024-11-11T04:12:41","guid":{"rendered":"https:\/\/expressometro.mx\/?p=10425"},"modified":"2024-11-10T22:12:41","modified_gmt":"2024-11-11T04:12:41","slug":"el-pri-volvera-con-trabajo-y-en-unidad-para-ser-la-opcion-del-pueblo-ana-lilia-herrera","status":"publish","type":"post","link":"https:\/\/expressometro.mx\/index.php\/2024\/11\/10\/el-pri-volvera-con-trabajo-y-en-unidad-para-ser-la-opcion-del-pueblo-ana-lilia-herrera\/","title":{"rendered":"EL PRI VOLVER\u00c1 CON TRABAJO Y EN UNIDAD PARA SER LA OPCI\u00d3N DEL PUEBLO: ANA LILIA HERRERA"},"content":{"rendered":"\n<ul class=\"wp-block-list\">\n<li>El priismo de Jiquipilco, que manifest\u00f3 su inconformidad con la coalici\u00f3n electoral de este a\u00f1o, asegur\u00f3 que fortalecer\u00e1 sus estructuras para ser m\u00e1s competitivos en los pr\u00f3ximos comicios.<\/li>\n<\/ul>\n\n\n\n<p>El Partido Revolucionario Institucional tiene una extraordinaria capacidad de recuperarse y hoy no ser\u00e1 la excepci\u00f3n, porque tenemos una militancia que se hace fuerte ante la adversidad y liderazgos que tienen trabajo en territorio, dej\u00f3 en claro la presidenta del Comit\u00e9 Directivo Estatal (CDE), Ana Lilia Herrera Anzaldo.<\/p>\n\n\n\n<p>En reuni\u00f3n con la militancia de Jiquipilco, que manifest\u00f3 su inconformidad por los resultados que derivaron de una coalici\u00f3n electoral, la jefa de partido dijo que el priismo mexiquense ha demostrado su resiliencia para volver a empezar con trabajo, disciplina y unidad, \u201csin filias ni fobias donde todos se sumen\u201d.<\/p>\n\n\n\n<figure class=\"wp-block-image size-large\"><img decoding=\"async\" width=\"840\" height=\"448\" src=\"https:\/\/expressometro.mx\/wp-content\/uploads\/2024\/11\/WhatsApp-Image-2024-11-10-at-4.41.39-PM-2-840x448.jpeg\" alt=\"\" class=\"wp-image-10428\" srcset=\"https:\/\/expressometro.mx\/wp-content\/uploads\/2024\/11\/WhatsApp-Image-2024-11-10-at-4.41.39-PM-2-840x448.jpeg 840w, https:\/\/expressometro.mx\/wp-content\/uploads\/2024\/11\/WhatsApp-Image-2024-11-10-at-4.41.39-PM-2-660x352.jpeg 660w, https:\/\/expressometro.mx\/wp-content\/uploads\/2024\/11\/WhatsApp-Image-2024-11-10-at-4.41.39-PM-2-768x409.jpeg 768w, https:\/\/expressometro.mx\/wp-content\/uploads\/2024\/11\/WhatsApp-Image-2024-11-10-at-4.41.39-PM-2.jpeg 1280w\" sizes=\"(max-width: 840px) 100vw, 840px\" \/><\/figure>\n\n\n\n<p>Acompa\u00f1ada de la diputada Leticia Mej\u00eda Garc\u00eda y del alcalde Felipe S\u00e1nchez D\u00e1vila, la l\u00edder estatal del PRI plante\u00f3 que la autocritica es necesaria pero hay mucho m\u00e1s que reconocer \u201cen el esfuerzo que hace el priismo por ser el mejor partido de M\u00e9xico y ser una opci\u00f3n de gobierno que construya un mejor pa\u00eds\u201d.<\/p>\n\n\n\n<p>\u201cNosotros somos el PRI de las instituciones que no se atrevi\u00f3 jam\u00e1s a militarizar el pa\u00eds como hoy lo vemos con el oficialismo\u201c, resalt\u00f3 la dirigente partidista, al asegurar que el PRI sacar\u00e1 la casta y crecer\u00e1 ante la adversidad con m\u00e1s estructura en territorio para convencer y construir los triunfos electorales.<\/p>\n\n\n\n<p>En su momento, Leticia Mej\u00eda y Felipe S\u00e1nchez aseguraron a la militancia que el PRI volver\u00e1 con m\u00e1s fuerza porque existe mayor apertura a la participaci\u00f3n y reconocimiento a sus liderazgos con el fin de escribir una nueva historia para la patria.<\/p>\n","protected":false},"excerpt":{"rendered":"<p>El priismo de Jiquipilco, que manifest\u00f3 su inconformidad con la coalici\u00f3n electoral de este a\u00f1o, asegur\u00f3 que fortalecer\u00e1 sus estructuras para ser m\u00e1s competitivos en los pr\u00f3ximos comicios.<\/p>\n","protected":false},"author":1,"featured_media":10427,"comment_status":"open","ping_status":"open","sticky":false,"template":"","format":"standard","meta":{"footnotes":""},"categories":[3,1,231],"tags":[2281,1982,196,158],"class_list":["post-10425","post","type-post","status-publish","format-standard","has-post-thumbnail","hentry","category-gobierno","category-otros","category-politica","tag-ana-lilia-herrera-anzaldo","tag-edomex","tag-jiquipilco","tag-pri"],"yoast_head":"<!-- This site is optimized with the Yoast SEO plugin v27.4 - https:\/\/yoast.com\/product\/yoast-seo-wordpress\/ -->\n<title>EL PRI VOLVER\u00c1 CON TRABAJO Y EN UNIDAD PARA SER LA OPCI\u00d3N DEL PUEBLO: ANA LILIA HERRERA - Expresso Metropolitano<\/title>\n<meta name=\"robots\" content=\"index, follow, max-snippet:-1, max-image-preview:large, max-video-preview:-1\" \/>\n<link rel=\"canonical\" href=\"https:\/\/expressometro.mx\/index.php\/2024\/11\/10\/el-pri-volvera-con-trabajo-y-en-unidad-para-ser-la-opcion-del-pueblo-ana-lilia-herrera\/\" \/>\n<meta property=\"og:locale\" content=\"es_MX\" \/>\n<meta property=\"og:type\" content=\"article\" \/>\n<meta property=\"og:title\" content=\"EL PRI VOLVER\u00c1 CON TRABAJO Y EN UNIDAD PARA SER LA OPCI\u00d3N DEL PUEBLO: ANA LILIA HERRERA - Expresso Metropolitano\" \/>\n<meta property=\"og:description\" content=\"El priismo de Jiquipilco, que manifest\u00f3 su inconformidad con la coalici\u00f3n electoral de este a\u00f1o, asegur\u00f3 que fortalecer\u00e1 sus estructuras para ser m\u00e1s competitivos en los pr\u00f3ximos comicios.\" \/>\n<meta property=\"og:url\" content=\"https:\/\/expressometro.mx\/index.php\/2024\/11\/10\/el-pri-volvera-con-trabajo-y-en-unidad-para-ser-la-opcion-del-pueblo-ana-lilia-herrera\/\" \/>\n<meta property=\"og:site_name\" content=\"Expresso Metropolitano\" \/>\n<meta property=\"article:published_time\" content=\"2024-11-11T04:12:41+00:00\" \/>\n<meta property=\"og:image\" content=\"http:\/\/expressometro.mx\/wp-content\/uploads\/2024\/11\/WhatsApp-Image-2024-11-10-at-4.41.39-PM.jpeg\" \/>\n\t<meta property=\"og:image:width\" content=\"1280\" \/>\n\t<meta property=\"og:image:height\" content=\"710\" \/>\n\t<meta property=\"og:image:type\" content=\"image\/jpeg\" \/>\n<meta name=\"author\" content=\"Expresso Metropolitano\" \/>\n<meta name=\"twitter:label1\" content=\"Escrito por\" \/>\n\t<meta name=\"twitter:data1\" content=\"Expresso Metropolitano\" \/>\n\t<meta name=\"twitter:label2\" content=\"Tiempo de lectura\" \/>\n\t<meta name=\"twitter:data2\" content=\"2 minutos\" \/>\n<script type=\"application\/ld+json\" class=\"yoast-schema-graph\">{\"@context\":\"https:\\\/\\\/schema.org\",\"@graph\":[{\"@type\":\"Article\",\"@id\":\"https:\\\/\\\/expressometro.mx\\\/index.php\\\/2024\\\/11\\\/10\\\/el-pri-volvera-con-trabajo-y-en-unidad-para-ser-la-opcion-del-pueblo-ana-lilia-herrera\\\/#article\",\"isPartOf\":{\"@id\":\"https:\\\/\\\/expressometro.mx\\\/index.php\\\/2024\\\/11\\\/10\\\/el-pri-volvera-con-trabajo-y-en-unidad-para-ser-la-opcion-del-pueblo-ana-lilia-herrera\\\/\"},\"author\":{\"name\":\"Expresso Metropolitano\",\"@id\":\"https:\\\/\\\/expressometro.mx\\\/#\\\/schema\\\/person\\\/efa971b4a0664db8ed5c22b1b0dd2f5d\"},\"headline\":\"EL PRI VOLVER\u00c1 CON TRABAJO Y EN UNIDAD PARA SER LA OPCI\u00d3N DEL PUEBLO: ANA LILIA HERRERA\",\"datePublished\":\"2024-11-11T04:12:41+00:00\",\"mainEntityOfPage\":{\"@id\":\"https:\\\/\\\/expressometro.mx\\\/index.php\\\/2024\\\/11\\\/10\\\/el-pri-volvera-con-trabajo-y-en-unidad-para-ser-la-opcion-del-pueblo-ana-lilia-herrera\\\/\"},\"wordCount\":317,\"commentCount\":0,\"publisher\":{\"@id\":\"https:\\\/\\\/expressometro.mx\\\/#organization\"},\"image\":{\"@id\":\"https:\\\/\\\/expressometro.mx\\\/index.php\\\/2024\\\/11\\\/10\\\/el-pri-volvera-con-trabajo-y-en-unidad-para-ser-la-opcion-del-pueblo-ana-lilia-herrera\\\/#primaryimage\"},\"thumbnailUrl\":\"https:\\\/\\\/expressometro.mx\\\/wp-content\\\/uploads\\\/2024\\\/11\\\/WhatsApp-Image-2024-11-10-at-4.41.39-PM.jpeg\",\"keywords\":[\"Ana Lilia Herrera Anzaldo\",\"Edomex\",\"Jiquipilco\",\"PRI\"],\"articleSection\":[\"Gobierno\",\"Otros\",\"Pol\u00edtica\"],\"inLanguage\":\"es\",\"potentialAction\":[{\"@type\":\"CommentAction\",\"name\":\"Comment\",\"target\":[\"https:\\\/\\\/expressometro.mx\\\/index.php\\\/2024\\\/11\\\/10\\\/el-pri-volvera-con-trabajo-y-en-unidad-para-ser-la-opcion-del-pueblo-ana-lilia-herrera\\\/#respond\"]}]},{\"@type\":\"WebPage\",\"@id\":\"https:\\\/\\\/expressometro.mx\\\/index.php\\\/2024\\\/11\\\/10\\\/el-pri-volvera-con-trabajo-y-en-unidad-para-ser-la-opcion-del-pueblo-ana-lilia-herrera\\\/\",\"url\":\"https:\\\/\\\/expressometro.mx\\\/index.php\\\/2024\\\/11\\\/10\\\/el-pri-volvera-con-trabajo-y-en-unidad-para-ser-la-opcion-del-pueblo-ana-lilia-herrera\\\/\",\"name\":\"EL PRI VOLVER\u00c1 CON TRABAJO Y EN UNIDAD PARA SER LA OPCI\u00d3N DEL PUEBLO: ANA LILIA HERRERA - Expresso Metropolitano\",\"isPartOf\":{\"@id\":\"https:\\\/\\\/expressometro.mx\\\/#website\"},\"primaryImageOfPage\":{\"@id\":\"https:\\\/\\\/expressometro.mx\\\/index.php\\\/2024\\\/11\\\/10\\\/el-pri-volvera-con-trabajo-y-en-unidad-para-ser-la-opcion-del-pueblo-ana-lilia-herrera\\\/#primaryimage\"},\"image\":{\"@id\":\"https:\\\/\\\/expressometro.mx\\\/index.php\\\/2024\\\/11\\\/10\\\/el-pri-volvera-con-trabajo-y-en-unidad-para-ser-la-opcion-del-pueblo-ana-lilia-herrera\\\/#primaryimage\"},\"thumbnailUrl\":\"https:\\\/\\\/expressometro.mx\\\/wp-content\\\/uploads\\\/2024\\\/11\\\/WhatsApp-Image-2024-11-10-at-4.41.39-PM.jpeg\",\"datePublished\":\"2024-11-11T04:12:41+00:00\",\"breadcrumb\":{\"@id\":\"https:\\\/\\\/expressometro.mx\\\/index.php\\\/2024\\\/11\\\/10\\\/el-pri-volvera-con-trabajo-y-en-unidad-para-ser-la-opcion-del-pueblo-ana-lilia-herrera\\\/#breadcrumb\"},\"inLanguage\":\"es\",\"potentialAction\":[{\"@type\":\"ReadAction\",\"target\":[\"https:\\\/\\\/expressometro.mx\\\/index.php\\\/2024\\\/11\\\/10\\\/el-pri-volvera-con-trabajo-y-en-unidad-para-ser-la-opcion-del-pueblo-ana-lilia-herrera\\\/\"]}]},{\"@type\":\"ImageObject\",\"inLanguage\":\"es\",\"@id\":\"https:\\\/\\\/expressometro.mx\\\/index.php\\\/2024\\\/11\\\/10\\\/el-pri-volvera-con-trabajo-y-en-unidad-para-ser-la-opcion-del-pueblo-ana-lilia-herrera\\\/#primaryimage\",\"url\":\"https:\\\/\\\/expressometro.mx\\\/wp-content\\\/uploads\\\/2024\\\/11\\\/WhatsApp-Image-2024-11-10-at-4.41.39-PM.jpeg\",\"contentUrl\":\"https:\\\/\\\/expressometro.mx\\\/wp-content\\\/uploads\\\/2024\\\/11\\\/WhatsApp-Image-2024-11-10-at-4.41.39-PM.jpeg\",\"width\":1280,\"height\":710},{\"@type\":\"BreadcrumbList\",\"@id\":\"https:\\\/\\\/expressometro.mx\\\/index.php\\\/2024\\\/11\\\/10\\\/el-pri-volvera-con-trabajo-y-en-unidad-para-ser-la-opcion-del-pueblo-ana-lilia-herrera\\\/#breadcrumb\",\"itemListElement\":[{\"@type\":\"ListItem\",\"position\":1,\"name\":\"Inicio\",\"item\":\"https:\\\/\\\/expressometro.mx\\\/\"},{\"@type\":\"ListItem\",\"position\":2,\"name\":\"EL PRI VOLVER\u00c1 CON TRABAJO Y EN UNIDAD PARA SER LA OPCI\u00d3N DEL PUEBLO: ANA LILIA HERRERA\"}]},{\"@type\":\"WebSite\",\"@id\":\"https:\\\/\\\/expressometro.mx\\\/#website\",\"url\":\"https:\\\/\\\/expressometro.mx\\\/\",\"name\":\"Expresso Metropolitano\",\"description\":\"Periodismo comprometido, informaci\u00f3n, investigaci\u00f3n y an\u00e1lisis\",\"publisher\":{\"@id\":\"https:\\\/\\\/expressometro.mx\\\/#organization\"},\"potentialAction\":[{\"@type\":\"SearchAction\",\"target\":{\"@type\":\"EntryPoint\",\"urlTemplate\":\"https:\\\/\\\/expressometro.mx\\\/?s={search_term_string}\"},\"query-input\":{\"@type\":\"PropertyValueSpecification\",\"valueRequired\":true,\"valueName\":\"search_term_string\"}}],\"inLanguage\":\"es\"},{\"@type\":\"Organization\",\"@id\":\"https:\\\/\\\/expressometro.mx\\\/#organization\",\"name\":\"Expresso Metropolitano\",\"url\":\"https:\\\/\\\/expressometro.mx\\\/\",\"logo\":{\"@type\":\"ImageObject\",\"inLanguage\":\"es\",\"@id\":\"https:\\\/\\\/expressometro.mx\\\/#\\\/schema\\\/logo\\\/image\\\/\",\"url\":\"https:\\\/\\\/expressometro.mx\\\/wp-content\\\/uploads\\\/2019\\\/07\\\/cropped-Logo-Expresso-Metropolitano-1-1.jpeg\",\"contentUrl\":\"https:\\\/\\\/expressometro.mx\\\/wp-content\\\/uploads\\\/2019\\\/07\\\/cropped-Logo-Expresso-Metropolitano-1-1.jpeg\",\"width\":290,\"height\":73,\"caption\":\"Expresso Metropolitano\"},\"image\":{\"@id\":\"https:\\\/\\\/expressometro.mx\\\/#\\\/schema\\\/logo\\\/image\\\/\"}},{\"@type\":\"Person\",\"@id\":\"https:\\\/\\\/expressometro.mx\\\/#\\\/schema\\\/person\\\/efa971b4a0664db8ed5c22b1b0dd2f5d\",\"name\":\"Expresso Metropolitano\",\"image\":{\"@type\":\"ImageObject\",\"inLanguage\":\"es\",\"@id\":\"https:\\\/\\\/secure.gravatar.com\\\/avatar\\\/a89f802b8de18c6952f223c88d3d106e9e3679839f4e25a02f4a6cc2ae6ba3b3?s=96&d=mm&r=g\",\"url\":\"https:\\\/\\\/secure.gravatar.com\\\/avatar\\\/a89f802b8de18c6952f223c88d3d106e9e3679839f4e25a02f4a6cc2ae6ba3b3?s=96&d=mm&r=g\",\"contentUrl\":\"https:\\\/\\\/secure.gravatar.com\\\/avatar\\\/a89f802b8de18c6952f223c88d3d106e9e3679839f4e25a02f4a6cc2ae6ba3b3?s=96&d=mm&r=g\",\"caption\":\"Expresso Metropolitano\"},\"url\":\"https:\\\/\\\/expressometro.mx\\\/index.php\\\/author\\\/diego\\\/\"}]}<\/script>\n<!-- \/ Yoast SEO plugin. -->","yoast_head_json":{"title":"EL PRI VOLVER\u00c1 CON TRABAJO Y EN UNIDAD PARA SER LA OPCI\u00d3N DEL PUEBLO: ANA LILIA HERRERA - Expresso Metropolitano","robots":{"index":"index","follow":"follow","max-snippet":"max-snippet:-1","max-image-preview":"max-image-preview:large","max-video-preview":"max-video-preview:-1"},"canonical":"https:\/\/expressometro.mx\/index.php\/2024\/11\/10\/el-pri-volvera-con-trabajo-y-en-unidad-para-ser-la-opcion-del-pueblo-ana-lilia-herrera\/","og_locale":"es_MX","og_type":"article","og_title":"EL PRI VOLVER\u00c1 CON TRABAJO Y EN UNIDAD PARA SER LA OPCI\u00d3N DEL PUEBLO: ANA LILIA HERRERA - Expresso Metropolitano","og_description":"El priismo de Jiquipilco, que manifest\u00f3 su inconformidad con la coalici\u00f3n electoral de este a\u00f1o, asegur\u00f3 que fortalecer\u00e1 sus estructuras para ser m\u00e1s competitivos en los pr\u00f3ximos comicios.","og_url":"https:\/\/expressometro.mx\/index.php\/2024\/11\/10\/el-pri-volvera-con-trabajo-y-en-unidad-para-ser-la-opcion-del-pueblo-ana-lilia-herrera\/","og_site_name":"Expresso Metropolitano","article_published_time":"2024-11-11T04:12:41+00:00","og_image":[{"width":1280,"height":710,"url":"http:\/\/expressometro.mx\/wp-content\/uploads\/2024\/11\/WhatsApp-Image-2024-11-10-at-4.41.39-PM.jpeg","type":"image\/jpeg"}],"author":"Expresso Metropolitano","twitter_misc":{"Escrito por":"Expresso Metropolitano","Tiempo de lectura":"2 minutos"},"schema":{"@context":"https:\/\/schema.org","@graph":[{"@type":"Article","@id":"https:\/\/expressometro.mx\/index.php\/2024\/11\/10\/el-pri-volvera-con-trabajo-y-en-unidad-para-ser-la-opcion-del-pueblo-ana-lilia-herrera\/#article","isPartOf":{"@id":"https:\/\/expressometro.mx\/index.php\/2024\/11\/10\/el-pri-volvera-con-trabajo-y-en-unidad-para-ser-la-opcion-del-pueblo-ana-lilia-herrera\/"},"author":{"name":"Expresso Metropolitano","@id":"https:\/\/expressometro.mx\/#\/schema\/person\/efa971b4a0664db8ed5c22b1b0dd2f5d"},"headline":"EL PRI VOLVER\u00c1 CON TRABAJO Y EN UNIDAD PARA SER LA OPCI\u00d3N DEL PUEBLO: ANA LILIA HERRERA","datePublished":"2024-11-11T04:12:41+00:00","mainEntityOfPage":{"@id":"https:\/\/expressometro.mx\/index.php\/2024\/11\/10\/el-pri-volvera-con-trabajo-y-en-unidad-para-ser-la-opcion-del-pueblo-ana-lilia-herrera\/"},"wordCount":317,"commentCount":0,"publisher":{"@id":"https:\/\/expressometro.mx\/#organization"},"image":{"@id":"https:\/\/expressometro.mx\/index.php\/2024\/11\/10\/el-pri-volvera-con-trabajo-y-en-unidad-para-ser-la-opcion-del-pueblo-ana-lilia-herrera\/#primaryimage"},"thumbnailUrl":"https:\/\/expressometro.mx\/wp-content\/uploads\/2024\/11\/WhatsApp-Image-2024-11-10-at-4.41.39-PM.jpeg","keywords":["Ana Lilia Herrera Anzaldo","Edomex","Jiquipilco","PRI"],"articleSection":["Gobierno","Otros","Pol\u00edtica"],"inLanguage":"es","potentialAction":[{"@type":"CommentAction","name":"Comment","target":["https:\/\/expressometro.mx\/index.php\/2024\/11\/10\/el-pri-volvera-con-trabajo-y-en-unidad-para-ser-la-opcion-del-pueblo-ana-lilia-herrera\/#respond"]}]},{"@type":"WebPage","@id":"https:\/\/expressometro.mx\/index.php\/2024\/11\/10\/el-pri-volvera-con-trabajo-y-en-unidad-para-ser-la-opcion-del-pueblo-ana-lilia-herrera\/","url":"https:\/\/expressometro.mx\/index.php\/2024\/11\/10\/el-pri-volvera-con-trabajo-y-en-unidad-para-ser-la-opcion-del-pueblo-ana-lilia-herrera\/","name":"EL PRI VOLVER\u00c1 CON TRABAJO Y EN UNIDAD PARA SER LA OPCI\u00d3N DEL PUEBLO: ANA LILIA HERRERA - Expresso Metropolitano","isPartOf":{"@id":"https:\/\/expressometro.mx\/#website"},"primaryImageOfPage":{"@id":"https:\/\/expressometro.mx\/index.php\/2024\/11\/10\/el-pri-volvera-con-trabajo-y-en-unidad-para-ser-la-opcion-del-pueblo-ana-lilia-herrera\/#primaryimage"},"image":{"@id":"https:\/\/expressometro.mx\/index.php\/2024\/11\/10\/el-pri-volvera-con-trabajo-y-en-unidad-para-ser-la-opcion-del-pueblo-ana-lilia-herrera\/#primaryimage"},"thumbnailUrl":"https:\/\/expressometro.mx\/wp-content\/uploads\/2024\/11\/WhatsApp-Image-2024-11-10-at-4.41.39-PM.jpeg","datePublished":"2024-11-11T04:12:41+00:00","breadcrumb":{"@id":"https:\/\/expressometro.mx\/index.php\/2024\/11\/10\/el-pri-volvera-con-trabajo-y-en-unidad-para-ser-la-opcion-del-pueblo-ana-lilia-herrera\/#breadcrumb"},"inLanguage":"es","potentialAction":[{"@type":"ReadAction","target":["https:\/\/expressometro.mx\/index.php\/2024\/11\/10\/el-pri-volvera-con-trabajo-y-en-unidad-para-ser-la-opcion-del-pueblo-ana-lilia-herrera\/"]}]},{"@type":"ImageObject","inLanguage":"es","@id":"https:\/\/expressometro.mx\/index.php\/2024\/11\/10\/el-pri-volvera-con-trabajo-y-en-unidad-para-ser-la-opcion-del-pueblo-ana-lilia-herrera\/#primaryimage","url":"https:\/\/expressometro.mx\/wp-content\/uploads\/2024\/11\/WhatsApp-Image-2024-11-10-at-4.41.39-PM.jpeg","contentUrl":"https:\/\/expressometro.mx\/wp-content\/uploads\/2024\/11\/WhatsApp-Image-2024-11-10-at-4.41.39-PM.jpeg","width":1280,"height":710},{"@type":"BreadcrumbList","@id":"https:\/\/expressometro.mx\/index.php\/2024\/11\/10\/el-pri-volvera-con-trabajo-y-en-unidad-para-ser-la-opcion-del-pueblo-ana-lilia-herrera\/#breadcrumb","itemListElement":[{"@type":"ListItem","position":1,"name":"Inicio","item":"https:\/\/expressometro.mx\/"},{"@type":"ListItem","position":2,"name":"EL PRI VOLVER\u00c1 CON TRABAJO Y EN UNIDAD PARA SER LA OPCI\u00d3N DEL PUEBLO: ANA LILIA HERRERA"}]},{"@type":"WebSite","@id":"https:\/\/expressometro.mx\/#website","url":"https:\/\/expressometro.mx\/","name":"Expresso Metropolitano","description":"Periodismo comprometido, informaci\u00f3n, investigaci\u00f3n y an\u00e1lisis","publisher":{"@id":"https:\/\/expressometro.mx\/#organization"},"potentialAction":[{"@type":"SearchAction","target":{"@type":"EntryPoint","urlTemplate":"https:\/\/expressometro.mx\/?s={search_term_string}"},"query-input":{"@type":"PropertyValueSpecification","valueRequired":true,"valueName":"search_term_string"}}],"inLanguage":"es"},{"@type":"Organization","@id":"https:\/\/expressometro.mx\/#organization","name":"Expresso Metropolitano","url":"https:\/\/expressometro.mx\/","logo":{"@type":"ImageObject","inLanguage":"es","@id":"https:\/\/expressometro.mx\/#\/schema\/logo\/image\/","url":"https:\/\/expressometro.mx\/wp-content\/uploads\/2019\/07\/cropped-Logo-Expresso-Metropolitano-1-1.jpeg","contentUrl":"https:\/\/expressometro.mx\/wp-content\/uploads\/2019\/07\/cropped-Logo-Expresso-Metropolitano-1-1.jpeg","width":290,"height":73,"caption":"Expresso Metropolitano"},"image":{"@id":"https:\/\/expressometro.mx\/#\/schema\/logo\/image\/"}},{"@type":"Person","@id":"https:\/\/expressometro.mx\/#\/schema\/person\/efa971b4a0664db8ed5c22b1b0dd2f5d","name":"Expresso Metropolitano","image":{"@type":"ImageObject","inLanguage":"es","@id":"https:\/\/secure.gravatar.com\/avatar\/a89f802b8de18c6952f223c88d3d106e9e3679839f4e25a02f4a6cc2ae6ba3b3?s=96&d=mm&r=g","url":"https:\/\/secure.gravatar.com\/avatar\/a89f802b8de18c6952f223c88d3d106e9e3679839f4e25a02f4a6cc2ae6ba3b3?s=96&d=mm&r=g","contentUrl":"https:\/\/secure.gravatar.com\/avatar\/a89f802b8de18c6952f223c88d3d106e9e3679839f4e25a02f4a6cc2ae6ba3b3?s=96&d=mm&r=g","caption":"Expresso Metropolitano"},"url":"https:\/\/expressometro.mx\/index.php\/author\/diego\/"}]}},"amp_enabled":true,"_links":{"self":[{"href":"https:\/\/expressometro.mx\/index.php\/wp-json\/wp\/v2\/posts\/10425","targetHints":{"allow":["GET"]}}],"collection":[{"href":"https:\/\/expressometro.mx\/index.php\/wp-json\/wp\/v2\/posts"}],"about":[{"href":"https:\/\/expressometro.mx\/index.php\/wp-json\/wp\/v2\/types\/post"}],"author":[{"embeddable":true,"href":"https:\/\/expressometro.mx\/index.php\/wp-json\/wp\/v2\/users\/1"}],"replies":[{"embeddable":true,"href":"https:\/\/expressometro.mx\/index.php\/wp-json\/wp\/v2\/comments?post=10425"}],"version-history":[{"count":1,"href":"https:\/\/expressometro.mx\/index.php\/wp-json\/wp\/v2\/posts\/10425\/revisions"}],"predecessor-version":[{"id":10429,"href":"https:\/\/expressometro.mx\/index.php\/wp-json\/wp\/v2\/posts\/10425\/revisions\/10429"}],"wp:featuredmedia":[{"embeddable":true,"href":"https:\/\/expressometro.mx\/index.php\/wp-json\/wp\/v2\/media\/10427"}],"wp:attachment":[{"href":"https:\/\/expressometro.mx\/index.php\/wp-json\/wp\/v2\/media?parent=10425"}],"wp:term":[{"taxonomy":"category","embeddable":true,"href":"https:\/\/expressometro.mx\/index.php\/wp-json\/wp\/v2\/categories?post=10425"},{"taxonomy":"post_tag","embeddable":true,"href":"https:\/\/expressometro.mx\/index.php\/wp-json\/wp\/v2\/tags?post=10425"}],"curies":[{"name":"wp","href":"https:\/\/api.w.org\/{rel}","templated":true}]}}