{"id":10419,"date":"2024-11-06T19:15:52","date_gmt":"2024-11-07T01:15:52","guid":{"rendered":"https:\/\/expressometro.mx\/?p=10419"},"modified":"2024-11-06T19:15:53","modified_gmt":"2024-11-07T01:15:53","slug":"gestiona-abuzeid-lozano-la-primera-cabina-telefonica-gratuita-en-ixtlahuaca","status":"publish","type":"post","link":"https:\/\/expressometro.mx\/index.php\/2024\/11\/06\/gestiona-abuzeid-lozano-la-primera-cabina-telefonica-gratuita-en-ixtlahuaca\/","title":{"rendered":"GESTIONA ABUZEID LOZANO LA PRIMERA CABINA TELEF\u00d3NICA GRATUITA EN IXTLAHUACA"},"content":{"rendered":"\n<p>En la localidad mazahua de San Andr\u00e9s del Pedregal, municipio de Ixtlahuaca, la CFE, en su divisi\u00f3n de Internet para todos, coloc\u00f3 la primera cabina telef\u00f3nica con servicio gratuito para los habitantes que deseen realizar llamadas a tel\u00e9fonos fijos de hogares de M\u00e9xico, Estados Unidos y Canad\u00e1 o a l\u00edneas de celulares, sin tiempo limitado.<\/p>\n\n\n\n<p>Derivado de una gesti\u00f3n del Gobierno de Ixtlahuaca, se llev\u00f3 a cabo esta acci\u00f3n, con la que suman 49 cabinas de este tipo en el Estado de M\u00e9xico.<\/p>\n\n\n\n<p>El presidente municipal, Abuzeid Lozano, explic\u00f3 que se sign\u00f3 un convenio con la Comisi\u00f3n Federal de Electricidad (CFE) para la instalaci\u00f3n del primer tel\u00e9fono gratuito en todo el municipio y en una segunda etapa se contar\u00e1 con internet gratis para que los vecinos puedan conectarse.<\/p>\n\n\n\n<figure class=\"wp-block-image size-large\"><img decoding=\"async\" width=\"720\" height=\"480\" src=\"https:\/\/expressometro.mx\/wp-content\/uploads\/2024\/11\/WhatsApp-Image-2024-11-06-at-1.05.17-PM-1-720x480.jpeg\" alt=\"\" class=\"wp-image-10422\" srcset=\"https:\/\/expressometro.mx\/wp-content\/uploads\/2024\/11\/WhatsApp-Image-2024-11-06-at-1.05.17-PM-1-720x480.jpeg 720w, https:\/\/expressometro.mx\/wp-content\/uploads\/2024\/11\/WhatsApp-Image-2024-11-06-at-1.05.17-PM-1-548x365.jpeg 548w, https:\/\/expressometro.mx\/wp-content\/uploads\/2024\/11\/WhatsApp-Image-2024-11-06-at-1.05.17-PM-1-768x512.jpeg 768w, https:\/\/expressometro.mx\/wp-content\/uploads\/2024\/11\/WhatsApp-Image-2024-11-06-at-1.05.17-PM-1.jpeg 1200w\" sizes=\"(max-width: 720px) 100vw, 720px\" \/><\/figure>\n\n\n\n<p>Destac\u00f3 la importancia de ubicar este servicio en zonas escolares y hospitalarias como es el cask de la ubicada en la comunidad de San Andr\u00e9s del Pedregal, pues su utilidad es mayor en caso de emergencias.<\/p>\n\n\n\n<p>Ahora, agreg\u00f3 el presidenta municipal, esta cabina se suma como una alternativa m\u00e1s para garantizar la conexi\u00f3n de la poblaci\u00f3n, que a causa de la brecha generacional o digital pueda ver afectada la comunicaci\u00f3n con sus seres queridos.<\/p>\n\n\n\n<p>\u201cLas comunidades rurales son espacios donde los servicios de CFE Internet m\u00e1s all\u00e1 de sustituirse se interconectan para servir al pueblo de M\u00e9xico. Los m\u00e1s j\u00f3venes, as\u00ed como las personas de mayor edad, utilizan las cabinas, pues encuentran una alternativa confiable para comunicarse\u201d, apunt\u00f3.<\/p>\n","protected":false},"excerpt":{"rendered":"<p>En la localidad mazahua de San Andr\u00e9s del Pedregal, municipio de Ixtlahuaca, la CFE, en su divisi\u00f3n de Internet para todos, coloc\u00f3 la primera cabina telef\u00f3nica con servicio gratuito para los habitantes que deseen realizar llamadas a tel\u00e9fonos fijos de hogares de M\u00e9xico, Estados Unidos y Canad\u00e1 o a l\u00edneas de celulares, sin tiempo limitado.<\/p>\n","protected":false},"author":1,"featured_media":10421,"comment_status":"open","ping_status":"open","sticky":false,"template":"","format":"standard","meta":{"footnotes":""},"categories":[3,1,231],"tags":[425,1982,424,158],"class_list":["post-10419","post","type-post","status-publish","format-standard","has-post-thumbnail","hentry","category-gobierno","category-otros","category-politica","tag-abuzeid-lozano","tag-edomex","tag-ixtlahuaca","tag-pri"],"yoast_head":"<!-- This site is optimized with the Yoast SEO plugin v27.5 - https:\/\/yoast.com\/product\/yoast-seo-wordpress\/ -->\n<title>GESTIONA ABUZEID LOZANO LA PRIMERA CABINA TELEF\u00d3NICA GRATUITA EN IXTLAHUACA - Expresso Metropolitano<\/title>\n<meta name=\"robots\" content=\"index, follow, max-snippet:-1, max-image-preview:large, max-video-preview:-1\" \/>\n<link rel=\"canonical\" href=\"https:\/\/expressometro.mx\/index.php\/2024\/11\/06\/gestiona-abuzeid-lozano-la-primera-cabina-telefonica-gratuita-en-ixtlahuaca\/\" \/>\n<meta property=\"og:locale\" content=\"es_MX\" \/>\n<meta property=\"og:type\" content=\"article\" \/>\n<meta property=\"og:title\" content=\"GESTIONA ABUZEID LOZANO LA PRIMERA CABINA TELEF\u00d3NICA GRATUITA EN IXTLAHUACA - Expresso Metropolitano\" \/>\n<meta property=\"og:description\" content=\"En la localidad mazahua de San Andr\u00e9s del Pedregal, municipio de Ixtlahuaca, la CFE, en su divisi\u00f3n de Internet para todos, coloc\u00f3 la primera cabina telef\u00f3nica con servicio gratuito para los habitantes que deseen realizar llamadas a tel\u00e9fonos fijos de hogares de M\u00e9xico, Estados Unidos y Canad\u00e1 o a l\u00edneas de celulares, sin tiempo limitado.\" \/>\n<meta property=\"og:url\" content=\"https:\/\/expressometro.mx\/index.php\/2024\/11\/06\/gestiona-abuzeid-lozano-la-primera-cabina-telefonica-gratuita-en-ixtlahuaca\/\" \/>\n<meta property=\"og:site_name\" content=\"Expresso Metropolitano\" \/>\n<meta property=\"article:published_time\" content=\"2024-11-07T01:15:52+00:00\" \/>\n<meta property=\"article:modified_time\" content=\"2024-11-07T01:15:53+00:00\" \/>\n<meta property=\"og:image\" content=\"http:\/\/expressometro.mx\/wp-content\/uploads\/2024\/11\/WhatsApp-Image-2024-11-06-at-1.05.17-PM.jpeg\" \/>\n\t<meta property=\"og:image:width\" content=\"1200\" \/>\n\t<meta property=\"og:image:height\" content=\"800\" \/>\n\t<meta property=\"og:image:type\" content=\"image\/jpeg\" \/>\n<meta name=\"author\" content=\"Expresso Metropolitano\" \/>\n<meta name=\"twitter:label1\" content=\"Escrito por\" \/>\n\t<meta name=\"twitter:data1\" content=\"Expresso Metropolitano\" \/>\n\t<meta name=\"twitter:label2\" content=\"Tiempo de lectura\" \/>\n\t<meta name=\"twitter:data2\" content=\"2 minutos\" \/>\n<script type=\"application\/ld+json\" class=\"yoast-schema-graph\">{\"@context\":\"https:\\\/\\\/schema.org\",\"@graph\":[{\"@type\":\"Article\",\"@id\":\"https:\\\/\\\/expressometro.mx\\\/index.php\\\/2024\\\/11\\\/06\\\/gestiona-abuzeid-lozano-la-primera-cabina-telefonica-gratuita-en-ixtlahuaca\\\/#article\",\"isPartOf\":{\"@id\":\"https:\\\/\\\/expressometro.mx\\\/index.php\\\/2024\\\/11\\\/06\\\/gestiona-abuzeid-lozano-la-primera-cabina-telefonica-gratuita-en-ixtlahuaca\\\/\"},\"author\":{\"name\":\"Expresso Metropolitano\",\"@id\":\"https:\\\/\\\/expressometro.mx\\\/#\\\/schema\\\/person\\\/efa971b4a0664db8ed5c22b1b0dd2f5d\"},\"headline\":\"GESTIONA ABUZEID LOZANO LA PRIMERA CABINA TELEF\u00d3NICA GRATUITA EN IXTLAHUACA\",\"datePublished\":\"2024-11-07T01:15:52+00:00\",\"dateModified\":\"2024-11-07T01:15:53+00:00\",\"mainEntityOfPage\":{\"@id\":\"https:\\\/\\\/expressometro.mx\\\/index.php\\\/2024\\\/11\\\/06\\\/gestiona-abuzeid-lozano-la-primera-cabina-telefonica-gratuita-en-ixtlahuaca\\\/\"},\"wordCount\":277,\"commentCount\":0,\"publisher\":{\"@id\":\"https:\\\/\\\/expressometro.mx\\\/#organization\"},\"image\":{\"@id\":\"https:\\\/\\\/expressometro.mx\\\/index.php\\\/2024\\\/11\\\/06\\\/gestiona-abuzeid-lozano-la-primera-cabina-telefonica-gratuita-en-ixtlahuaca\\\/#primaryimage\"},\"thumbnailUrl\":\"https:\\\/\\\/expressometro.mx\\\/wp-content\\\/uploads\\\/2024\\\/11\\\/WhatsApp-Image-2024-11-06-at-1.05.17-PM.jpeg\",\"keywords\":[\"Abuzeid Lozano\",\"Edomex\",\"Ixtlahuaca\",\"PRI\"],\"articleSection\":[\"Gobierno\",\"Otros\",\"Pol\u00edtica\"],\"inLanguage\":\"es\",\"potentialAction\":[{\"@type\":\"CommentAction\",\"name\":\"Comment\",\"target\":[\"https:\\\/\\\/expressometro.mx\\\/index.php\\\/2024\\\/11\\\/06\\\/gestiona-abuzeid-lozano-la-primera-cabina-telefonica-gratuita-en-ixtlahuaca\\\/#respond\"]}]},{\"@type\":\"WebPage\",\"@id\":\"https:\\\/\\\/expressometro.mx\\\/index.php\\\/2024\\\/11\\\/06\\\/gestiona-abuzeid-lozano-la-primera-cabina-telefonica-gratuita-en-ixtlahuaca\\\/\",\"url\":\"https:\\\/\\\/expressometro.mx\\\/index.php\\\/2024\\\/11\\\/06\\\/gestiona-abuzeid-lozano-la-primera-cabina-telefonica-gratuita-en-ixtlahuaca\\\/\",\"name\":\"GESTIONA ABUZEID LOZANO LA PRIMERA CABINA TELEF\u00d3NICA GRATUITA EN IXTLAHUACA - Expresso Metropolitano\",\"isPartOf\":{\"@id\":\"https:\\\/\\\/expressometro.mx\\\/#website\"},\"primaryImageOfPage\":{\"@id\":\"https:\\\/\\\/expressometro.mx\\\/index.php\\\/2024\\\/11\\\/06\\\/gestiona-abuzeid-lozano-la-primera-cabina-telefonica-gratuita-en-ixtlahuaca\\\/#primaryimage\"},\"image\":{\"@id\":\"https:\\\/\\\/expressometro.mx\\\/index.php\\\/2024\\\/11\\\/06\\\/gestiona-abuzeid-lozano-la-primera-cabina-telefonica-gratuita-en-ixtlahuaca\\\/#primaryimage\"},\"thumbnailUrl\":\"https:\\\/\\\/expressometro.mx\\\/wp-content\\\/uploads\\\/2024\\\/11\\\/WhatsApp-Image-2024-11-06-at-1.05.17-PM.jpeg\",\"datePublished\":\"2024-11-07T01:15:52+00:00\",\"dateModified\":\"2024-11-07T01:15:53+00:00\",\"breadcrumb\":{\"@id\":\"https:\\\/\\\/expressometro.mx\\\/index.php\\\/2024\\\/11\\\/06\\\/gestiona-abuzeid-lozano-la-primera-cabina-telefonica-gratuita-en-ixtlahuaca\\\/#breadcrumb\"},\"inLanguage\":\"es\",\"potentialAction\":[{\"@type\":\"ReadAction\",\"target\":[\"https:\\\/\\\/expressometro.mx\\\/index.php\\\/2024\\\/11\\\/06\\\/gestiona-abuzeid-lozano-la-primera-cabina-telefonica-gratuita-en-ixtlahuaca\\\/\"]}]},{\"@type\":\"ImageObject\",\"inLanguage\":\"es\",\"@id\":\"https:\\\/\\\/expressometro.mx\\\/index.php\\\/2024\\\/11\\\/06\\\/gestiona-abuzeid-lozano-la-primera-cabina-telefonica-gratuita-en-ixtlahuaca\\\/#primaryimage\",\"url\":\"https:\\\/\\\/expressometro.mx\\\/wp-content\\\/uploads\\\/2024\\\/11\\\/WhatsApp-Image-2024-11-06-at-1.05.17-PM.jpeg\",\"contentUrl\":\"https:\\\/\\\/expressometro.mx\\\/wp-content\\\/uploads\\\/2024\\\/11\\\/WhatsApp-Image-2024-11-06-at-1.05.17-PM.jpeg\",\"width\":1200,\"height\":800},{\"@type\":\"BreadcrumbList\",\"@id\":\"https:\\\/\\\/expressometro.mx\\\/index.php\\\/2024\\\/11\\\/06\\\/gestiona-abuzeid-lozano-la-primera-cabina-telefonica-gratuita-en-ixtlahuaca\\\/#breadcrumb\",\"itemListElement\":[{\"@type\":\"ListItem\",\"position\":1,\"name\":\"Inicio\",\"item\":\"https:\\\/\\\/expressometro.mx\\\/\"},{\"@type\":\"ListItem\",\"position\":2,\"name\":\"GESTIONA ABUZEID LOZANO LA PRIMERA CABINA TELEF\u00d3NICA GRATUITA EN IXTLAHUACA\"}]},{\"@type\":\"WebSite\",\"@id\":\"https:\\\/\\\/expressometro.mx\\\/#website\",\"url\":\"https:\\\/\\\/expressometro.mx\\\/\",\"name\":\"Expresso Metropolitano\",\"description\":\"Periodismo comprometido, informaci\u00f3n, investigaci\u00f3n y an\u00e1lisis\",\"publisher\":{\"@id\":\"https:\\\/\\\/expressometro.mx\\\/#organization\"},\"potentialAction\":[{\"@type\":\"SearchAction\",\"target\":{\"@type\":\"EntryPoint\",\"urlTemplate\":\"https:\\\/\\\/expressometro.mx\\\/?s={search_term_string}\"},\"query-input\":{\"@type\":\"PropertyValueSpecification\",\"valueRequired\":true,\"valueName\":\"search_term_string\"}}],\"inLanguage\":\"es\"},{\"@type\":\"Organization\",\"@id\":\"https:\\\/\\\/expressometro.mx\\\/#organization\",\"name\":\"Expresso Metropolitano\",\"url\":\"https:\\\/\\\/expressometro.mx\\\/\",\"logo\":{\"@type\":\"ImageObject\",\"inLanguage\":\"es\",\"@id\":\"https:\\\/\\\/expressometro.mx\\\/#\\\/schema\\\/logo\\\/image\\\/\",\"url\":\"https:\\\/\\\/expressometro.mx\\\/wp-content\\\/uploads\\\/2019\\\/07\\\/cropped-Logo-Expresso-Metropolitano-1-1.jpeg\",\"contentUrl\":\"https:\\\/\\\/expressometro.mx\\\/wp-content\\\/uploads\\\/2019\\\/07\\\/cropped-Logo-Expresso-Metropolitano-1-1.jpeg\",\"width\":290,\"height\":73,\"caption\":\"Expresso Metropolitano\"},\"image\":{\"@id\":\"https:\\\/\\\/expressometro.mx\\\/#\\\/schema\\\/logo\\\/image\\\/\"}},{\"@type\":\"Person\",\"@id\":\"https:\\\/\\\/expressometro.mx\\\/#\\\/schema\\\/person\\\/efa971b4a0664db8ed5c22b1b0dd2f5d\",\"name\":\"Expresso Metropolitano\",\"image\":{\"@type\":\"ImageObject\",\"inLanguage\":\"es\",\"@id\":\"https:\\\/\\\/secure.gravatar.com\\\/avatar\\\/a89f802b8de18c6952f223c88d3d106e9e3679839f4e25a02f4a6cc2ae6ba3b3?s=96&d=mm&r=g\",\"url\":\"https:\\\/\\\/secure.gravatar.com\\\/avatar\\\/a89f802b8de18c6952f223c88d3d106e9e3679839f4e25a02f4a6cc2ae6ba3b3?s=96&d=mm&r=g\",\"contentUrl\":\"https:\\\/\\\/secure.gravatar.com\\\/avatar\\\/a89f802b8de18c6952f223c88d3d106e9e3679839f4e25a02f4a6cc2ae6ba3b3?s=96&d=mm&r=g\",\"caption\":\"Expresso Metropolitano\"},\"url\":\"https:\\\/\\\/expressometro.mx\\\/index.php\\\/author\\\/diego\\\/\"}]}<\/script>\n<!-- \/ Yoast SEO plugin. -->","yoast_head_json":{"title":"GESTIONA ABUZEID LOZANO LA PRIMERA CABINA TELEF\u00d3NICA GRATUITA EN IXTLAHUACA - Expresso Metropolitano","robots":{"index":"index","follow":"follow","max-snippet":"max-snippet:-1","max-image-preview":"max-image-preview:large","max-video-preview":"max-video-preview:-1"},"canonical":"https:\/\/expressometro.mx\/index.php\/2024\/11\/06\/gestiona-abuzeid-lozano-la-primera-cabina-telefonica-gratuita-en-ixtlahuaca\/","og_locale":"es_MX","og_type":"article","og_title":"GESTIONA ABUZEID LOZANO LA PRIMERA CABINA TELEF\u00d3NICA GRATUITA EN IXTLAHUACA - Expresso Metropolitano","og_description":"En la localidad mazahua de San Andr\u00e9s del Pedregal, municipio de Ixtlahuaca, la CFE, en su divisi\u00f3n de Internet para todos, coloc\u00f3 la primera cabina telef\u00f3nica con servicio gratuito para los habitantes que deseen realizar llamadas a tel\u00e9fonos fijos de hogares de M\u00e9xico, Estados Unidos y Canad\u00e1 o a l\u00edneas de celulares, sin tiempo limitado.","og_url":"https:\/\/expressometro.mx\/index.php\/2024\/11\/06\/gestiona-abuzeid-lozano-la-primera-cabina-telefonica-gratuita-en-ixtlahuaca\/","og_site_name":"Expresso Metropolitano","article_published_time":"2024-11-07T01:15:52+00:00","article_modified_time":"2024-11-07T01:15:53+00:00","og_image":[{"width":1200,"height":800,"url":"http:\/\/expressometro.mx\/wp-content\/uploads\/2024\/11\/WhatsApp-Image-2024-11-06-at-1.05.17-PM.jpeg","type":"image\/jpeg"}],"author":"Expresso Metropolitano","twitter_misc":{"Escrito por":"Expresso Metropolitano","Tiempo de lectura":"2 minutos"},"schema":{"@context":"https:\/\/schema.org","@graph":[{"@type":"Article","@id":"https:\/\/expressometro.mx\/index.php\/2024\/11\/06\/gestiona-abuzeid-lozano-la-primera-cabina-telefonica-gratuita-en-ixtlahuaca\/#article","isPartOf":{"@id":"https:\/\/expressometro.mx\/index.php\/2024\/11\/06\/gestiona-abuzeid-lozano-la-primera-cabina-telefonica-gratuita-en-ixtlahuaca\/"},"author":{"name":"Expresso Metropolitano","@id":"https:\/\/expressometro.mx\/#\/schema\/person\/efa971b4a0664db8ed5c22b1b0dd2f5d"},"headline":"GESTIONA ABUZEID LOZANO LA PRIMERA CABINA TELEF\u00d3NICA GRATUITA EN IXTLAHUACA","datePublished":"2024-11-07T01:15:52+00:00","dateModified":"2024-11-07T01:15:53+00:00","mainEntityOfPage":{"@id":"https:\/\/expressometro.mx\/index.php\/2024\/11\/06\/gestiona-abuzeid-lozano-la-primera-cabina-telefonica-gratuita-en-ixtlahuaca\/"},"wordCount":277,"commentCount":0,"publisher":{"@id":"https:\/\/expressometro.mx\/#organization"},"image":{"@id":"https:\/\/expressometro.mx\/index.php\/2024\/11\/06\/gestiona-abuzeid-lozano-la-primera-cabina-telefonica-gratuita-en-ixtlahuaca\/#primaryimage"},"thumbnailUrl":"https:\/\/expressometro.mx\/wp-content\/uploads\/2024\/11\/WhatsApp-Image-2024-11-06-at-1.05.17-PM.jpeg","keywords":["Abuzeid Lozano","Edomex","Ixtlahuaca","PRI"],"articleSection":["Gobierno","Otros","Pol\u00edtica"],"inLanguage":"es","potentialAction":[{"@type":"CommentAction","name":"Comment","target":["https:\/\/expressometro.mx\/index.php\/2024\/11\/06\/gestiona-abuzeid-lozano-la-primera-cabina-telefonica-gratuita-en-ixtlahuaca\/#respond"]}]},{"@type":"WebPage","@id":"https:\/\/expressometro.mx\/index.php\/2024\/11\/06\/gestiona-abuzeid-lozano-la-primera-cabina-telefonica-gratuita-en-ixtlahuaca\/","url":"https:\/\/expressometro.mx\/index.php\/2024\/11\/06\/gestiona-abuzeid-lozano-la-primera-cabina-telefonica-gratuita-en-ixtlahuaca\/","name":"GESTIONA ABUZEID LOZANO LA PRIMERA CABINA TELEF\u00d3NICA GRATUITA EN IXTLAHUACA - Expresso Metropolitano","isPartOf":{"@id":"https:\/\/expressometro.mx\/#website"},"primaryImageOfPage":{"@id":"https:\/\/expressometro.mx\/index.php\/2024\/11\/06\/gestiona-abuzeid-lozano-la-primera-cabina-telefonica-gratuita-en-ixtlahuaca\/#primaryimage"},"image":{"@id":"https:\/\/expressometro.mx\/index.php\/2024\/11\/06\/gestiona-abuzeid-lozano-la-primera-cabina-telefonica-gratuita-en-ixtlahuaca\/#primaryimage"},"thumbnailUrl":"https:\/\/expressometro.mx\/wp-content\/uploads\/2024\/11\/WhatsApp-Image-2024-11-06-at-1.05.17-PM.jpeg","datePublished":"2024-11-07T01:15:52+00:00","dateModified":"2024-11-07T01:15:53+00:00","breadcrumb":{"@id":"https:\/\/expressometro.mx\/index.php\/2024\/11\/06\/gestiona-abuzeid-lozano-la-primera-cabina-telefonica-gratuita-en-ixtlahuaca\/#breadcrumb"},"inLanguage":"es","potentialAction":[{"@type":"ReadAction","target":["https:\/\/expressometro.mx\/index.php\/2024\/11\/06\/gestiona-abuzeid-lozano-la-primera-cabina-telefonica-gratuita-en-ixtlahuaca\/"]}]},{"@type":"ImageObject","inLanguage":"es","@id":"https:\/\/expressometro.mx\/index.php\/2024\/11\/06\/gestiona-abuzeid-lozano-la-primera-cabina-telefonica-gratuita-en-ixtlahuaca\/#primaryimage","url":"https:\/\/expressometro.mx\/wp-content\/uploads\/2024\/11\/WhatsApp-Image-2024-11-06-at-1.05.17-PM.jpeg","contentUrl":"https:\/\/expressometro.mx\/wp-content\/uploads\/2024\/11\/WhatsApp-Image-2024-11-06-at-1.05.17-PM.jpeg","width":1200,"height":800},{"@type":"BreadcrumbList","@id":"https:\/\/expressometro.mx\/index.php\/2024\/11\/06\/gestiona-abuzeid-lozano-la-primera-cabina-telefonica-gratuita-en-ixtlahuaca\/#breadcrumb","itemListElement":[{"@type":"ListItem","position":1,"name":"Inicio","item":"https:\/\/expressometro.mx\/"},{"@type":"ListItem","position":2,"name":"GESTIONA ABUZEID LOZANO LA PRIMERA CABINA TELEF\u00d3NICA GRATUITA EN IXTLAHUACA"}]},{"@type":"WebSite","@id":"https:\/\/expressometro.mx\/#website","url":"https:\/\/expressometro.mx\/","name":"Expresso Metropolitano","description":"Periodismo comprometido, informaci\u00f3n, investigaci\u00f3n y an\u00e1lisis","publisher":{"@id":"https:\/\/expressometro.mx\/#organization"},"potentialAction":[{"@type":"SearchAction","target":{"@type":"EntryPoint","urlTemplate":"https:\/\/expressometro.mx\/?s={search_term_string}"},"query-input":{"@type":"PropertyValueSpecification","valueRequired":true,"valueName":"search_term_string"}}],"inLanguage":"es"},{"@type":"Organization","@id":"https:\/\/expressometro.mx\/#organization","name":"Expresso Metropolitano","url":"https:\/\/expressometro.mx\/","logo":{"@type":"ImageObject","inLanguage":"es","@id":"https:\/\/expressometro.mx\/#\/schema\/logo\/image\/","url":"https:\/\/expressometro.mx\/wp-content\/uploads\/2019\/07\/cropped-Logo-Expresso-Metropolitano-1-1.jpeg","contentUrl":"https:\/\/expressometro.mx\/wp-content\/uploads\/2019\/07\/cropped-Logo-Expresso-Metropolitano-1-1.jpeg","width":290,"height":73,"caption":"Expresso Metropolitano"},"image":{"@id":"https:\/\/expressometro.mx\/#\/schema\/logo\/image\/"}},{"@type":"Person","@id":"https:\/\/expressometro.mx\/#\/schema\/person\/efa971b4a0664db8ed5c22b1b0dd2f5d","name":"Expresso Metropolitano","image":{"@type":"ImageObject","inLanguage":"es","@id":"https:\/\/secure.gravatar.com\/avatar\/a89f802b8de18c6952f223c88d3d106e9e3679839f4e25a02f4a6cc2ae6ba3b3?s=96&d=mm&r=g","url":"https:\/\/secure.gravatar.com\/avatar\/a89f802b8de18c6952f223c88d3d106e9e3679839f4e25a02f4a6cc2ae6ba3b3?s=96&d=mm&r=g","contentUrl":"https:\/\/secure.gravatar.com\/avatar\/a89f802b8de18c6952f223c88d3d106e9e3679839f4e25a02f4a6cc2ae6ba3b3?s=96&d=mm&r=g","caption":"Expresso Metropolitano"},"url":"https:\/\/expressometro.mx\/index.php\/author\/diego\/"}]}},"amp_enabled":true,"_links":{"self":[{"href":"https:\/\/expressometro.mx\/index.php\/wp-json\/wp\/v2\/posts\/10419","targetHints":{"allow":["GET"]}}],"collection":[{"href":"https:\/\/expressometro.mx\/index.php\/wp-json\/wp\/v2\/posts"}],"about":[{"href":"https:\/\/expressometro.mx\/index.php\/wp-json\/wp\/v2\/types\/post"}],"author":[{"embeddable":true,"href":"https:\/\/expressometro.mx\/index.php\/wp-json\/wp\/v2\/users\/1"}],"replies":[{"embeddable":true,"href":"https:\/\/expressometro.mx\/index.php\/wp-json\/wp\/v2\/comments?post=10419"}],"version-history":[{"count":1,"href":"https:\/\/expressometro.mx\/index.php\/wp-json\/wp\/v2\/posts\/10419\/revisions"}],"predecessor-version":[{"id":10423,"href":"https:\/\/expressometro.mx\/index.php\/wp-json\/wp\/v2\/posts\/10419\/revisions\/10423"}],"wp:featuredmedia":[{"embeddable":true,"href":"https:\/\/expressometro.mx\/index.php\/wp-json\/wp\/v2\/media\/10421"}],"wp:attachment":[{"href":"https:\/\/expressometro.mx\/index.php\/wp-json\/wp\/v2\/media?parent=10419"}],"wp:term":[{"taxonomy":"category","embeddable":true,"href":"https:\/\/expressometro.mx\/index.php\/wp-json\/wp\/v2\/categories?post=10419"},{"taxonomy":"post_tag","embeddable":true,"href":"https:\/\/expressometro.mx\/index.php\/wp-json\/wp\/v2\/tags?post=10419"}],"curies":[{"name":"wp","href":"https:\/\/api.w.org\/{rel}","templated":true}]}}