{"id":1040,"date":"2019-10-19T10:41:46","date_gmt":"2019-10-19T15:41:46","guid":{"rendered":"http:\/\/expressometro.mx\/?p=1040"},"modified":"2019-10-30T11:46:06","modified_gmt":"2019-10-30T17:46:06","slug":"trabajan-en-equipo-edomex-y-cdmx-para-mejorar-los-espacios-urbanos-compartidos","status":"publish","type":"post","link":"https:\/\/expressometro.mx\/index.php\/2019\/10\/19\/trabajan-en-equipo-edomex-y-cdmx-para-mejorar-los-espacios-urbanos-compartidos\/","title":{"rendered":"TRABAJAN EN EQUIPO EDOM\u00c9X Y CDMX PARA MEJORAR LOS ESPACIOS URBANOS COMPARTIDOS"},"content":{"rendered":"\n<p>\n\nCon el prop\u00f3sito de mejorar el espacio p\u00fablico de la comunidad que convive y comparte zonas comunes en las demarcaciones colindantes del Estado de M\u00e9xico y la Ciudad de M\u00e9xico, en representaci\u00f3n del Gobernador Alfredo Del Mazo Maza, el Secretario de Obra P\u00fablica, Rafael D\u00edaz Leal Barrueta, y la Jefa de Gobierno Claudia Sheinbaum, encabezaron la jornada &#8220;S\u00e1bado de Tequio&#8221;.<br><br>Al referir que la recuperaci\u00f3n de espacios p\u00fablicos es un tema prioritario para los gobiernos que convergen en esta zona, el funcionario reconoci\u00f3 la disposici\u00f3n y el liderazgo de la Jefa de Gobierno Sheinbaum Pardo y del Gobernador Del Mazo, para buscar soluciones de fondo a los problemas metropolitanos que comparten ambas demarcaciones.<br><br>A la cita acudieron vecinos del municipio de Nezahualc\u00f3yotl, as\u00ed como de las alcald\u00edas de Iztapalapa e Iztacalco, quienes se unieron a los servidores p\u00fablicos de los tres \u00f3rdenes de Gobierno que sembraron \u00e1rboles y encalaron otros, balizaron, limpiaron y desherbaron la zona del camell\u00f3n que hace las veces de frontera, Calle 7, en el Estado de M\u00e9xico, y Perif\u00e9rico Oriente, en la CDMX.<br><br>El Secretario de Obra P\u00fablica afirm\u00f3 que antes era tierra de nadie y ahora lo que se est\u00e1 tratando de hacer&nbsp;&nbsp;es que sea tierra de todos, casa de todos, tratar de cambiar la concepci\u00f3n para cuidar la entre todos como a su propia casa, porque aqu\u00ed es donde vivimos, aqu\u00ed es donde trabajamos, aqu\u00ed es donde nos movemos.<br><br>A la jornada de trabajo asistieron el Presidente municipal de Nezahualc\u00f3yotl, Juan Hugo De la Rosa, Clara Brugada, alcaldesa de Iztapalapa, y representantes de la alcald\u00eda de Iztacalco.\n\n<\/p>\n","protected":false},"excerpt":{"rendered":"<p>Con el prop\u00f3sito de mejorar el espacio p\u00fablico de la comunidad que convive y comparte zonas comunes en las demarcaciones colindantes del Estado de M\u00e9xico y la Ciudad de M\u00e9xico, en representaci\u00f3n del Gobernador Alfredo Del Mazo Maza, el Secretario de Obra P\u00fablica, Rafael D\u00edaz Leal Barrueta, y la Jefa de Gobierno Claudia Sheinbaum, encabezaron la jornada &#8220;S\u00e1bado de Tequio&#8221;. Al referir que la recuperaci\u00f3n de espacios p\u00fablicos es un tema prioritario para los gobiernos que convergen en esta zona, el funcionario reconoci\u00f3 la disposici\u00f3n y el liderazgo de la&hellip;<\/p>\n","protected":false},"author":1,"featured_media":1041,"comment_status":"open","ping_status":"open","sticky":false,"template":"","format":"standard","meta":{"footnotes":""},"categories":[11],"tags":[],"class_list":["post-1040","post","type-post","status-publish","format-standard","has-post-thumbnail","hentry","category-cultura"],"yoast_head":"<!-- This site is optimized with the Yoast SEO plugin v27.5 - https:\/\/yoast.com\/product\/yoast-seo-wordpress\/ -->\n<title>TRABAJAN EN EQUIPO EDOM\u00c9X Y CDMX PARA MEJORAR LOS ESPACIOS URBANOS COMPARTIDOS - Expresso Metropolitano<\/title>\n<meta name=\"robots\" content=\"index, follow, max-snippet:-1, max-image-preview:large, max-video-preview:-1\" \/>\n<link rel=\"canonical\" href=\"https:\/\/expressometro.mx\/index.php\/2019\/10\/19\/trabajan-en-equipo-edomex-y-cdmx-para-mejorar-los-espacios-urbanos-compartidos\/\" \/>\n<meta property=\"og:locale\" content=\"es_MX\" \/>\n<meta property=\"og:type\" content=\"article\" \/>\n<meta property=\"og:title\" content=\"TRABAJAN EN EQUIPO EDOM\u00c9X Y CDMX PARA MEJORAR LOS ESPACIOS URBANOS COMPARTIDOS - Expresso Metropolitano\" \/>\n<meta property=\"og:description\" content=\"Con el prop\u00f3sito de mejorar el espacio p\u00fablico de la comunidad que convive y comparte zonas comunes en las demarcaciones colindantes del Estado de M\u00e9xico y la Ciudad de M\u00e9xico, en representaci\u00f3n del Gobernador Alfredo Del Mazo Maza, el Secretario de Obra P\u00fablica, Rafael D\u00edaz Leal Barrueta, y la Jefa de Gobierno Claudia Sheinbaum, encabezaron la jornada &#8220;S\u00e1bado de Tequio&#8221;. Al referir que la recuperaci\u00f3n de espacios p\u00fablicos es un tema prioritario para los gobiernos que convergen en esta zona, el funcionario reconoci\u00f3 la disposici\u00f3n y el liderazgo de la&hellip;\" \/>\n<meta property=\"og:url\" content=\"https:\/\/expressometro.mx\/index.php\/2019\/10\/19\/trabajan-en-equipo-edomex-y-cdmx-para-mejorar-los-espacios-urbanos-compartidos\/\" \/>\n<meta property=\"og:site_name\" content=\"Expresso Metropolitano\" \/>\n<meta property=\"article:published_time\" content=\"2019-10-19T15:41:46+00:00\" \/>\n<meta property=\"article:modified_time\" content=\"2019-10-30T17:46:06+00:00\" \/>\n<meta property=\"og:image\" content=\"https:\/\/expressometro.mx\/wp-content\/uploads\/2019\/10\/w2_9944_1.jpg\" \/>\n\t<meta property=\"og:image:width\" content=\"3000\" \/>\n\t<meta property=\"og:image:height\" content=\"2003\" \/>\n\t<meta property=\"og:image:type\" content=\"image\/jpeg\" \/>\n<meta name=\"author\" content=\"Expresso Metropolitano\" \/>\n<meta name=\"twitter:label1\" content=\"Escrito por\" \/>\n\t<meta name=\"twitter:data1\" content=\"Expresso Metropolitano\" \/>\n\t<meta name=\"twitter:label2\" content=\"Tiempo de lectura\" \/>\n\t<meta name=\"twitter:data2\" content=\"1 minuto\" \/>\n<script type=\"application\/ld+json\" class=\"yoast-schema-graph\">{\"@context\":\"https:\\\/\\\/schema.org\",\"@graph\":[{\"@type\":\"Article\",\"@id\":\"https:\\\/\\\/expressometro.mx\\\/index.php\\\/2019\\\/10\\\/19\\\/trabajan-en-equipo-edomex-y-cdmx-para-mejorar-los-espacios-urbanos-compartidos\\\/#article\",\"isPartOf\":{\"@id\":\"https:\\\/\\\/expressometro.mx\\\/index.php\\\/2019\\\/10\\\/19\\\/trabajan-en-equipo-edomex-y-cdmx-para-mejorar-los-espacios-urbanos-compartidos\\\/\"},\"author\":{\"name\":\"Expresso Metropolitano\",\"@id\":\"https:\\\/\\\/expressometro.mx\\\/#\\\/schema\\\/person\\\/efa971b4a0664db8ed5c22b1b0dd2f5d\"},\"headline\":\"TRABAJAN EN EQUIPO EDOM\u00c9X Y CDMX PARA MEJORAR LOS ESPACIOS URBANOS COMPARTIDOS\",\"datePublished\":\"2019-10-19T15:41:46+00:00\",\"dateModified\":\"2019-10-30T17:46:06+00:00\",\"mainEntityOfPage\":{\"@id\":\"https:\\\/\\\/expressometro.mx\\\/index.php\\\/2019\\\/10\\\/19\\\/trabajan-en-equipo-edomex-y-cdmx-para-mejorar-los-espacios-urbanos-compartidos\\\/\"},\"wordCount\":299,\"commentCount\":0,\"publisher\":{\"@id\":\"https:\\\/\\\/expressometro.mx\\\/#organization\"},\"image\":{\"@id\":\"https:\\\/\\\/expressometro.mx\\\/index.php\\\/2019\\\/10\\\/19\\\/trabajan-en-equipo-edomex-y-cdmx-para-mejorar-los-espacios-urbanos-compartidos\\\/#primaryimage\"},\"thumbnailUrl\":\"https:\\\/\\\/expressometro.mx\\\/wp-content\\\/uploads\\\/2019\\\/10\\\/w2_9944_1.jpg\",\"articleSection\":[\"Cultura\"],\"inLanguage\":\"es\",\"potentialAction\":[{\"@type\":\"CommentAction\",\"name\":\"Comment\",\"target\":[\"https:\\\/\\\/expressometro.mx\\\/index.php\\\/2019\\\/10\\\/19\\\/trabajan-en-equipo-edomex-y-cdmx-para-mejorar-los-espacios-urbanos-compartidos\\\/#respond\"]}]},{\"@type\":\"WebPage\",\"@id\":\"https:\\\/\\\/expressometro.mx\\\/index.php\\\/2019\\\/10\\\/19\\\/trabajan-en-equipo-edomex-y-cdmx-para-mejorar-los-espacios-urbanos-compartidos\\\/\",\"url\":\"https:\\\/\\\/expressometro.mx\\\/index.php\\\/2019\\\/10\\\/19\\\/trabajan-en-equipo-edomex-y-cdmx-para-mejorar-los-espacios-urbanos-compartidos\\\/\",\"name\":\"TRABAJAN EN EQUIPO EDOM\u00c9X Y CDMX PARA MEJORAR LOS ESPACIOS URBANOS COMPARTIDOS - Expresso Metropolitano\",\"isPartOf\":{\"@id\":\"https:\\\/\\\/expressometro.mx\\\/#website\"},\"primaryImageOfPage\":{\"@id\":\"https:\\\/\\\/expressometro.mx\\\/index.php\\\/2019\\\/10\\\/19\\\/trabajan-en-equipo-edomex-y-cdmx-para-mejorar-los-espacios-urbanos-compartidos\\\/#primaryimage\"},\"image\":{\"@id\":\"https:\\\/\\\/expressometro.mx\\\/index.php\\\/2019\\\/10\\\/19\\\/trabajan-en-equipo-edomex-y-cdmx-para-mejorar-los-espacios-urbanos-compartidos\\\/#primaryimage\"},\"thumbnailUrl\":\"https:\\\/\\\/expressometro.mx\\\/wp-content\\\/uploads\\\/2019\\\/10\\\/w2_9944_1.jpg\",\"datePublished\":\"2019-10-19T15:41:46+00:00\",\"dateModified\":\"2019-10-30T17:46:06+00:00\",\"breadcrumb\":{\"@id\":\"https:\\\/\\\/expressometro.mx\\\/index.php\\\/2019\\\/10\\\/19\\\/trabajan-en-equipo-edomex-y-cdmx-para-mejorar-los-espacios-urbanos-compartidos\\\/#breadcrumb\"},\"inLanguage\":\"es\",\"potentialAction\":[{\"@type\":\"ReadAction\",\"target\":[\"https:\\\/\\\/expressometro.mx\\\/index.php\\\/2019\\\/10\\\/19\\\/trabajan-en-equipo-edomex-y-cdmx-para-mejorar-los-espacios-urbanos-compartidos\\\/\"]}]},{\"@type\":\"ImageObject\",\"inLanguage\":\"es\",\"@id\":\"https:\\\/\\\/expressometro.mx\\\/index.php\\\/2019\\\/10\\\/19\\\/trabajan-en-equipo-edomex-y-cdmx-para-mejorar-los-espacios-urbanos-compartidos\\\/#primaryimage\",\"url\":\"https:\\\/\\\/expressometro.mx\\\/wp-content\\\/uploads\\\/2019\\\/10\\\/w2_9944_1.jpg\",\"contentUrl\":\"https:\\\/\\\/expressometro.mx\\\/wp-content\\\/uploads\\\/2019\\\/10\\\/w2_9944_1.jpg\",\"width\":3000,\"height\":2003},{\"@type\":\"BreadcrumbList\",\"@id\":\"https:\\\/\\\/expressometro.mx\\\/index.php\\\/2019\\\/10\\\/19\\\/trabajan-en-equipo-edomex-y-cdmx-para-mejorar-los-espacios-urbanos-compartidos\\\/#breadcrumb\",\"itemListElement\":[{\"@type\":\"ListItem\",\"position\":1,\"name\":\"Inicio\",\"item\":\"https:\\\/\\\/expressometro.mx\\\/\"},{\"@type\":\"ListItem\",\"position\":2,\"name\":\"TRABAJAN EN EQUIPO EDOM\u00c9X Y CDMX PARA MEJORAR LOS ESPACIOS URBANOS COMPARTIDOS\"}]},{\"@type\":\"WebSite\",\"@id\":\"https:\\\/\\\/expressometro.mx\\\/#website\",\"url\":\"https:\\\/\\\/expressometro.mx\\\/\",\"name\":\"Expresso Metropolitano\",\"description\":\"Periodismo comprometido, informaci\u00f3n, investigaci\u00f3n y an\u00e1lisis\",\"publisher\":{\"@id\":\"https:\\\/\\\/expressometro.mx\\\/#organization\"},\"potentialAction\":[{\"@type\":\"SearchAction\",\"target\":{\"@type\":\"EntryPoint\",\"urlTemplate\":\"https:\\\/\\\/expressometro.mx\\\/?s={search_term_string}\"},\"query-input\":{\"@type\":\"PropertyValueSpecification\",\"valueRequired\":true,\"valueName\":\"search_term_string\"}}],\"inLanguage\":\"es\"},{\"@type\":\"Organization\",\"@id\":\"https:\\\/\\\/expressometro.mx\\\/#organization\",\"name\":\"Expresso Metropolitano\",\"url\":\"https:\\\/\\\/expressometro.mx\\\/\",\"logo\":{\"@type\":\"ImageObject\",\"inLanguage\":\"es\",\"@id\":\"https:\\\/\\\/expressometro.mx\\\/#\\\/schema\\\/logo\\\/image\\\/\",\"url\":\"https:\\\/\\\/expressometro.mx\\\/wp-content\\\/uploads\\\/2019\\\/07\\\/cropped-Logo-Expresso-Metropolitano-1-1.jpeg\",\"contentUrl\":\"https:\\\/\\\/expressometro.mx\\\/wp-content\\\/uploads\\\/2019\\\/07\\\/cropped-Logo-Expresso-Metropolitano-1-1.jpeg\",\"width\":290,\"height\":73,\"caption\":\"Expresso Metropolitano\"},\"image\":{\"@id\":\"https:\\\/\\\/expressometro.mx\\\/#\\\/schema\\\/logo\\\/image\\\/\"}},{\"@type\":\"Person\",\"@id\":\"https:\\\/\\\/expressometro.mx\\\/#\\\/schema\\\/person\\\/efa971b4a0664db8ed5c22b1b0dd2f5d\",\"name\":\"Expresso Metropolitano\",\"image\":{\"@type\":\"ImageObject\",\"inLanguage\":\"es\",\"@id\":\"https:\\\/\\\/secure.gravatar.com\\\/avatar\\\/a89f802b8de18c6952f223c88d3d106e9e3679839f4e25a02f4a6cc2ae6ba3b3?s=96&d=mm&r=g\",\"url\":\"https:\\\/\\\/secure.gravatar.com\\\/avatar\\\/a89f802b8de18c6952f223c88d3d106e9e3679839f4e25a02f4a6cc2ae6ba3b3?s=96&d=mm&r=g\",\"contentUrl\":\"https:\\\/\\\/secure.gravatar.com\\\/avatar\\\/a89f802b8de18c6952f223c88d3d106e9e3679839f4e25a02f4a6cc2ae6ba3b3?s=96&d=mm&r=g\",\"caption\":\"Expresso Metropolitano\"},\"url\":\"https:\\\/\\\/expressometro.mx\\\/index.php\\\/author\\\/diego\\\/\"}]}<\/script>\n<!-- \/ Yoast SEO plugin. -->","yoast_head_json":{"title":"TRABAJAN EN EQUIPO EDOM\u00c9X Y CDMX PARA MEJORAR LOS ESPACIOS URBANOS COMPARTIDOS - Expresso Metropolitano","robots":{"index":"index","follow":"follow","max-snippet":"max-snippet:-1","max-image-preview":"max-image-preview:large","max-video-preview":"max-video-preview:-1"},"canonical":"https:\/\/expressometro.mx\/index.php\/2019\/10\/19\/trabajan-en-equipo-edomex-y-cdmx-para-mejorar-los-espacios-urbanos-compartidos\/","og_locale":"es_MX","og_type":"article","og_title":"TRABAJAN EN EQUIPO EDOM\u00c9X Y CDMX PARA MEJORAR LOS ESPACIOS URBANOS COMPARTIDOS - Expresso Metropolitano","og_description":"Con el prop\u00f3sito de mejorar el espacio p\u00fablico de la comunidad que convive y comparte zonas comunes en las demarcaciones colindantes del Estado de M\u00e9xico y la Ciudad de M\u00e9xico, en representaci\u00f3n del Gobernador Alfredo Del Mazo Maza, el Secretario de Obra P\u00fablica, Rafael D\u00edaz Leal Barrueta, y la Jefa de Gobierno Claudia Sheinbaum, encabezaron la jornada &#8220;S\u00e1bado de Tequio&#8221;. Al referir que la recuperaci\u00f3n de espacios p\u00fablicos es un tema prioritario para los gobiernos que convergen en esta zona, el funcionario reconoci\u00f3 la disposici\u00f3n y el liderazgo de la&hellip;","og_url":"https:\/\/expressometro.mx\/index.php\/2019\/10\/19\/trabajan-en-equipo-edomex-y-cdmx-para-mejorar-los-espacios-urbanos-compartidos\/","og_site_name":"Expresso Metropolitano","article_published_time":"2019-10-19T15:41:46+00:00","article_modified_time":"2019-10-30T17:46:06+00:00","og_image":[{"width":3000,"height":2003,"url":"https:\/\/expressometro.mx\/wp-content\/uploads\/2019\/10\/w2_9944_1.jpg","type":"image\/jpeg"}],"author":"Expresso Metropolitano","twitter_misc":{"Escrito por":"Expresso Metropolitano","Tiempo de lectura":"1 minuto"},"schema":{"@context":"https:\/\/schema.org","@graph":[{"@type":"Article","@id":"https:\/\/expressometro.mx\/index.php\/2019\/10\/19\/trabajan-en-equipo-edomex-y-cdmx-para-mejorar-los-espacios-urbanos-compartidos\/#article","isPartOf":{"@id":"https:\/\/expressometro.mx\/index.php\/2019\/10\/19\/trabajan-en-equipo-edomex-y-cdmx-para-mejorar-los-espacios-urbanos-compartidos\/"},"author":{"name":"Expresso Metropolitano","@id":"https:\/\/expressometro.mx\/#\/schema\/person\/efa971b4a0664db8ed5c22b1b0dd2f5d"},"headline":"TRABAJAN EN EQUIPO EDOM\u00c9X Y CDMX PARA MEJORAR LOS ESPACIOS URBANOS COMPARTIDOS","datePublished":"2019-10-19T15:41:46+00:00","dateModified":"2019-10-30T17:46:06+00:00","mainEntityOfPage":{"@id":"https:\/\/expressometro.mx\/index.php\/2019\/10\/19\/trabajan-en-equipo-edomex-y-cdmx-para-mejorar-los-espacios-urbanos-compartidos\/"},"wordCount":299,"commentCount":0,"publisher":{"@id":"https:\/\/expressometro.mx\/#organization"},"image":{"@id":"https:\/\/expressometro.mx\/index.php\/2019\/10\/19\/trabajan-en-equipo-edomex-y-cdmx-para-mejorar-los-espacios-urbanos-compartidos\/#primaryimage"},"thumbnailUrl":"https:\/\/expressometro.mx\/wp-content\/uploads\/2019\/10\/w2_9944_1.jpg","articleSection":["Cultura"],"inLanguage":"es","potentialAction":[{"@type":"CommentAction","name":"Comment","target":["https:\/\/expressometro.mx\/index.php\/2019\/10\/19\/trabajan-en-equipo-edomex-y-cdmx-para-mejorar-los-espacios-urbanos-compartidos\/#respond"]}]},{"@type":"WebPage","@id":"https:\/\/expressometro.mx\/index.php\/2019\/10\/19\/trabajan-en-equipo-edomex-y-cdmx-para-mejorar-los-espacios-urbanos-compartidos\/","url":"https:\/\/expressometro.mx\/index.php\/2019\/10\/19\/trabajan-en-equipo-edomex-y-cdmx-para-mejorar-los-espacios-urbanos-compartidos\/","name":"TRABAJAN EN EQUIPO EDOM\u00c9X Y CDMX PARA MEJORAR LOS ESPACIOS URBANOS COMPARTIDOS - Expresso Metropolitano","isPartOf":{"@id":"https:\/\/expressometro.mx\/#website"},"primaryImageOfPage":{"@id":"https:\/\/expressometro.mx\/index.php\/2019\/10\/19\/trabajan-en-equipo-edomex-y-cdmx-para-mejorar-los-espacios-urbanos-compartidos\/#primaryimage"},"image":{"@id":"https:\/\/expressometro.mx\/index.php\/2019\/10\/19\/trabajan-en-equipo-edomex-y-cdmx-para-mejorar-los-espacios-urbanos-compartidos\/#primaryimage"},"thumbnailUrl":"https:\/\/expressometro.mx\/wp-content\/uploads\/2019\/10\/w2_9944_1.jpg","datePublished":"2019-10-19T15:41:46+00:00","dateModified":"2019-10-30T17:46:06+00:00","breadcrumb":{"@id":"https:\/\/expressometro.mx\/index.php\/2019\/10\/19\/trabajan-en-equipo-edomex-y-cdmx-para-mejorar-los-espacios-urbanos-compartidos\/#breadcrumb"},"inLanguage":"es","potentialAction":[{"@type":"ReadAction","target":["https:\/\/expressometro.mx\/index.php\/2019\/10\/19\/trabajan-en-equipo-edomex-y-cdmx-para-mejorar-los-espacios-urbanos-compartidos\/"]}]},{"@type":"ImageObject","inLanguage":"es","@id":"https:\/\/expressometro.mx\/index.php\/2019\/10\/19\/trabajan-en-equipo-edomex-y-cdmx-para-mejorar-los-espacios-urbanos-compartidos\/#primaryimage","url":"https:\/\/expressometro.mx\/wp-content\/uploads\/2019\/10\/w2_9944_1.jpg","contentUrl":"https:\/\/expressometro.mx\/wp-content\/uploads\/2019\/10\/w2_9944_1.jpg","width":3000,"height":2003},{"@type":"BreadcrumbList","@id":"https:\/\/expressometro.mx\/index.php\/2019\/10\/19\/trabajan-en-equipo-edomex-y-cdmx-para-mejorar-los-espacios-urbanos-compartidos\/#breadcrumb","itemListElement":[{"@type":"ListItem","position":1,"name":"Inicio","item":"https:\/\/expressometro.mx\/"},{"@type":"ListItem","position":2,"name":"TRABAJAN EN EQUIPO EDOM\u00c9X Y CDMX PARA MEJORAR LOS ESPACIOS URBANOS COMPARTIDOS"}]},{"@type":"WebSite","@id":"https:\/\/expressometro.mx\/#website","url":"https:\/\/expressometro.mx\/","name":"Expresso Metropolitano","description":"Periodismo comprometido, informaci\u00f3n, investigaci\u00f3n y an\u00e1lisis","publisher":{"@id":"https:\/\/expressometro.mx\/#organization"},"potentialAction":[{"@type":"SearchAction","target":{"@type":"EntryPoint","urlTemplate":"https:\/\/expressometro.mx\/?s={search_term_string}"},"query-input":{"@type":"PropertyValueSpecification","valueRequired":true,"valueName":"search_term_string"}}],"inLanguage":"es"},{"@type":"Organization","@id":"https:\/\/expressometro.mx\/#organization","name":"Expresso Metropolitano","url":"https:\/\/expressometro.mx\/","logo":{"@type":"ImageObject","inLanguage":"es","@id":"https:\/\/expressometro.mx\/#\/schema\/logo\/image\/","url":"https:\/\/expressometro.mx\/wp-content\/uploads\/2019\/07\/cropped-Logo-Expresso-Metropolitano-1-1.jpeg","contentUrl":"https:\/\/expressometro.mx\/wp-content\/uploads\/2019\/07\/cropped-Logo-Expresso-Metropolitano-1-1.jpeg","width":290,"height":73,"caption":"Expresso Metropolitano"},"image":{"@id":"https:\/\/expressometro.mx\/#\/schema\/logo\/image\/"}},{"@type":"Person","@id":"https:\/\/expressometro.mx\/#\/schema\/person\/efa971b4a0664db8ed5c22b1b0dd2f5d","name":"Expresso Metropolitano","image":{"@type":"ImageObject","inLanguage":"es","@id":"https:\/\/secure.gravatar.com\/avatar\/a89f802b8de18c6952f223c88d3d106e9e3679839f4e25a02f4a6cc2ae6ba3b3?s=96&d=mm&r=g","url":"https:\/\/secure.gravatar.com\/avatar\/a89f802b8de18c6952f223c88d3d106e9e3679839f4e25a02f4a6cc2ae6ba3b3?s=96&d=mm&r=g","contentUrl":"https:\/\/secure.gravatar.com\/avatar\/a89f802b8de18c6952f223c88d3d106e9e3679839f4e25a02f4a6cc2ae6ba3b3?s=96&d=mm&r=g","caption":"Expresso Metropolitano"},"url":"https:\/\/expressometro.mx\/index.php\/author\/diego\/"}]}},"amp_enabled":true,"_links":{"self":[{"href":"https:\/\/expressometro.mx\/index.php\/wp-json\/wp\/v2\/posts\/1040","targetHints":{"allow":["GET"]}}],"collection":[{"href":"https:\/\/expressometro.mx\/index.php\/wp-json\/wp\/v2\/posts"}],"about":[{"href":"https:\/\/expressometro.mx\/index.php\/wp-json\/wp\/v2\/types\/post"}],"author":[{"embeddable":true,"href":"https:\/\/expressometro.mx\/index.php\/wp-json\/wp\/v2\/users\/1"}],"replies":[{"embeddable":true,"href":"https:\/\/expressometro.mx\/index.php\/wp-json\/wp\/v2\/comments?post=1040"}],"version-history":[{"count":1,"href":"https:\/\/expressometro.mx\/index.php\/wp-json\/wp\/v2\/posts\/1040\/revisions"}],"predecessor-version":[{"id":1042,"href":"https:\/\/expressometro.mx\/index.php\/wp-json\/wp\/v2\/posts\/1040\/revisions\/1042"}],"wp:featuredmedia":[{"embeddable":true,"href":"https:\/\/expressometro.mx\/index.php\/wp-json\/wp\/v2\/media\/1041"}],"wp:attachment":[{"href":"https:\/\/expressometro.mx\/index.php\/wp-json\/wp\/v2\/media?parent=1040"}],"wp:term":[{"taxonomy":"category","embeddable":true,"href":"https:\/\/expressometro.mx\/index.php\/wp-json\/wp\/v2\/categories?post=1040"},{"taxonomy":"post_tag","embeddable":true,"href":"https:\/\/expressometro.mx\/index.php\/wp-json\/wp\/v2\/tags?post=1040"}],"curies":[{"name":"wp","href":"https:\/\/api.w.org\/{rel}","templated":true}]}}