{"id":10386,"date":"2024-10-31T15:01:48","date_gmt":"2024-10-31T21:01:48","guid":{"rendered":"https:\/\/expressometro.mx\/?p=10386"},"modified":"2024-11-05T15:05:57","modified_gmt":"2024-11-05T21:05:57","slug":"atletas-uaemex-participaran-en-encuentro-deportivo-internacional-en-colombia","status":"publish","type":"post","link":"https:\/\/expressometro.mx\/index.php\/2024\/10\/31\/atletas-uaemex-participaran-en-encuentro-deportivo-internacional-en-colombia\/","title":{"rendered":"ATLETAS UAEM\u00c9X PARTICIPAR\u00c1N EN ENCUENTRO DEPORTIVO INTERNACIONAL EN COLOMBIA"},"content":{"rendered":"\n<p>* El rector de la UAEM\u00e9x, Carlos Eduardo Barrera D\u00edaz, abander\u00f3 a la Delegaci\u00f3n de Deportistas Universitarios que participar\u00e1n en la III FISU Am\u00e9rica Games 2024, que tendr\u00e1 como sede la ciudad de Cali, Colombia.<\/p>\n\n\n\n<p>\u201cLos exhorto a respetar y enaltecer con honor los s\u00edmbolos patrios y universitarios de esta instituci\u00f3n verde y oro, representarnos dignamente ser\u00e1 su tarea como integrantes de la comunidad universitaria, contamos con ustedes para continuar haciendo historia y seguir forjando la grandeza de M\u00e9xico\u201d, asever\u00f3 el rector de la Universidad Aut\u00f3noma del Estado de M\u00e9xico (UAEM\u00e9x), Carlos Eduardo Barrera D\u00edaz, al abanderar a la Delegaci\u00f3n de Deportistas Universitarios que participar\u00e1n en la III FISU Am\u00e9rica Games 2024, que tendr\u00e1 como sede la ciudad de Cali, Colombia.<\/p>\n\n\n\n<p>El secretario de Rector\u00eda, Marco Aurelio Cienfuegos Terr\u00f3n, coment\u00f3 que las y los estudiantes que representar\u00e1n a la UAEM\u00e9x en esta justa deportiva universitaria fueron seleccionados por su destacado desempe\u00f1o en la pasada Universiada 2024, pues los resultados obtenidos, les hizo acreedores y acreedoras al derecho de participar en esta nueva competencia.<\/p>\n\n\n\n<figure class=\"wp-block-image size-large\"><img decoding=\"async\" width=\"840\" height=\"457\" src=\"https:\/\/expressometro.mx\/wp-content\/uploads\/2024\/11\/WhatsApp-Image-2024-11-05-at-3.04.38-PM-840x457.jpeg\" alt=\"\" class=\"wp-image-10389\" srcset=\"https:\/\/expressometro.mx\/wp-content\/uploads\/2024\/11\/WhatsApp-Image-2024-11-05-at-3.04.38-PM-840x457.jpeg 840w, https:\/\/expressometro.mx\/wp-content\/uploads\/2024\/11\/WhatsApp-Image-2024-11-05-at-3.04.38-PM-660x359.jpeg 660w, https:\/\/expressometro.mx\/wp-content\/uploads\/2024\/11\/WhatsApp-Image-2024-11-05-at-3.04.38-PM-768x418.jpeg 768w, https:\/\/expressometro.mx\/wp-content\/uploads\/2024\/11\/WhatsApp-Image-2024-11-05-at-3.04.38-PM.jpeg 1440w\" sizes=\"(max-width: 840px) 100vw, 840px\" \/><\/figure>\n\n\n\n<p>En la Sala \u201cGustavo Baz Prada\u201d del edificio de Rector\u00eda, Cienfuegos Terr\u00f3n destac\u00f3 que los equipos que competir\u00e1n ser\u00e1n la selecci\u00f3n de futsal femenil conformado por 12 integrantes, y el de atletismo con cuatro atletas, resaltando que, en esta edici\u00f3n, la mayor\u00eda de participantes son mujeres, lo cual es reflejo del arduo trabajo realizado por la UAEM\u00e9x al fomentar el deporte entre todas y todos los integrantes de la comunidad auriverde.<\/p>\n\n\n\n<p>En este sentido, agradeci\u00f3 a la Administraci\u00f3n Universitaria 2021-2025, encabezada por el rector Carlos Eduardo Barrera D\u00edaz, por dar un apoyo constante y decisivo al deporte universitario, pues su respaldo ha brindado a las y los atletas las herramientas necesarias para desarrollarse y, de esta manera, poner en alto el nombre de la Aut\u00f3noma mexiquense a nivel internacional.<\/p>\n\n\n\n<p>En su intervenci\u00f3n, el director de Cultura F\u00edsica y Deporte, Luis Antonio Zimbr\u00f3n Romero, explic\u00f3 que es motivo de gran celebraci\u00f3n el abanderar a las y los deportistas auriverdes, pues son parte de un selecto grupo de 153 competidores que representar\u00e1n a M\u00e9xico en la III FISU Am\u00e9rica Games 2024.<\/p>\n\n\n\n<p>Zimbr\u00f3n Romero puntualiz\u00f3 que este logro es consecuencia del hist\u00f3rico desempe\u00f1o verde y oro durante la Universiada 2024, pues la UAEM\u00e9x demostr\u00f3 su fortaleza y compromiso con el deporte al romper r\u00e9cord con la participaci\u00f3n de 213 atletas que obtuvieron 27 medallas en 20 disciplinas, destacando que en la actual administraci\u00f3n, se han ganado 92 metales en justas deportivas, lo cual reafirma la posici\u00f3n de esta instituci\u00f3n como una de las mejores universidades en \u00e1mbito deportivo a nivel nacional.<\/p>\n\n\n\n<p>Por su parte, la alumna de la Facultad de Econom\u00eda y seleccionada de Atletismo, Vanessa Jimena Mart\u00ednez Mart\u00ednez, resalt\u00f3 que el apoyo de la UAEM\u00e9x ha sido una pieza clave para el desempe\u00f1o de las y los deportistas, por lo cual agradeci\u00f3 a esta casa de estudios por respaldar el deporte y seguir inspirando a su comunidad para participar en competencias no solo a nivel nacional, sino tambi\u00e9n internacional.<\/p>\n\n\n\n<p>Al acto asistieron integrantes del Gabinete Universitario y de la Direcci\u00f3n de Cultura F\u00edsica y Deporte; las y los atletas abanderados, entrenadores y entrenadoras, as\u00ed como la comunidad verde y oro.<\/p>\n","protected":false},"excerpt":{"rendered":"<p> El rector de la UAEM\u00e9x, Carlos Eduardo Barrera D\u00edaz, abander\u00f3 a la Delegaci\u00f3n de Deportistas Universitarios que participar\u00e1n en la III FISU Am\u00e9rica Games 2024, que tendr\u00e1 como sede la ciudad de Cali, Colombia.<\/p>\n","protected":false},"author":1,"featured_media":10388,"comment_status":"open","ping_status":"open","sticky":false,"template":"","format":"standard","meta":{"footnotes":""},"categories":[9,108,3,1,231],"tags":[313,1982,86,82],"class_list":["post-10386","post","type-post","status-publish","format-standard","has-post-thumbnail","hentry","category-deportes","category-educacion","category-gobierno","category-otros","category-politica","tag-carlos-eduardo-barrera-diaz","tag-edomex","tag-gem","tag-uaemex"],"yoast_head":"<!-- This site is optimized with the Yoast SEO plugin v27.4 - https:\/\/yoast.com\/product\/yoast-seo-wordpress\/ -->\n<title>ATLETAS UAEM\u00c9X PARTICIPAR\u00c1N EN ENCUENTRO DEPORTIVO INTERNACIONAL EN COLOMBIA - Expresso Metropolitano<\/title>\n<meta name=\"robots\" content=\"index, follow, max-snippet:-1, max-image-preview:large, max-video-preview:-1\" \/>\n<link rel=\"canonical\" href=\"https:\/\/expressometro.mx\/index.php\/2024\/10\/31\/atletas-uaemex-participaran-en-encuentro-deportivo-internacional-en-colombia\/\" \/>\n<meta property=\"og:locale\" content=\"es_MX\" \/>\n<meta property=\"og:type\" content=\"article\" \/>\n<meta property=\"og:title\" content=\"ATLETAS UAEM\u00c9X PARTICIPAR\u00c1N EN ENCUENTRO DEPORTIVO INTERNACIONAL EN COLOMBIA - Expresso Metropolitano\" \/>\n<meta property=\"og:description\" content=\"El rector de la UAEM\u00e9x, Carlos Eduardo Barrera D\u00edaz, abander\u00f3 a la Delegaci\u00f3n de Deportistas Universitarios que participar\u00e1n en la III FISU Am\u00e9rica Games 2024, que tendr\u00e1 como sede la ciudad de Cali, Colombia.\" \/>\n<meta property=\"og:url\" content=\"https:\/\/expressometro.mx\/index.php\/2024\/10\/31\/atletas-uaemex-participaran-en-encuentro-deportivo-internacional-en-colombia\/\" \/>\n<meta property=\"og:site_name\" content=\"Expresso Metropolitano\" \/>\n<meta property=\"article:published_time\" content=\"2024-10-31T21:01:48+00:00\" \/>\n<meta property=\"article:modified_time\" content=\"2024-11-05T21:05:57+00:00\" \/>\n<meta property=\"og:image\" content=\"http:\/\/expressometro.mx\/wp-content\/uploads\/2024\/11\/WhatsApp-Image-2024-11-05-at-3.04.06-PM.jpeg\" \/>\n\t<meta property=\"og:image:width\" content=\"1440\" \/>\n\t<meta property=\"og:image:height\" content=\"960\" \/>\n\t<meta property=\"og:image:type\" content=\"image\/jpeg\" \/>\n<meta name=\"author\" content=\"Expresso Metropolitano\" \/>\n<meta name=\"twitter:label1\" content=\"Escrito por\" \/>\n\t<meta name=\"twitter:data1\" content=\"Expresso Metropolitano\" \/>\n\t<meta name=\"twitter:label2\" content=\"Tiempo de lectura\" \/>\n\t<meta name=\"twitter:data2\" content=\"3 minutos\" \/>\n<script type=\"application\/ld+json\" class=\"yoast-schema-graph\">{\"@context\":\"https:\\\/\\\/schema.org\",\"@graph\":[{\"@type\":\"Article\",\"@id\":\"https:\\\/\\\/expressometro.mx\\\/index.php\\\/2024\\\/10\\\/31\\\/atletas-uaemex-participaran-en-encuentro-deportivo-internacional-en-colombia\\\/#article\",\"isPartOf\":{\"@id\":\"https:\\\/\\\/expressometro.mx\\\/index.php\\\/2024\\\/10\\\/31\\\/atletas-uaemex-participaran-en-encuentro-deportivo-internacional-en-colombia\\\/\"},\"author\":{\"name\":\"Expresso Metropolitano\",\"@id\":\"https:\\\/\\\/expressometro.mx\\\/#\\\/schema\\\/person\\\/efa971b4a0664db8ed5c22b1b0dd2f5d\"},\"headline\":\"ATLETAS UAEM\u00c9X PARTICIPAR\u00c1N EN ENCUENTRO DEPORTIVO INTERNACIONAL EN COLOMBIA\",\"datePublished\":\"2024-10-31T21:01:48+00:00\",\"dateModified\":\"2024-11-05T21:05:57+00:00\",\"mainEntityOfPage\":{\"@id\":\"https:\\\/\\\/expressometro.mx\\\/index.php\\\/2024\\\/10\\\/31\\\/atletas-uaemex-participaran-en-encuentro-deportivo-internacional-en-colombia\\\/\"},\"wordCount\":585,\"commentCount\":0,\"publisher\":{\"@id\":\"https:\\\/\\\/expressometro.mx\\\/#organization\"},\"image\":{\"@id\":\"https:\\\/\\\/expressometro.mx\\\/index.php\\\/2024\\\/10\\\/31\\\/atletas-uaemex-participaran-en-encuentro-deportivo-internacional-en-colombia\\\/#primaryimage\"},\"thumbnailUrl\":\"https:\\\/\\\/expressometro.mx\\\/wp-content\\\/uploads\\\/2024\\\/11\\\/WhatsApp-Image-2024-11-05-at-3.04.06-PM.jpeg\",\"keywords\":[\"Carlos Eduardo Barrera D\u00edaz\",\"Edomex\",\"GEM\",\"UAEMex\"],\"articleSection\":[\"Deportes\",\"Educaci\u00f3n\",\"Gobierno\",\"Otros\",\"Pol\u00edtica\"],\"inLanguage\":\"es\",\"potentialAction\":[{\"@type\":\"CommentAction\",\"name\":\"Comment\",\"target\":[\"https:\\\/\\\/expressometro.mx\\\/index.php\\\/2024\\\/10\\\/31\\\/atletas-uaemex-participaran-en-encuentro-deportivo-internacional-en-colombia\\\/#respond\"]}]},{\"@type\":\"WebPage\",\"@id\":\"https:\\\/\\\/expressometro.mx\\\/index.php\\\/2024\\\/10\\\/31\\\/atletas-uaemex-participaran-en-encuentro-deportivo-internacional-en-colombia\\\/\",\"url\":\"https:\\\/\\\/expressometro.mx\\\/index.php\\\/2024\\\/10\\\/31\\\/atletas-uaemex-participaran-en-encuentro-deportivo-internacional-en-colombia\\\/\",\"name\":\"ATLETAS UAEM\u00c9X PARTICIPAR\u00c1N EN ENCUENTRO DEPORTIVO INTERNACIONAL EN COLOMBIA - Expresso Metropolitano\",\"isPartOf\":{\"@id\":\"https:\\\/\\\/expressometro.mx\\\/#website\"},\"primaryImageOfPage\":{\"@id\":\"https:\\\/\\\/expressometro.mx\\\/index.php\\\/2024\\\/10\\\/31\\\/atletas-uaemex-participaran-en-encuentro-deportivo-internacional-en-colombia\\\/#primaryimage\"},\"image\":{\"@id\":\"https:\\\/\\\/expressometro.mx\\\/index.php\\\/2024\\\/10\\\/31\\\/atletas-uaemex-participaran-en-encuentro-deportivo-internacional-en-colombia\\\/#primaryimage\"},\"thumbnailUrl\":\"https:\\\/\\\/expressometro.mx\\\/wp-content\\\/uploads\\\/2024\\\/11\\\/WhatsApp-Image-2024-11-05-at-3.04.06-PM.jpeg\",\"datePublished\":\"2024-10-31T21:01:48+00:00\",\"dateModified\":\"2024-11-05T21:05:57+00:00\",\"breadcrumb\":{\"@id\":\"https:\\\/\\\/expressometro.mx\\\/index.php\\\/2024\\\/10\\\/31\\\/atletas-uaemex-participaran-en-encuentro-deportivo-internacional-en-colombia\\\/#breadcrumb\"},\"inLanguage\":\"es\",\"potentialAction\":[{\"@type\":\"ReadAction\",\"target\":[\"https:\\\/\\\/expressometro.mx\\\/index.php\\\/2024\\\/10\\\/31\\\/atletas-uaemex-participaran-en-encuentro-deportivo-internacional-en-colombia\\\/\"]}]},{\"@type\":\"ImageObject\",\"inLanguage\":\"es\",\"@id\":\"https:\\\/\\\/expressometro.mx\\\/index.php\\\/2024\\\/10\\\/31\\\/atletas-uaemex-participaran-en-encuentro-deportivo-internacional-en-colombia\\\/#primaryimage\",\"url\":\"https:\\\/\\\/expressometro.mx\\\/wp-content\\\/uploads\\\/2024\\\/11\\\/WhatsApp-Image-2024-11-05-at-3.04.06-PM.jpeg\",\"contentUrl\":\"https:\\\/\\\/expressometro.mx\\\/wp-content\\\/uploads\\\/2024\\\/11\\\/WhatsApp-Image-2024-11-05-at-3.04.06-PM.jpeg\",\"width\":1440,\"height\":960},{\"@type\":\"BreadcrumbList\",\"@id\":\"https:\\\/\\\/expressometro.mx\\\/index.php\\\/2024\\\/10\\\/31\\\/atletas-uaemex-participaran-en-encuentro-deportivo-internacional-en-colombia\\\/#breadcrumb\",\"itemListElement\":[{\"@type\":\"ListItem\",\"position\":1,\"name\":\"Inicio\",\"item\":\"https:\\\/\\\/expressometro.mx\\\/\"},{\"@type\":\"ListItem\",\"position\":2,\"name\":\"ATLETAS UAEM\u00c9X PARTICIPAR\u00c1N EN ENCUENTRO DEPORTIVO INTERNACIONAL EN COLOMBIA\"}]},{\"@type\":\"WebSite\",\"@id\":\"https:\\\/\\\/expressometro.mx\\\/#website\",\"url\":\"https:\\\/\\\/expressometro.mx\\\/\",\"name\":\"Expresso Metropolitano\",\"description\":\"Periodismo comprometido, informaci\u00f3n, investigaci\u00f3n y an\u00e1lisis\",\"publisher\":{\"@id\":\"https:\\\/\\\/expressometro.mx\\\/#organization\"},\"potentialAction\":[{\"@type\":\"SearchAction\",\"target\":{\"@type\":\"EntryPoint\",\"urlTemplate\":\"https:\\\/\\\/expressometro.mx\\\/?s={search_term_string}\"},\"query-input\":{\"@type\":\"PropertyValueSpecification\",\"valueRequired\":true,\"valueName\":\"search_term_string\"}}],\"inLanguage\":\"es\"},{\"@type\":\"Organization\",\"@id\":\"https:\\\/\\\/expressometro.mx\\\/#organization\",\"name\":\"Expresso Metropolitano\",\"url\":\"https:\\\/\\\/expressometro.mx\\\/\",\"logo\":{\"@type\":\"ImageObject\",\"inLanguage\":\"es\",\"@id\":\"https:\\\/\\\/expressometro.mx\\\/#\\\/schema\\\/logo\\\/image\\\/\",\"url\":\"https:\\\/\\\/expressometro.mx\\\/wp-content\\\/uploads\\\/2019\\\/07\\\/cropped-Logo-Expresso-Metropolitano-1-1.jpeg\",\"contentUrl\":\"https:\\\/\\\/expressometro.mx\\\/wp-content\\\/uploads\\\/2019\\\/07\\\/cropped-Logo-Expresso-Metropolitano-1-1.jpeg\",\"width\":290,\"height\":73,\"caption\":\"Expresso Metropolitano\"},\"image\":{\"@id\":\"https:\\\/\\\/expressometro.mx\\\/#\\\/schema\\\/logo\\\/image\\\/\"}},{\"@type\":\"Person\",\"@id\":\"https:\\\/\\\/expressometro.mx\\\/#\\\/schema\\\/person\\\/efa971b4a0664db8ed5c22b1b0dd2f5d\",\"name\":\"Expresso Metropolitano\",\"image\":{\"@type\":\"ImageObject\",\"inLanguage\":\"es\",\"@id\":\"https:\\\/\\\/secure.gravatar.com\\\/avatar\\\/a89f802b8de18c6952f223c88d3d106e9e3679839f4e25a02f4a6cc2ae6ba3b3?s=96&d=mm&r=g\",\"url\":\"https:\\\/\\\/secure.gravatar.com\\\/avatar\\\/a89f802b8de18c6952f223c88d3d106e9e3679839f4e25a02f4a6cc2ae6ba3b3?s=96&d=mm&r=g\",\"contentUrl\":\"https:\\\/\\\/secure.gravatar.com\\\/avatar\\\/a89f802b8de18c6952f223c88d3d106e9e3679839f4e25a02f4a6cc2ae6ba3b3?s=96&d=mm&r=g\",\"caption\":\"Expresso Metropolitano\"},\"url\":\"https:\\\/\\\/expressometro.mx\\\/index.php\\\/author\\\/diego\\\/\"}]}<\/script>\n<!-- \/ Yoast SEO plugin. -->","yoast_head_json":{"title":"ATLETAS UAEM\u00c9X PARTICIPAR\u00c1N EN ENCUENTRO DEPORTIVO INTERNACIONAL EN COLOMBIA - Expresso Metropolitano","robots":{"index":"index","follow":"follow","max-snippet":"max-snippet:-1","max-image-preview":"max-image-preview:large","max-video-preview":"max-video-preview:-1"},"canonical":"https:\/\/expressometro.mx\/index.php\/2024\/10\/31\/atletas-uaemex-participaran-en-encuentro-deportivo-internacional-en-colombia\/","og_locale":"es_MX","og_type":"article","og_title":"ATLETAS UAEM\u00c9X PARTICIPAR\u00c1N EN ENCUENTRO DEPORTIVO INTERNACIONAL EN COLOMBIA - Expresso Metropolitano","og_description":"El rector de la UAEM\u00e9x, Carlos Eduardo Barrera D\u00edaz, abander\u00f3 a la Delegaci\u00f3n de Deportistas Universitarios que participar\u00e1n en la III FISU Am\u00e9rica Games 2024, que tendr\u00e1 como sede la ciudad de Cali, Colombia.","og_url":"https:\/\/expressometro.mx\/index.php\/2024\/10\/31\/atletas-uaemex-participaran-en-encuentro-deportivo-internacional-en-colombia\/","og_site_name":"Expresso Metropolitano","article_published_time":"2024-10-31T21:01:48+00:00","article_modified_time":"2024-11-05T21:05:57+00:00","og_image":[{"width":1440,"height":960,"url":"http:\/\/expressometro.mx\/wp-content\/uploads\/2024\/11\/WhatsApp-Image-2024-11-05-at-3.04.06-PM.jpeg","type":"image\/jpeg"}],"author":"Expresso Metropolitano","twitter_misc":{"Escrito por":"Expresso Metropolitano","Tiempo de lectura":"3 minutos"},"schema":{"@context":"https:\/\/schema.org","@graph":[{"@type":"Article","@id":"https:\/\/expressometro.mx\/index.php\/2024\/10\/31\/atletas-uaemex-participaran-en-encuentro-deportivo-internacional-en-colombia\/#article","isPartOf":{"@id":"https:\/\/expressometro.mx\/index.php\/2024\/10\/31\/atletas-uaemex-participaran-en-encuentro-deportivo-internacional-en-colombia\/"},"author":{"name":"Expresso Metropolitano","@id":"https:\/\/expressometro.mx\/#\/schema\/person\/efa971b4a0664db8ed5c22b1b0dd2f5d"},"headline":"ATLETAS UAEM\u00c9X PARTICIPAR\u00c1N EN ENCUENTRO DEPORTIVO INTERNACIONAL EN COLOMBIA","datePublished":"2024-10-31T21:01:48+00:00","dateModified":"2024-11-05T21:05:57+00:00","mainEntityOfPage":{"@id":"https:\/\/expressometro.mx\/index.php\/2024\/10\/31\/atletas-uaemex-participaran-en-encuentro-deportivo-internacional-en-colombia\/"},"wordCount":585,"commentCount":0,"publisher":{"@id":"https:\/\/expressometro.mx\/#organization"},"image":{"@id":"https:\/\/expressometro.mx\/index.php\/2024\/10\/31\/atletas-uaemex-participaran-en-encuentro-deportivo-internacional-en-colombia\/#primaryimage"},"thumbnailUrl":"https:\/\/expressometro.mx\/wp-content\/uploads\/2024\/11\/WhatsApp-Image-2024-11-05-at-3.04.06-PM.jpeg","keywords":["Carlos Eduardo Barrera D\u00edaz","Edomex","GEM","UAEMex"],"articleSection":["Deportes","Educaci\u00f3n","Gobierno","Otros","Pol\u00edtica"],"inLanguage":"es","potentialAction":[{"@type":"CommentAction","name":"Comment","target":["https:\/\/expressometro.mx\/index.php\/2024\/10\/31\/atletas-uaemex-participaran-en-encuentro-deportivo-internacional-en-colombia\/#respond"]}]},{"@type":"WebPage","@id":"https:\/\/expressometro.mx\/index.php\/2024\/10\/31\/atletas-uaemex-participaran-en-encuentro-deportivo-internacional-en-colombia\/","url":"https:\/\/expressometro.mx\/index.php\/2024\/10\/31\/atletas-uaemex-participaran-en-encuentro-deportivo-internacional-en-colombia\/","name":"ATLETAS UAEM\u00c9X PARTICIPAR\u00c1N EN ENCUENTRO DEPORTIVO INTERNACIONAL EN COLOMBIA - Expresso Metropolitano","isPartOf":{"@id":"https:\/\/expressometro.mx\/#website"},"primaryImageOfPage":{"@id":"https:\/\/expressometro.mx\/index.php\/2024\/10\/31\/atletas-uaemex-participaran-en-encuentro-deportivo-internacional-en-colombia\/#primaryimage"},"image":{"@id":"https:\/\/expressometro.mx\/index.php\/2024\/10\/31\/atletas-uaemex-participaran-en-encuentro-deportivo-internacional-en-colombia\/#primaryimage"},"thumbnailUrl":"https:\/\/expressometro.mx\/wp-content\/uploads\/2024\/11\/WhatsApp-Image-2024-11-05-at-3.04.06-PM.jpeg","datePublished":"2024-10-31T21:01:48+00:00","dateModified":"2024-11-05T21:05:57+00:00","breadcrumb":{"@id":"https:\/\/expressometro.mx\/index.php\/2024\/10\/31\/atletas-uaemex-participaran-en-encuentro-deportivo-internacional-en-colombia\/#breadcrumb"},"inLanguage":"es","potentialAction":[{"@type":"ReadAction","target":["https:\/\/expressometro.mx\/index.php\/2024\/10\/31\/atletas-uaemex-participaran-en-encuentro-deportivo-internacional-en-colombia\/"]}]},{"@type":"ImageObject","inLanguage":"es","@id":"https:\/\/expressometro.mx\/index.php\/2024\/10\/31\/atletas-uaemex-participaran-en-encuentro-deportivo-internacional-en-colombia\/#primaryimage","url":"https:\/\/expressometro.mx\/wp-content\/uploads\/2024\/11\/WhatsApp-Image-2024-11-05-at-3.04.06-PM.jpeg","contentUrl":"https:\/\/expressometro.mx\/wp-content\/uploads\/2024\/11\/WhatsApp-Image-2024-11-05-at-3.04.06-PM.jpeg","width":1440,"height":960},{"@type":"BreadcrumbList","@id":"https:\/\/expressometro.mx\/index.php\/2024\/10\/31\/atletas-uaemex-participaran-en-encuentro-deportivo-internacional-en-colombia\/#breadcrumb","itemListElement":[{"@type":"ListItem","position":1,"name":"Inicio","item":"https:\/\/expressometro.mx\/"},{"@type":"ListItem","position":2,"name":"ATLETAS UAEM\u00c9X PARTICIPAR\u00c1N EN ENCUENTRO DEPORTIVO INTERNACIONAL EN COLOMBIA"}]},{"@type":"WebSite","@id":"https:\/\/expressometro.mx\/#website","url":"https:\/\/expressometro.mx\/","name":"Expresso Metropolitano","description":"Periodismo comprometido, informaci\u00f3n, investigaci\u00f3n y an\u00e1lisis","publisher":{"@id":"https:\/\/expressometro.mx\/#organization"},"potentialAction":[{"@type":"SearchAction","target":{"@type":"EntryPoint","urlTemplate":"https:\/\/expressometro.mx\/?s={search_term_string}"},"query-input":{"@type":"PropertyValueSpecification","valueRequired":true,"valueName":"search_term_string"}}],"inLanguage":"es"},{"@type":"Organization","@id":"https:\/\/expressometro.mx\/#organization","name":"Expresso Metropolitano","url":"https:\/\/expressometro.mx\/","logo":{"@type":"ImageObject","inLanguage":"es","@id":"https:\/\/expressometro.mx\/#\/schema\/logo\/image\/","url":"https:\/\/expressometro.mx\/wp-content\/uploads\/2019\/07\/cropped-Logo-Expresso-Metropolitano-1-1.jpeg","contentUrl":"https:\/\/expressometro.mx\/wp-content\/uploads\/2019\/07\/cropped-Logo-Expresso-Metropolitano-1-1.jpeg","width":290,"height":73,"caption":"Expresso Metropolitano"},"image":{"@id":"https:\/\/expressometro.mx\/#\/schema\/logo\/image\/"}},{"@type":"Person","@id":"https:\/\/expressometro.mx\/#\/schema\/person\/efa971b4a0664db8ed5c22b1b0dd2f5d","name":"Expresso Metropolitano","image":{"@type":"ImageObject","inLanguage":"es","@id":"https:\/\/secure.gravatar.com\/avatar\/a89f802b8de18c6952f223c88d3d106e9e3679839f4e25a02f4a6cc2ae6ba3b3?s=96&d=mm&r=g","url":"https:\/\/secure.gravatar.com\/avatar\/a89f802b8de18c6952f223c88d3d106e9e3679839f4e25a02f4a6cc2ae6ba3b3?s=96&d=mm&r=g","contentUrl":"https:\/\/secure.gravatar.com\/avatar\/a89f802b8de18c6952f223c88d3d106e9e3679839f4e25a02f4a6cc2ae6ba3b3?s=96&d=mm&r=g","caption":"Expresso Metropolitano"},"url":"https:\/\/expressometro.mx\/index.php\/author\/diego\/"}]}},"amp_enabled":true,"_links":{"self":[{"href":"https:\/\/expressometro.mx\/index.php\/wp-json\/wp\/v2\/posts\/10386","targetHints":{"allow":["GET"]}}],"collection":[{"href":"https:\/\/expressometro.mx\/index.php\/wp-json\/wp\/v2\/posts"}],"about":[{"href":"https:\/\/expressometro.mx\/index.php\/wp-json\/wp\/v2\/types\/post"}],"author":[{"embeddable":true,"href":"https:\/\/expressometro.mx\/index.php\/wp-json\/wp\/v2\/users\/1"}],"replies":[{"embeddable":true,"href":"https:\/\/expressometro.mx\/index.php\/wp-json\/wp\/v2\/comments?post=10386"}],"version-history":[{"count":1,"href":"https:\/\/expressometro.mx\/index.php\/wp-json\/wp\/v2\/posts\/10386\/revisions"}],"predecessor-version":[{"id":10390,"href":"https:\/\/expressometro.mx\/index.php\/wp-json\/wp\/v2\/posts\/10386\/revisions\/10390"}],"wp:featuredmedia":[{"embeddable":true,"href":"https:\/\/expressometro.mx\/index.php\/wp-json\/wp\/v2\/media\/10388"}],"wp:attachment":[{"href":"https:\/\/expressometro.mx\/index.php\/wp-json\/wp\/v2\/media?parent=10386"}],"wp:term":[{"taxonomy":"category","embeddable":true,"href":"https:\/\/expressometro.mx\/index.php\/wp-json\/wp\/v2\/categories?post=10386"},{"taxonomy":"post_tag","embeddable":true,"href":"https:\/\/expressometro.mx\/index.php\/wp-json\/wp\/v2\/tags?post=10386"}],"curies":[{"name":"wp","href":"https:\/\/api.w.org\/{rel}","templated":true}]}}