{"id":1035,"date":"2019-10-17T23:12:17","date_gmt":"2019-10-18T04:12:17","guid":{"rendered":"http:\/\/expressometro.mx\/?p=1035"},"modified":"2019-10-30T11:16:34","modified_gmt":"2019-10-30T17:16:34","slug":"implementa-tultitlan-acciones-para-empoderar-a-la-mujer","status":"publish","type":"post","link":"https:\/\/expressometro.mx\/index.php\/2019\/10\/17\/implementa-tultitlan-acciones-para-empoderar-a-la-mujer\/","title":{"rendered":"Implementa Tultitl\u00e1n acciones para empoderar a la mujer."},"content":{"rendered":"\n<p>El Gobierno Municipal que preside Elena Garc\u00eda Mart\u00ednez a trav\u00e9s del Instituto Municipal para la Protecci\u00f3n&nbsp; de la Mujer, implementa diversas acciones con relaci\u00f3n a la perspectiva de g\u00e9nero, enfocadas principalmente en el \u201cempoderamiento\u201d de las mujeres tultitlenses.<\/p>\n\n\n\n<p>\u201cNuestra prioridad es velar por la seguridad e integridad de las mujeres en este municipio, valoramos este sector porque la mayor\u00eda de ellas son madres jefas de familia, por ello se est\u00e1 actuando para que la violencia hacia el sector femenino se traduzca en oportunidades de desarrollo personal, intelectual, econ\u00f3mico y de esta manera se sientan cien por ciento apoyadas\u201d coment\u00f3 la alcaldesa municipal.<\/p>\n\n\n\n<p>Tambi\u00e9n se\u00f1al\u00f3 que de acuerdo a la Organizaci\u00f3n Mundial de la Salud (OMS), una de cada 3 mujeres sufren de violencia f\u00edsica y emocional; adem\u00e1s de que tres de cada diez mujeres sufren de maltrato emocional, f\u00edsico, patrimonial y econ\u00f3mico, por lo que es necesario que gobierno y sociedad se sensibilicen ante \u00e9sta problem\u00e1tica y contribuyan no s\u00f3lo a revertir las cifras, sino adem\u00e1s a sancionar este delito.<\/p>\n\n\n\n<p>La directora de INMUJER Mar\u00eda del Roc\u00edo Monroy manifest\u00f3 que diariamente se llevan a cabo diversas actividades para empoderar a las mujeres mediante la implementaci\u00f3n de talleres, jornadas de bienestar y empoderamiento, pl\u00e1ticas a mujeres adolescentes para prevenci\u00f3n de embarazo as\u00ed como la canalizaci\u00f3n de f\u00e9minas agredidas al centro de justicia para mujeres, entre otras actividades en materia de g\u00e9nero totalmente gratuitas.<\/p>\n\n\n\n<p>De igual manera la funcionaria local se\u00f1al\u00f3 que \u201cdesafortunadamente sigue el maltrato hac\u00eda la mujer, es por ello que nos ocupamos en bajar recursos y programas para apoyarlas y sobre todo que se actu\u00e9 de manera inmediata ante cualquier situaci\u00f3n de violencia\u201d.<\/p>\n\n\n\n<p>\u201cQuiero agradecer la amplia disponibilidad de la presidenta municipal en dar suma importancia a esta gran problem\u00e1tica que es muy latente en este municipio y quiero destacar que al momento de recibir alguna denuncia de una mujer violentada brindamos inmediatamente asesor\u00eda psicol\u00f3gica y jur\u00eddica para que sean correctamente orientadas, sin costo alguno y sobre todo dar oportuno seguimiento para que se sientan protegidas\u201d, puntualiz\u00f3.<\/p>\n\n\n\n<p>A modo de conclusi\u00f3n, la directora de esta instituci\u00f3n coment\u00f3 que seguir\u00e1 trabajando en capacitaci\u00f3n a las mujeres tultitlenses para que puedan auto-emplearse mediante realizaci\u00f3n de actividades y concientizaci\u00f3n entre el personal del Ayuntamiento sea mujeres y hombres para apoyar a quienes vengan a pedir ayuda para que sean atendidas dignamente y la poblaci\u00f3n en general sobre la violencia hacia las mujeres, a fin de otorgarles el lugar y el respeto que tienen ganado dentro del n\u00facleo familiar y social.<\/p>\n","protected":false},"excerpt":{"rendered":"<p>El Gobierno Municipal que preside Elena Garc\u00eda Mart\u00ednez a trav\u00e9s del Instituto Municipal para la Protecci\u00f3n&nbsp; de la Mujer, implementa diversas acciones con relaci\u00f3n a la perspectiva de g\u00e9nero, enfocadas principalmente en el \u201cempoderamiento\u201d de las mujeres tultitlenses. \u201cNuestra prioridad es velar por la seguridad e integridad de las mujeres en este municipio, valoramos este sector porque la mayor\u00eda de ellas son madres jefas de familia, por ello se est\u00e1 actuando para que la violencia hacia el sector femenino se traduzca en oportunidades de desarrollo personal, intelectual, econ\u00f3mico y de&hellip;<\/p>\n","protected":false},"author":1,"featured_media":1038,"comment_status":"open","ping_status":"open","sticky":false,"template":"","format":"standard","meta":{"footnotes":""},"categories":[1],"tags":[],"class_list":["post-1035","post","type-post","status-publish","format-standard","has-post-thumbnail","hentry","category-otros"],"yoast_head":"<!-- This site is optimized with the Yoast SEO plugin v27.5 - https:\/\/yoast.com\/product\/yoast-seo-wordpress\/ -->\n<title>Implementa Tultitl\u00e1n acciones para empoderar a la mujer. - Expresso Metropolitano<\/title>\n<meta name=\"robots\" content=\"index, follow, max-snippet:-1, max-image-preview:large, max-video-preview:-1\" \/>\n<link rel=\"canonical\" href=\"https:\/\/expressometro.mx\/index.php\/2019\/10\/17\/implementa-tultitlan-acciones-para-empoderar-a-la-mujer\/\" \/>\n<meta property=\"og:locale\" content=\"es_MX\" \/>\n<meta property=\"og:type\" content=\"article\" \/>\n<meta property=\"og:title\" content=\"Implementa Tultitl\u00e1n acciones para empoderar a la mujer. - Expresso Metropolitano\" \/>\n<meta property=\"og:description\" content=\"El Gobierno Municipal que preside Elena Garc\u00eda Mart\u00ednez a trav\u00e9s del Instituto Municipal para la Protecci\u00f3n&nbsp; de la Mujer, implementa diversas acciones con relaci\u00f3n a la perspectiva de g\u00e9nero, enfocadas principalmente en el \u201cempoderamiento\u201d de las mujeres tultitlenses. \u201cNuestra prioridad es velar por la seguridad e integridad de las mujeres en este municipio, valoramos este sector porque la mayor\u00eda de ellas son madres jefas de familia, por ello se est\u00e1 actuando para que la violencia hacia el sector femenino se traduzca en oportunidades de desarrollo personal, intelectual, econ\u00f3mico y de&hellip;\" \/>\n<meta property=\"og:url\" content=\"https:\/\/expressometro.mx\/index.php\/2019\/10\/17\/implementa-tultitlan-acciones-para-empoderar-a-la-mujer\/\" \/>\n<meta property=\"og:site_name\" content=\"Expresso Metropolitano\" \/>\n<meta property=\"article:published_time\" content=\"2019-10-18T04:12:17+00:00\" \/>\n<meta property=\"article:modified_time\" content=\"2019-10-30T17:16:34+00:00\" \/>\n<meta property=\"og:image\" content=\"https:\/\/expressometro.mx\/wp-content\/uploads\/2019\/10\/cad5813d-1ef6-4604-b4f2-761530e5db69.jpg\" \/>\n\t<meta property=\"og:image:width\" content=\"335\" \/>\n\t<meta property=\"og:image:height\" content=\"222\" \/>\n\t<meta property=\"og:image:type\" content=\"image\/jpeg\" \/>\n<meta name=\"author\" content=\"Expresso Metropolitano\" \/>\n<meta name=\"twitter:label1\" content=\"Escrito por\" \/>\n\t<meta name=\"twitter:data1\" content=\"Expresso Metropolitano\" \/>\n\t<meta name=\"twitter:label2\" content=\"Tiempo de lectura\" \/>\n\t<meta name=\"twitter:data2\" content=\"2 minutos\" \/>\n<script type=\"application\/ld+json\" class=\"yoast-schema-graph\">{\"@context\":\"https:\\\/\\\/schema.org\",\"@graph\":[{\"@type\":\"Article\",\"@id\":\"https:\\\/\\\/expressometro.mx\\\/index.php\\\/2019\\\/10\\\/17\\\/implementa-tultitlan-acciones-para-empoderar-a-la-mujer\\\/#article\",\"isPartOf\":{\"@id\":\"https:\\\/\\\/expressometro.mx\\\/index.php\\\/2019\\\/10\\\/17\\\/implementa-tultitlan-acciones-para-empoderar-a-la-mujer\\\/\"},\"author\":{\"name\":\"Expresso Metropolitano\",\"@id\":\"https:\\\/\\\/expressometro.mx\\\/#\\\/schema\\\/person\\\/efa971b4a0664db8ed5c22b1b0dd2f5d\"},\"headline\":\"Implementa Tultitl\u00e1n acciones para empoderar a la mujer.\",\"datePublished\":\"2019-10-18T04:12:17+00:00\",\"dateModified\":\"2019-10-30T17:16:34+00:00\",\"mainEntityOfPage\":{\"@id\":\"https:\\\/\\\/expressometro.mx\\\/index.php\\\/2019\\\/10\\\/17\\\/implementa-tultitlan-acciones-para-empoderar-a-la-mujer\\\/\"},\"wordCount\":467,\"commentCount\":0,\"publisher\":{\"@id\":\"https:\\\/\\\/expressometro.mx\\\/#organization\"},\"image\":{\"@id\":\"https:\\\/\\\/expressometro.mx\\\/index.php\\\/2019\\\/10\\\/17\\\/implementa-tultitlan-acciones-para-empoderar-a-la-mujer\\\/#primaryimage\"},\"thumbnailUrl\":\"https:\\\/\\\/expressometro.mx\\\/wp-content\\\/uploads\\\/2019\\\/10\\\/cad5813d-1ef6-4604-b4f2-761530e5db69.jpg\",\"articleSection\":[\"Otros\"],\"inLanguage\":\"es\",\"potentialAction\":[{\"@type\":\"CommentAction\",\"name\":\"Comment\",\"target\":[\"https:\\\/\\\/expressometro.mx\\\/index.php\\\/2019\\\/10\\\/17\\\/implementa-tultitlan-acciones-para-empoderar-a-la-mujer\\\/#respond\"]}]},{\"@type\":\"WebPage\",\"@id\":\"https:\\\/\\\/expressometro.mx\\\/index.php\\\/2019\\\/10\\\/17\\\/implementa-tultitlan-acciones-para-empoderar-a-la-mujer\\\/\",\"url\":\"https:\\\/\\\/expressometro.mx\\\/index.php\\\/2019\\\/10\\\/17\\\/implementa-tultitlan-acciones-para-empoderar-a-la-mujer\\\/\",\"name\":\"Implementa Tultitl\u00e1n acciones para empoderar a la mujer. - Expresso Metropolitano\",\"isPartOf\":{\"@id\":\"https:\\\/\\\/expressometro.mx\\\/#website\"},\"primaryImageOfPage\":{\"@id\":\"https:\\\/\\\/expressometro.mx\\\/index.php\\\/2019\\\/10\\\/17\\\/implementa-tultitlan-acciones-para-empoderar-a-la-mujer\\\/#primaryimage\"},\"image\":{\"@id\":\"https:\\\/\\\/expressometro.mx\\\/index.php\\\/2019\\\/10\\\/17\\\/implementa-tultitlan-acciones-para-empoderar-a-la-mujer\\\/#primaryimage\"},\"thumbnailUrl\":\"https:\\\/\\\/expressometro.mx\\\/wp-content\\\/uploads\\\/2019\\\/10\\\/cad5813d-1ef6-4604-b4f2-761530e5db69.jpg\",\"datePublished\":\"2019-10-18T04:12:17+00:00\",\"dateModified\":\"2019-10-30T17:16:34+00:00\",\"breadcrumb\":{\"@id\":\"https:\\\/\\\/expressometro.mx\\\/index.php\\\/2019\\\/10\\\/17\\\/implementa-tultitlan-acciones-para-empoderar-a-la-mujer\\\/#breadcrumb\"},\"inLanguage\":\"es\",\"potentialAction\":[{\"@type\":\"ReadAction\",\"target\":[\"https:\\\/\\\/expressometro.mx\\\/index.php\\\/2019\\\/10\\\/17\\\/implementa-tultitlan-acciones-para-empoderar-a-la-mujer\\\/\"]}]},{\"@type\":\"ImageObject\",\"inLanguage\":\"es\",\"@id\":\"https:\\\/\\\/expressometro.mx\\\/index.php\\\/2019\\\/10\\\/17\\\/implementa-tultitlan-acciones-para-empoderar-a-la-mujer\\\/#primaryimage\",\"url\":\"https:\\\/\\\/expressometro.mx\\\/wp-content\\\/uploads\\\/2019\\\/10\\\/cad5813d-1ef6-4604-b4f2-761530e5db69.jpg\",\"contentUrl\":\"https:\\\/\\\/expressometro.mx\\\/wp-content\\\/uploads\\\/2019\\\/10\\\/cad5813d-1ef6-4604-b4f2-761530e5db69.jpg\",\"width\":335,\"height\":222},{\"@type\":\"BreadcrumbList\",\"@id\":\"https:\\\/\\\/expressometro.mx\\\/index.php\\\/2019\\\/10\\\/17\\\/implementa-tultitlan-acciones-para-empoderar-a-la-mujer\\\/#breadcrumb\",\"itemListElement\":[{\"@type\":\"ListItem\",\"position\":1,\"name\":\"Inicio\",\"item\":\"https:\\\/\\\/expressometro.mx\\\/\"},{\"@type\":\"ListItem\",\"position\":2,\"name\":\"Implementa Tultitl\u00e1n acciones para empoderar a la mujer.\"}]},{\"@type\":\"WebSite\",\"@id\":\"https:\\\/\\\/expressometro.mx\\\/#website\",\"url\":\"https:\\\/\\\/expressometro.mx\\\/\",\"name\":\"Expresso Metropolitano\",\"description\":\"Periodismo comprometido, informaci\u00f3n, investigaci\u00f3n y an\u00e1lisis\",\"publisher\":{\"@id\":\"https:\\\/\\\/expressometro.mx\\\/#organization\"},\"potentialAction\":[{\"@type\":\"SearchAction\",\"target\":{\"@type\":\"EntryPoint\",\"urlTemplate\":\"https:\\\/\\\/expressometro.mx\\\/?s={search_term_string}\"},\"query-input\":{\"@type\":\"PropertyValueSpecification\",\"valueRequired\":true,\"valueName\":\"search_term_string\"}}],\"inLanguage\":\"es\"},{\"@type\":\"Organization\",\"@id\":\"https:\\\/\\\/expressometro.mx\\\/#organization\",\"name\":\"Expresso Metropolitano\",\"url\":\"https:\\\/\\\/expressometro.mx\\\/\",\"logo\":{\"@type\":\"ImageObject\",\"inLanguage\":\"es\",\"@id\":\"https:\\\/\\\/expressometro.mx\\\/#\\\/schema\\\/logo\\\/image\\\/\",\"url\":\"https:\\\/\\\/expressometro.mx\\\/wp-content\\\/uploads\\\/2019\\\/07\\\/cropped-Logo-Expresso-Metropolitano-1-1.jpeg\",\"contentUrl\":\"https:\\\/\\\/expressometro.mx\\\/wp-content\\\/uploads\\\/2019\\\/07\\\/cropped-Logo-Expresso-Metropolitano-1-1.jpeg\",\"width\":290,\"height\":73,\"caption\":\"Expresso Metropolitano\"},\"image\":{\"@id\":\"https:\\\/\\\/expressometro.mx\\\/#\\\/schema\\\/logo\\\/image\\\/\"}},{\"@type\":\"Person\",\"@id\":\"https:\\\/\\\/expressometro.mx\\\/#\\\/schema\\\/person\\\/efa971b4a0664db8ed5c22b1b0dd2f5d\",\"name\":\"Expresso Metropolitano\",\"image\":{\"@type\":\"ImageObject\",\"inLanguage\":\"es\",\"@id\":\"https:\\\/\\\/secure.gravatar.com\\\/avatar\\\/a89f802b8de18c6952f223c88d3d106e9e3679839f4e25a02f4a6cc2ae6ba3b3?s=96&d=mm&r=g\",\"url\":\"https:\\\/\\\/secure.gravatar.com\\\/avatar\\\/a89f802b8de18c6952f223c88d3d106e9e3679839f4e25a02f4a6cc2ae6ba3b3?s=96&d=mm&r=g\",\"contentUrl\":\"https:\\\/\\\/secure.gravatar.com\\\/avatar\\\/a89f802b8de18c6952f223c88d3d106e9e3679839f4e25a02f4a6cc2ae6ba3b3?s=96&d=mm&r=g\",\"caption\":\"Expresso Metropolitano\"},\"url\":\"https:\\\/\\\/expressometro.mx\\\/index.php\\\/author\\\/diego\\\/\"}]}<\/script>\n<!-- \/ Yoast SEO plugin. -->","yoast_head_json":{"title":"Implementa Tultitl\u00e1n acciones para empoderar a la mujer. - Expresso Metropolitano","robots":{"index":"index","follow":"follow","max-snippet":"max-snippet:-1","max-image-preview":"max-image-preview:large","max-video-preview":"max-video-preview:-1"},"canonical":"https:\/\/expressometro.mx\/index.php\/2019\/10\/17\/implementa-tultitlan-acciones-para-empoderar-a-la-mujer\/","og_locale":"es_MX","og_type":"article","og_title":"Implementa Tultitl\u00e1n acciones para empoderar a la mujer. - Expresso Metropolitano","og_description":"El Gobierno Municipal que preside Elena Garc\u00eda Mart\u00ednez a trav\u00e9s del Instituto Municipal para la Protecci\u00f3n&nbsp; de la Mujer, implementa diversas acciones con relaci\u00f3n a la perspectiva de g\u00e9nero, enfocadas principalmente en el \u201cempoderamiento\u201d de las mujeres tultitlenses. \u201cNuestra prioridad es velar por la seguridad e integridad de las mujeres en este municipio, valoramos este sector porque la mayor\u00eda de ellas son madres jefas de familia, por ello se est\u00e1 actuando para que la violencia hacia el sector femenino se traduzca en oportunidades de desarrollo personal, intelectual, econ\u00f3mico y de&hellip;","og_url":"https:\/\/expressometro.mx\/index.php\/2019\/10\/17\/implementa-tultitlan-acciones-para-empoderar-a-la-mujer\/","og_site_name":"Expresso Metropolitano","article_published_time":"2019-10-18T04:12:17+00:00","article_modified_time":"2019-10-30T17:16:34+00:00","og_image":[{"width":335,"height":222,"url":"https:\/\/expressometro.mx\/wp-content\/uploads\/2019\/10\/cad5813d-1ef6-4604-b4f2-761530e5db69.jpg","type":"image\/jpeg"}],"author":"Expresso Metropolitano","twitter_misc":{"Escrito por":"Expresso Metropolitano","Tiempo de lectura":"2 minutos"},"schema":{"@context":"https:\/\/schema.org","@graph":[{"@type":"Article","@id":"https:\/\/expressometro.mx\/index.php\/2019\/10\/17\/implementa-tultitlan-acciones-para-empoderar-a-la-mujer\/#article","isPartOf":{"@id":"https:\/\/expressometro.mx\/index.php\/2019\/10\/17\/implementa-tultitlan-acciones-para-empoderar-a-la-mujer\/"},"author":{"name":"Expresso Metropolitano","@id":"https:\/\/expressometro.mx\/#\/schema\/person\/efa971b4a0664db8ed5c22b1b0dd2f5d"},"headline":"Implementa Tultitl\u00e1n acciones para empoderar a la mujer.","datePublished":"2019-10-18T04:12:17+00:00","dateModified":"2019-10-30T17:16:34+00:00","mainEntityOfPage":{"@id":"https:\/\/expressometro.mx\/index.php\/2019\/10\/17\/implementa-tultitlan-acciones-para-empoderar-a-la-mujer\/"},"wordCount":467,"commentCount":0,"publisher":{"@id":"https:\/\/expressometro.mx\/#organization"},"image":{"@id":"https:\/\/expressometro.mx\/index.php\/2019\/10\/17\/implementa-tultitlan-acciones-para-empoderar-a-la-mujer\/#primaryimage"},"thumbnailUrl":"https:\/\/expressometro.mx\/wp-content\/uploads\/2019\/10\/cad5813d-1ef6-4604-b4f2-761530e5db69.jpg","articleSection":["Otros"],"inLanguage":"es","potentialAction":[{"@type":"CommentAction","name":"Comment","target":["https:\/\/expressometro.mx\/index.php\/2019\/10\/17\/implementa-tultitlan-acciones-para-empoderar-a-la-mujer\/#respond"]}]},{"@type":"WebPage","@id":"https:\/\/expressometro.mx\/index.php\/2019\/10\/17\/implementa-tultitlan-acciones-para-empoderar-a-la-mujer\/","url":"https:\/\/expressometro.mx\/index.php\/2019\/10\/17\/implementa-tultitlan-acciones-para-empoderar-a-la-mujer\/","name":"Implementa Tultitl\u00e1n acciones para empoderar a la mujer. - Expresso Metropolitano","isPartOf":{"@id":"https:\/\/expressometro.mx\/#website"},"primaryImageOfPage":{"@id":"https:\/\/expressometro.mx\/index.php\/2019\/10\/17\/implementa-tultitlan-acciones-para-empoderar-a-la-mujer\/#primaryimage"},"image":{"@id":"https:\/\/expressometro.mx\/index.php\/2019\/10\/17\/implementa-tultitlan-acciones-para-empoderar-a-la-mujer\/#primaryimage"},"thumbnailUrl":"https:\/\/expressometro.mx\/wp-content\/uploads\/2019\/10\/cad5813d-1ef6-4604-b4f2-761530e5db69.jpg","datePublished":"2019-10-18T04:12:17+00:00","dateModified":"2019-10-30T17:16:34+00:00","breadcrumb":{"@id":"https:\/\/expressometro.mx\/index.php\/2019\/10\/17\/implementa-tultitlan-acciones-para-empoderar-a-la-mujer\/#breadcrumb"},"inLanguage":"es","potentialAction":[{"@type":"ReadAction","target":["https:\/\/expressometro.mx\/index.php\/2019\/10\/17\/implementa-tultitlan-acciones-para-empoderar-a-la-mujer\/"]}]},{"@type":"ImageObject","inLanguage":"es","@id":"https:\/\/expressometro.mx\/index.php\/2019\/10\/17\/implementa-tultitlan-acciones-para-empoderar-a-la-mujer\/#primaryimage","url":"https:\/\/expressometro.mx\/wp-content\/uploads\/2019\/10\/cad5813d-1ef6-4604-b4f2-761530e5db69.jpg","contentUrl":"https:\/\/expressometro.mx\/wp-content\/uploads\/2019\/10\/cad5813d-1ef6-4604-b4f2-761530e5db69.jpg","width":335,"height":222},{"@type":"BreadcrumbList","@id":"https:\/\/expressometro.mx\/index.php\/2019\/10\/17\/implementa-tultitlan-acciones-para-empoderar-a-la-mujer\/#breadcrumb","itemListElement":[{"@type":"ListItem","position":1,"name":"Inicio","item":"https:\/\/expressometro.mx\/"},{"@type":"ListItem","position":2,"name":"Implementa Tultitl\u00e1n acciones para empoderar a la mujer."}]},{"@type":"WebSite","@id":"https:\/\/expressometro.mx\/#website","url":"https:\/\/expressometro.mx\/","name":"Expresso Metropolitano","description":"Periodismo comprometido, informaci\u00f3n, investigaci\u00f3n y an\u00e1lisis","publisher":{"@id":"https:\/\/expressometro.mx\/#organization"},"potentialAction":[{"@type":"SearchAction","target":{"@type":"EntryPoint","urlTemplate":"https:\/\/expressometro.mx\/?s={search_term_string}"},"query-input":{"@type":"PropertyValueSpecification","valueRequired":true,"valueName":"search_term_string"}}],"inLanguage":"es"},{"@type":"Organization","@id":"https:\/\/expressometro.mx\/#organization","name":"Expresso Metropolitano","url":"https:\/\/expressometro.mx\/","logo":{"@type":"ImageObject","inLanguage":"es","@id":"https:\/\/expressometro.mx\/#\/schema\/logo\/image\/","url":"https:\/\/expressometro.mx\/wp-content\/uploads\/2019\/07\/cropped-Logo-Expresso-Metropolitano-1-1.jpeg","contentUrl":"https:\/\/expressometro.mx\/wp-content\/uploads\/2019\/07\/cropped-Logo-Expresso-Metropolitano-1-1.jpeg","width":290,"height":73,"caption":"Expresso Metropolitano"},"image":{"@id":"https:\/\/expressometro.mx\/#\/schema\/logo\/image\/"}},{"@type":"Person","@id":"https:\/\/expressometro.mx\/#\/schema\/person\/efa971b4a0664db8ed5c22b1b0dd2f5d","name":"Expresso Metropolitano","image":{"@type":"ImageObject","inLanguage":"es","@id":"https:\/\/secure.gravatar.com\/avatar\/a89f802b8de18c6952f223c88d3d106e9e3679839f4e25a02f4a6cc2ae6ba3b3?s=96&d=mm&r=g","url":"https:\/\/secure.gravatar.com\/avatar\/a89f802b8de18c6952f223c88d3d106e9e3679839f4e25a02f4a6cc2ae6ba3b3?s=96&d=mm&r=g","contentUrl":"https:\/\/secure.gravatar.com\/avatar\/a89f802b8de18c6952f223c88d3d106e9e3679839f4e25a02f4a6cc2ae6ba3b3?s=96&d=mm&r=g","caption":"Expresso Metropolitano"},"url":"https:\/\/expressometro.mx\/index.php\/author\/diego\/"}]}},"amp_enabled":true,"_links":{"self":[{"href":"https:\/\/expressometro.mx\/index.php\/wp-json\/wp\/v2\/posts\/1035","targetHints":{"allow":["GET"]}}],"collection":[{"href":"https:\/\/expressometro.mx\/index.php\/wp-json\/wp\/v2\/posts"}],"about":[{"href":"https:\/\/expressometro.mx\/index.php\/wp-json\/wp\/v2\/types\/post"}],"author":[{"embeddable":true,"href":"https:\/\/expressometro.mx\/index.php\/wp-json\/wp\/v2\/users\/1"}],"replies":[{"embeddable":true,"href":"https:\/\/expressometro.mx\/index.php\/wp-json\/wp\/v2\/comments?post=1035"}],"version-history":[{"count":1,"href":"https:\/\/expressometro.mx\/index.php\/wp-json\/wp\/v2\/posts\/1035\/revisions"}],"predecessor-version":[{"id":1039,"href":"https:\/\/expressometro.mx\/index.php\/wp-json\/wp\/v2\/posts\/1035\/revisions\/1039"}],"wp:featuredmedia":[{"embeddable":true,"href":"https:\/\/expressometro.mx\/index.php\/wp-json\/wp\/v2\/media\/1038"}],"wp:attachment":[{"href":"https:\/\/expressometro.mx\/index.php\/wp-json\/wp\/v2\/media?parent=1035"}],"wp:term":[{"taxonomy":"category","embeddable":true,"href":"https:\/\/expressometro.mx\/index.php\/wp-json\/wp\/v2\/categories?post=1035"},{"taxonomy":"post_tag","embeddable":true,"href":"https:\/\/expressometro.mx\/index.php\/wp-json\/wp\/v2\/tags?post=1035"}],"curies":[{"name":"wp","href":"https:\/\/api.w.org\/{rel}","templated":true}]}}