{"id":10340,"date":"2024-10-21T10:49:39","date_gmt":"2024-10-21T16:49:39","guid":{"rendered":"https:\/\/expressometro.mx\/?p=10340"},"modified":"2024-11-05T10:54:52","modified_gmt":"2024-11-05T16:54:52","slug":"atiende-uaemex-necesidades-de-la-comunidad-universitaria-del-plantel-ignacio-ramirez-calzada","status":"publish","type":"post","link":"https:\/\/expressometro.mx\/index.php\/2024\/10\/21\/atiende-uaemex-necesidades-de-la-comunidad-universitaria-del-plantel-ignacio-ramirez-calzada\/","title":{"rendered":"ATIENDE UAEM\u00c9X NECESIDADES DE LA COMUNIDAD UNIVERSITARIA DEL PLANTEL \u201cIGNACIO RAM\u00cdREZ CALZADA\u201d"},"content":{"rendered":"\n<p>* El rector Carlos Eduardo Barrera D\u00edaz encabez\u00f3 la lectura del segundo informe anual de actividades de la directora de este espacio acad\u00e9mico, Mar\u00eda del Roc\u00edo Garc\u00eda de Le\u00f3n Pastrana.<\/p>\n\n\n\n<p>El Plantel \u201cIgnacio Ram\u00edrez Calzada\u201d de la Escuela Preparatoria de la Universidad Aut\u00f3noma del Estado de M\u00e9xico (UAEM\u00e9x) destaca por su arduo trabajo por la educaci\u00f3n inclusiva y de calidad para nuestras y nuestros j\u00f3venes estudiantes, resalt\u00f3 el rector Carlos Eduardo Barrera D\u00edaz durante la lectura del segundo informe anual de actividades de la directora de este espacio acad\u00e9mico, Mar\u00eda del Roc\u00edo Garc\u00eda de Le\u00f3n Pastrana.<\/p>\n\n\n\n<p>Previo a este ejercicio de rendici\u00f3n de cuentas, Barrera D\u00edaz coloc\u00f3 la primera piedra para las obras de construcci\u00f3n de un edificio de tres aulas, asimismo, entreg\u00f3 15 computadoras de \u00faltima generaci\u00f3n y 15 sillas para personal administrativo, un aula en Edificio E, remozamiento de la cancha de f\u00fatbol y la impermeabilizaci\u00f3n de los edificios A y D, en beneficio de su comunidad universitaria.<\/p>\n\n\n\n<p>El rector de la M\u00e1xima Casa de Estudios mexiquense coment\u00f3 que el Plantel \u201cIgnacio Ram\u00edrez Calzada\u201d de la Escuela Preparatoria realiz\u00f3 un gran esfuerzo por ampliar su matr\u00edcula mediante el aprovechamiento de todos los recursos disponibles, incluyendo las modalidades presencial y mixta, pues en el 2024, se registr\u00f3 un aumento de 90 estudiantes m\u00e1s, con relaci\u00f3n al a\u00f1o anterior.<\/p>\n\n\n\n<p>En este marco, reconoci\u00f3 la gran participaci\u00f3n estudiantil en diferentes actividades acad\u00e9micas, pues 196 alumnas de segundo semestre participaron en el programa \u201cTecnolochicas\u201d, logrando que 76 de ellas se certificaran en el uso de Microsoft PowerPoint, as\u00ed como la estudiante Alondra Peralta, quien obtuvo la beca \u201cJos\u00e9 Antonio Alzate\u201d por la producci\u00f3n y publicaci\u00f3n de sus ensayos acad\u00e9micos.<\/p>\n\n\n\n<p>Barrera D\u00edaz destac\u00f3 que este plantel ha contribuido a la creaci\u00f3n de una instituci\u00f3n verde, pues obtuvo el reconocimiento de \u201cEscuela Ambientalmente Responsable\u201d y ha participado en la recolecci\u00f3n de taparroscas para apoyar a ni\u00f1os y ni\u00f1as con c\u00e1ncer, contribuyendo a la creaci\u00f3n de una comunidad emp\u00e1tica y socialmente responsable.<\/p>\n\n\n\n<p>Como parte de este acto de transparencia, la directora de este plantel, Mar\u00eda del Roc\u00edo Garc\u00eda de Le\u00f3n Pastrana, entreg\u00f3 un reconocimiento especial al rector de la UAEM\u00e9x por su importante labor en la gesti\u00f3n universitaria y su invaluable apoyo en beneficio de este espacio universitario.<\/p>\n\n\n\n<p>Asimismo, Garc\u00eda de Le\u00f3n Pastrana explic\u00f3 que en el periodo que se informa, se atiende a una matr\u00edcula de mil 976 estudiantes, de los cuales, 700 estudian en modalidad mixta. Asimismo, detall\u00f3 que el 100 por ciento de su matr\u00edcula cuenta con el apoyo del Programa Institucional de Tutor\u00eda Acad\u00e9mica, con el prop\u00f3sito de atender sus necesidades para lograr un mejor desempe\u00f1o en sus actividades escolares.<\/p>\n\n\n\n<p>Al acto asistieron la secretar\u00eda de Planeaci\u00f3n y Desarrollo Institucional, Mar\u00eda Esther Aurora Contreras Lara Vega; la profesora consejera de gobierno, Mayra Elvia Aguilar Morales; el alumno consejero universitario, Sergio Ricardo Vera Tapia; ex directores del plantel, integrantes del Gabinete Universitario y del Colegio de Directores, as\u00ed como la comunidad universitaria.<\/p>\n","protected":false},"excerpt":{"rendered":"<p>El rector Carlos Eduardo Barrera D\u00edaz encabez\u00f3 la lectura del segundo informe anual de actividades de la directora de este espacio acad\u00e9mico, Mar\u00eda del Roc\u00edo Garc\u00eda de Le\u00f3n Pastrana.<\/p>\n","protected":false},"author":1,"featured_media":10342,"comment_status":"open","ping_status":"open","sticky":false,"template":"","format":"standard","meta":{"footnotes":""},"categories":[3,1,231],"tags":[313,1982,86,82],"class_list":["post-10340","post","type-post","status-publish","format-standard","has-post-thumbnail","hentry","category-gobierno","category-otros","category-politica","tag-carlos-eduardo-barrera-diaz","tag-edomex","tag-gem","tag-uaemex"],"yoast_head":"<!-- This site is optimized with the Yoast SEO plugin v27.5 - https:\/\/yoast.com\/product\/yoast-seo-wordpress\/ -->\n<title>ATIENDE UAEM\u00c9X NECESIDADES DE LA COMUNIDAD UNIVERSITARIA DEL PLANTEL \u201cIGNACIO RAM\u00cdREZ CALZADA\u201d - Expresso Metropolitano<\/title>\n<meta name=\"robots\" content=\"index, follow, max-snippet:-1, max-image-preview:large, max-video-preview:-1\" \/>\n<link rel=\"canonical\" href=\"https:\/\/expressometro.mx\/index.php\/2024\/10\/21\/atiende-uaemex-necesidades-de-la-comunidad-universitaria-del-plantel-ignacio-ramirez-calzada\/\" \/>\n<meta property=\"og:locale\" content=\"es_MX\" \/>\n<meta property=\"og:type\" content=\"article\" \/>\n<meta property=\"og:title\" content=\"ATIENDE UAEM\u00c9X NECESIDADES DE LA COMUNIDAD UNIVERSITARIA DEL PLANTEL \u201cIGNACIO RAM\u00cdREZ CALZADA\u201d - Expresso Metropolitano\" \/>\n<meta property=\"og:description\" content=\"El rector Carlos Eduardo Barrera D\u00edaz encabez\u00f3 la lectura del segundo informe anual de actividades de la directora de este espacio acad\u00e9mico, Mar\u00eda del Roc\u00edo Garc\u00eda de Le\u00f3n Pastrana.\" \/>\n<meta property=\"og:url\" content=\"https:\/\/expressometro.mx\/index.php\/2024\/10\/21\/atiende-uaemex-necesidades-de-la-comunidad-universitaria-del-plantel-ignacio-ramirez-calzada\/\" \/>\n<meta property=\"og:site_name\" content=\"Expresso Metropolitano\" \/>\n<meta property=\"article:published_time\" content=\"2024-10-21T16:49:39+00:00\" \/>\n<meta property=\"article:modified_time\" content=\"2024-11-05T16:54:52+00:00\" \/>\n<meta property=\"og:image\" content=\"http:\/\/expressometro.mx\/wp-content\/uploads\/2024\/11\/WhatsApp-Image-2024-11-05-at-10.51.45-AM.jpeg\" \/>\n\t<meta property=\"og:image:width\" content=\"800\" \/>\n\t<meta property=\"og:image:height\" content=\"533\" \/>\n\t<meta property=\"og:image:type\" content=\"image\/jpeg\" \/>\n<meta name=\"author\" content=\"Expresso Metropolitano\" \/>\n<meta name=\"twitter:label1\" content=\"Escrito por\" \/>\n\t<meta name=\"twitter:data1\" content=\"Expresso Metropolitano\" \/>\n\t<meta name=\"twitter:label2\" content=\"Tiempo de lectura\" \/>\n\t<meta name=\"twitter:data2\" content=\"3 minutos\" \/>\n<script type=\"application\/ld+json\" class=\"yoast-schema-graph\">{\"@context\":\"https:\\\/\\\/schema.org\",\"@graph\":[{\"@type\":\"Article\",\"@id\":\"https:\\\/\\\/expressometro.mx\\\/index.php\\\/2024\\\/10\\\/21\\\/atiende-uaemex-necesidades-de-la-comunidad-universitaria-del-plantel-ignacio-ramirez-calzada\\\/#article\",\"isPartOf\":{\"@id\":\"https:\\\/\\\/expressometro.mx\\\/index.php\\\/2024\\\/10\\\/21\\\/atiende-uaemex-necesidades-de-la-comunidad-universitaria-del-plantel-ignacio-ramirez-calzada\\\/\"},\"author\":{\"name\":\"Expresso Metropolitano\",\"@id\":\"https:\\\/\\\/expressometro.mx\\\/#\\\/schema\\\/person\\\/efa971b4a0664db8ed5c22b1b0dd2f5d\"},\"headline\":\"ATIENDE UAEM\u00c9X NECESIDADES DE LA COMUNIDAD UNIVERSITARIA DEL PLANTEL \u201cIGNACIO RAM\u00cdREZ CALZADA\u201d\",\"datePublished\":\"2024-10-21T16:49:39+00:00\",\"dateModified\":\"2024-11-05T16:54:52+00:00\",\"mainEntityOfPage\":{\"@id\":\"https:\\\/\\\/expressometro.mx\\\/index.php\\\/2024\\\/10\\\/21\\\/atiende-uaemex-necesidades-de-la-comunidad-universitaria-del-plantel-ignacio-ramirez-calzada\\\/\"},\"wordCount\":555,\"commentCount\":0,\"publisher\":{\"@id\":\"https:\\\/\\\/expressometro.mx\\\/#organization\"},\"image\":{\"@id\":\"https:\\\/\\\/expressometro.mx\\\/index.php\\\/2024\\\/10\\\/21\\\/atiende-uaemex-necesidades-de-la-comunidad-universitaria-del-plantel-ignacio-ramirez-calzada\\\/#primaryimage\"},\"thumbnailUrl\":\"https:\\\/\\\/expressometro.mx\\\/wp-content\\\/uploads\\\/2024\\\/11\\\/WhatsApp-Image-2024-11-05-at-10.51.45-AM.jpeg\",\"keywords\":[\"Carlos Eduardo Barrera D\u00edaz\",\"Edomex\",\"GEM\",\"UAEMex\"],\"articleSection\":[\"Gobierno\",\"Otros\",\"Pol\u00edtica\"],\"inLanguage\":\"es\",\"potentialAction\":[{\"@type\":\"CommentAction\",\"name\":\"Comment\",\"target\":[\"https:\\\/\\\/expressometro.mx\\\/index.php\\\/2024\\\/10\\\/21\\\/atiende-uaemex-necesidades-de-la-comunidad-universitaria-del-plantel-ignacio-ramirez-calzada\\\/#respond\"]}]},{\"@type\":\"WebPage\",\"@id\":\"https:\\\/\\\/expressometro.mx\\\/index.php\\\/2024\\\/10\\\/21\\\/atiende-uaemex-necesidades-de-la-comunidad-universitaria-del-plantel-ignacio-ramirez-calzada\\\/\",\"url\":\"https:\\\/\\\/expressometro.mx\\\/index.php\\\/2024\\\/10\\\/21\\\/atiende-uaemex-necesidades-de-la-comunidad-universitaria-del-plantel-ignacio-ramirez-calzada\\\/\",\"name\":\"ATIENDE UAEM\u00c9X NECESIDADES DE LA COMUNIDAD UNIVERSITARIA DEL PLANTEL \u201cIGNACIO RAM\u00cdREZ CALZADA\u201d - Expresso Metropolitano\",\"isPartOf\":{\"@id\":\"https:\\\/\\\/expressometro.mx\\\/#website\"},\"primaryImageOfPage\":{\"@id\":\"https:\\\/\\\/expressometro.mx\\\/index.php\\\/2024\\\/10\\\/21\\\/atiende-uaemex-necesidades-de-la-comunidad-universitaria-del-plantel-ignacio-ramirez-calzada\\\/#primaryimage\"},\"image\":{\"@id\":\"https:\\\/\\\/expressometro.mx\\\/index.php\\\/2024\\\/10\\\/21\\\/atiende-uaemex-necesidades-de-la-comunidad-universitaria-del-plantel-ignacio-ramirez-calzada\\\/#primaryimage\"},\"thumbnailUrl\":\"https:\\\/\\\/expressometro.mx\\\/wp-content\\\/uploads\\\/2024\\\/11\\\/WhatsApp-Image-2024-11-05-at-10.51.45-AM.jpeg\",\"datePublished\":\"2024-10-21T16:49:39+00:00\",\"dateModified\":\"2024-11-05T16:54:52+00:00\",\"breadcrumb\":{\"@id\":\"https:\\\/\\\/expressometro.mx\\\/index.php\\\/2024\\\/10\\\/21\\\/atiende-uaemex-necesidades-de-la-comunidad-universitaria-del-plantel-ignacio-ramirez-calzada\\\/#breadcrumb\"},\"inLanguage\":\"es\",\"potentialAction\":[{\"@type\":\"ReadAction\",\"target\":[\"https:\\\/\\\/expressometro.mx\\\/index.php\\\/2024\\\/10\\\/21\\\/atiende-uaemex-necesidades-de-la-comunidad-universitaria-del-plantel-ignacio-ramirez-calzada\\\/\"]}]},{\"@type\":\"ImageObject\",\"inLanguage\":\"es\",\"@id\":\"https:\\\/\\\/expressometro.mx\\\/index.php\\\/2024\\\/10\\\/21\\\/atiende-uaemex-necesidades-de-la-comunidad-universitaria-del-plantel-ignacio-ramirez-calzada\\\/#primaryimage\",\"url\":\"https:\\\/\\\/expressometro.mx\\\/wp-content\\\/uploads\\\/2024\\\/11\\\/WhatsApp-Image-2024-11-05-at-10.51.45-AM.jpeg\",\"contentUrl\":\"https:\\\/\\\/expressometro.mx\\\/wp-content\\\/uploads\\\/2024\\\/11\\\/WhatsApp-Image-2024-11-05-at-10.51.45-AM.jpeg\",\"width\":800,\"height\":533},{\"@type\":\"BreadcrumbList\",\"@id\":\"https:\\\/\\\/expressometro.mx\\\/index.php\\\/2024\\\/10\\\/21\\\/atiende-uaemex-necesidades-de-la-comunidad-universitaria-del-plantel-ignacio-ramirez-calzada\\\/#breadcrumb\",\"itemListElement\":[{\"@type\":\"ListItem\",\"position\":1,\"name\":\"Inicio\",\"item\":\"https:\\\/\\\/expressometro.mx\\\/\"},{\"@type\":\"ListItem\",\"position\":2,\"name\":\"ATIENDE UAEM\u00c9X NECESIDADES DE LA COMUNIDAD UNIVERSITARIA DEL PLANTEL \u201cIGNACIO RAM\u00cdREZ CALZADA\u201d\"}]},{\"@type\":\"WebSite\",\"@id\":\"https:\\\/\\\/expressometro.mx\\\/#website\",\"url\":\"https:\\\/\\\/expressometro.mx\\\/\",\"name\":\"Expresso Metropolitano\",\"description\":\"Periodismo comprometido, informaci\u00f3n, investigaci\u00f3n y an\u00e1lisis\",\"publisher\":{\"@id\":\"https:\\\/\\\/expressometro.mx\\\/#organization\"},\"potentialAction\":[{\"@type\":\"SearchAction\",\"target\":{\"@type\":\"EntryPoint\",\"urlTemplate\":\"https:\\\/\\\/expressometro.mx\\\/?s={search_term_string}\"},\"query-input\":{\"@type\":\"PropertyValueSpecification\",\"valueRequired\":true,\"valueName\":\"search_term_string\"}}],\"inLanguage\":\"es\"},{\"@type\":\"Organization\",\"@id\":\"https:\\\/\\\/expressometro.mx\\\/#organization\",\"name\":\"Expresso Metropolitano\",\"url\":\"https:\\\/\\\/expressometro.mx\\\/\",\"logo\":{\"@type\":\"ImageObject\",\"inLanguage\":\"es\",\"@id\":\"https:\\\/\\\/expressometro.mx\\\/#\\\/schema\\\/logo\\\/image\\\/\",\"url\":\"https:\\\/\\\/expressometro.mx\\\/wp-content\\\/uploads\\\/2019\\\/07\\\/cropped-Logo-Expresso-Metropolitano-1-1.jpeg\",\"contentUrl\":\"https:\\\/\\\/expressometro.mx\\\/wp-content\\\/uploads\\\/2019\\\/07\\\/cropped-Logo-Expresso-Metropolitano-1-1.jpeg\",\"width\":290,\"height\":73,\"caption\":\"Expresso Metropolitano\"},\"image\":{\"@id\":\"https:\\\/\\\/expressometro.mx\\\/#\\\/schema\\\/logo\\\/image\\\/\"}},{\"@type\":\"Person\",\"@id\":\"https:\\\/\\\/expressometro.mx\\\/#\\\/schema\\\/person\\\/efa971b4a0664db8ed5c22b1b0dd2f5d\",\"name\":\"Expresso Metropolitano\",\"image\":{\"@type\":\"ImageObject\",\"inLanguage\":\"es\",\"@id\":\"https:\\\/\\\/secure.gravatar.com\\\/avatar\\\/a89f802b8de18c6952f223c88d3d106e9e3679839f4e25a02f4a6cc2ae6ba3b3?s=96&d=mm&r=g\",\"url\":\"https:\\\/\\\/secure.gravatar.com\\\/avatar\\\/a89f802b8de18c6952f223c88d3d106e9e3679839f4e25a02f4a6cc2ae6ba3b3?s=96&d=mm&r=g\",\"contentUrl\":\"https:\\\/\\\/secure.gravatar.com\\\/avatar\\\/a89f802b8de18c6952f223c88d3d106e9e3679839f4e25a02f4a6cc2ae6ba3b3?s=96&d=mm&r=g\",\"caption\":\"Expresso Metropolitano\"},\"url\":\"https:\\\/\\\/expressometro.mx\\\/index.php\\\/author\\\/diego\\\/\"}]}<\/script>\n<!-- \/ Yoast SEO plugin. -->","yoast_head_json":{"title":"ATIENDE UAEM\u00c9X NECESIDADES DE LA COMUNIDAD UNIVERSITARIA DEL PLANTEL \u201cIGNACIO RAM\u00cdREZ CALZADA\u201d - Expresso Metropolitano","robots":{"index":"index","follow":"follow","max-snippet":"max-snippet:-1","max-image-preview":"max-image-preview:large","max-video-preview":"max-video-preview:-1"},"canonical":"https:\/\/expressometro.mx\/index.php\/2024\/10\/21\/atiende-uaemex-necesidades-de-la-comunidad-universitaria-del-plantel-ignacio-ramirez-calzada\/","og_locale":"es_MX","og_type":"article","og_title":"ATIENDE UAEM\u00c9X NECESIDADES DE LA COMUNIDAD UNIVERSITARIA DEL PLANTEL \u201cIGNACIO RAM\u00cdREZ CALZADA\u201d - Expresso Metropolitano","og_description":"El rector Carlos Eduardo Barrera D\u00edaz encabez\u00f3 la lectura del segundo informe anual de actividades de la directora de este espacio acad\u00e9mico, Mar\u00eda del Roc\u00edo Garc\u00eda de Le\u00f3n Pastrana.","og_url":"https:\/\/expressometro.mx\/index.php\/2024\/10\/21\/atiende-uaemex-necesidades-de-la-comunidad-universitaria-del-plantel-ignacio-ramirez-calzada\/","og_site_name":"Expresso Metropolitano","article_published_time":"2024-10-21T16:49:39+00:00","article_modified_time":"2024-11-05T16:54:52+00:00","og_image":[{"width":800,"height":533,"url":"http:\/\/expressometro.mx\/wp-content\/uploads\/2024\/11\/WhatsApp-Image-2024-11-05-at-10.51.45-AM.jpeg","type":"image\/jpeg"}],"author":"Expresso Metropolitano","twitter_misc":{"Escrito por":"Expresso Metropolitano","Tiempo de lectura":"3 minutos"},"schema":{"@context":"https:\/\/schema.org","@graph":[{"@type":"Article","@id":"https:\/\/expressometro.mx\/index.php\/2024\/10\/21\/atiende-uaemex-necesidades-de-la-comunidad-universitaria-del-plantel-ignacio-ramirez-calzada\/#article","isPartOf":{"@id":"https:\/\/expressometro.mx\/index.php\/2024\/10\/21\/atiende-uaemex-necesidades-de-la-comunidad-universitaria-del-plantel-ignacio-ramirez-calzada\/"},"author":{"name":"Expresso Metropolitano","@id":"https:\/\/expressometro.mx\/#\/schema\/person\/efa971b4a0664db8ed5c22b1b0dd2f5d"},"headline":"ATIENDE UAEM\u00c9X NECESIDADES DE LA COMUNIDAD UNIVERSITARIA DEL PLANTEL \u201cIGNACIO RAM\u00cdREZ CALZADA\u201d","datePublished":"2024-10-21T16:49:39+00:00","dateModified":"2024-11-05T16:54:52+00:00","mainEntityOfPage":{"@id":"https:\/\/expressometro.mx\/index.php\/2024\/10\/21\/atiende-uaemex-necesidades-de-la-comunidad-universitaria-del-plantel-ignacio-ramirez-calzada\/"},"wordCount":555,"commentCount":0,"publisher":{"@id":"https:\/\/expressometro.mx\/#organization"},"image":{"@id":"https:\/\/expressometro.mx\/index.php\/2024\/10\/21\/atiende-uaemex-necesidades-de-la-comunidad-universitaria-del-plantel-ignacio-ramirez-calzada\/#primaryimage"},"thumbnailUrl":"https:\/\/expressometro.mx\/wp-content\/uploads\/2024\/11\/WhatsApp-Image-2024-11-05-at-10.51.45-AM.jpeg","keywords":["Carlos Eduardo Barrera D\u00edaz","Edomex","GEM","UAEMex"],"articleSection":["Gobierno","Otros","Pol\u00edtica"],"inLanguage":"es","potentialAction":[{"@type":"CommentAction","name":"Comment","target":["https:\/\/expressometro.mx\/index.php\/2024\/10\/21\/atiende-uaemex-necesidades-de-la-comunidad-universitaria-del-plantel-ignacio-ramirez-calzada\/#respond"]}]},{"@type":"WebPage","@id":"https:\/\/expressometro.mx\/index.php\/2024\/10\/21\/atiende-uaemex-necesidades-de-la-comunidad-universitaria-del-plantel-ignacio-ramirez-calzada\/","url":"https:\/\/expressometro.mx\/index.php\/2024\/10\/21\/atiende-uaemex-necesidades-de-la-comunidad-universitaria-del-plantel-ignacio-ramirez-calzada\/","name":"ATIENDE UAEM\u00c9X NECESIDADES DE LA COMUNIDAD UNIVERSITARIA DEL PLANTEL \u201cIGNACIO RAM\u00cdREZ CALZADA\u201d - Expresso Metropolitano","isPartOf":{"@id":"https:\/\/expressometro.mx\/#website"},"primaryImageOfPage":{"@id":"https:\/\/expressometro.mx\/index.php\/2024\/10\/21\/atiende-uaemex-necesidades-de-la-comunidad-universitaria-del-plantel-ignacio-ramirez-calzada\/#primaryimage"},"image":{"@id":"https:\/\/expressometro.mx\/index.php\/2024\/10\/21\/atiende-uaemex-necesidades-de-la-comunidad-universitaria-del-plantel-ignacio-ramirez-calzada\/#primaryimage"},"thumbnailUrl":"https:\/\/expressometro.mx\/wp-content\/uploads\/2024\/11\/WhatsApp-Image-2024-11-05-at-10.51.45-AM.jpeg","datePublished":"2024-10-21T16:49:39+00:00","dateModified":"2024-11-05T16:54:52+00:00","breadcrumb":{"@id":"https:\/\/expressometro.mx\/index.php\/2024\/10\/21\/atiende-uaemex-necesidades-de-la-comunidad-universitaria-del-plantel-ignacio-ramirez-calzada\/#breadcrumb"},"inLanguage":"es","potentialAction":[{"@type":"ReadAction","target":["https:\/\/expressometro.mx\/index.php\/2024\/10\/21\/atiende-uaemex-necesidades-de-la-comunidad-universitaria-del-plantel-ignacio-ramirez-calzada\/"]}]},{"@type":"ImageObject","inLanguage":"es","@id":"https:\/\/expressometro.mx\/index.php\/2024\/10\/21\/atiende-uaemex-necesidades-de-la-comunidad-universitaria-del-plantel-ignacio-ramirez-calzada\/#primaryimage","url":"https:\/\/expressometro.mx\/wp-content\/uploads\/2024\/11\/WhatsApp-Image-2024-11-05-at-10.51.45-AM.jpeg","contentUrl":"https:\/\/expressometro.mx\/wp-content\/uploads\/2024\/11\/WhatsApp-Image-2024-11-05-at-10.51.45-AM.jpeg","width":800,"height":533},{"@type":"BreadcrumbList","@id":"https:\/\/expressometro.mx\/index.php\/2024\/10\/21\/atiende-uaemex-necesidades-de-la-comunidad-universitaria-del-plantel-ignacio-ramirez-calzada\/#breadcrumb","itemListElement":[{"@type":"ListItem","position":1,"name":"Inicio","item":"https:\/\/expressometro.mx\/"},{"@type":"ListItem","position":2,"name":"ATIENDE UAEM\u00c9X NECESIDADES DE LA COMUNIDAD UNIVERSITARIA DEL PLANTEL \u201cIGNACIO RAM\u00cdREZ CALZADA\u201d"}]},{"@type":"WebSite","@id":"https:\/\/expressometro.mx\/#website","url":"https:\/\/expressometro.mx\/","name":"Expresso Metropolitano","description":"Periodismo comprometido, informaci\u00f3n, investigaci\u00f3n y an\u00e1lisis","publisher":{"@id":"https:\/\/expressometro.mx\/#organization"},"potentialAction":[{"@type":"SearchAction","target":{"@type":"EntryPoint","urlTemplate":"https:\/\/expressometro.mx\/?s={search_term_string}"},"query-input":{"@type":"PropertyValueSpecification","valueRequired":true,"valueName":"search_term_string"}}],"inLanguage":"es"},{"@type":"Organization","@id":"https:\/\/expressometro.mx\/#organization","name":"Expresso Metropolitano","url":"https:\/\/expressometro.mx\/","logo":{"@type":"ImageObject","inLanguage":"es","@id":"https:\/\/expressometro.mx\/#\/schema\/logo\/image\/","url":"https:\/\/expressometro.mx\/wp-content\/uploads\/2019\/07\/cropped-Logo-Expresso-Metropolitano-1-1.jpeg","contentUrl":"https:\/\/expressometro.mx\/wp-content\/uploads\/2019\/07\/cropped-Logo-Expresso-Metropolitano-1-1.jpeg","width":290,"height":73,"caption":"Expresso Metropolitano"},"image":{"@id":"https:\/\/expressometro.mx\/#\/schema\/logo\/image\/"}},{"@type":"Person","@id":"https:\/\/expressometro.mx\/#\/schema\/person\/efa971b4a0664db8ed5c22b1b0dd2f5d","name":"Expresso Metropolitano","image":{"@type":"ImageObject","inLanguage":"es","@id":"https:\/\/secure.gravatar.com\/avatar\/a89f802b8de18c6952f223c88d3d106e9e3679839f4e25a02f4a6cc2ae6ba3b3?s=96&d=mm&r=g","url":"https:\/\/secure.gravatar.com\/avatar\/a89f802b8de18c6952f223c88d3d106e9e3679839f4e25a02f4a6cc2ae6ba3b3?s=96&d=mm&r=g","contentUrl":"https:\/\/secure.gravatar.com\/avatar\/a89f802b8de18c6952f223c88d3d106e9e3679839f4e25a02f4a6cc2ae6ba3b3?s=96&d=mm&r=g","caption":"Expresso Metropolitano"},"url":"https:\/\/expressometro.mx\/index.php\/author\/diego\/"}]}},"amp_enabled":true,"_links":{"self":[{"href":"https:\/\/expressometro.mx\/index.php\/wp-json\/wp\/v2\/posts\/10340","targetHints":{"allow":["GET"]}}],"collection":[{"href":"https:\/\/expressometro.mx\/index.php\/wp-json\/wp\/v2\/posts"}],"about":[{"href":"https:\/\/expressometro.mx\/index.php\/wp-json\/wp\/v2\/types\/post"}],"author":[{"embeddable":true,"href":"https:\/\/expressometro.mx\/index.php\/wp-json\/wp\/v2\/users\/1"}],"replies":[{"embeddable":true,"href":"https:\/\/expressometro.mx\/index.php\/wp-json\/wp\/v2\/comments?post=10340"}],"version-history":[{"count":1,"href":"https:\/\/expressometro.mx\/index.php\/wp-json\/wp\/v2\/posts\/10340\/revisions"}],"predecessor-version":[{"id":10343,"href":"https:\/\/expressometro.mx\/index.php\/wp-json\/wp\/v2\/posts\/10340\/revisions\/10343"}],"wp:featuredmedia":[{"embeddable":true,"href":"https:\/\/expressometro.mx\/index.php\/wp-json\/wp\/v2\/media\/10342"}],"wp:attachment":[{"href":"https:\/\/expressometro.mx\/index.php\/wp-json\/wp\/v2\/media?parent=10340"}],"wp:term":[{"taxonomy":"category","embeddable":true,"href":"https:\/\/expressometro.mx\/index.php\/wp-json\/wp\/v2\/categories?post=10340"},{"taxonomy":"post_tag","embeddable":true,"href":"https:\/\/expressometro.mx\/index.php\/wp-json\/wp\/v2\/tags?post=10340"}],"curies":[{"name":"wp","href":"https:\/\/api.w.org\/{rel}","templated":true}]}}