{"id":10324,"date":"2024-10-10T10:33:33","date_gmt":"2024-10-10T16:33:33","guid":{"rendered":"https:\/\/expressometro.mx\/?p=10324"},"modified":"2024-11-05T10:35:38","modified_gmt":"2024-11-05T16:35:38","slug":"colaboran-uaemex-y-ayuntamiento-de-toluca-a-favor-de-la-sostenibilidad","status":"publish","type":"post","link":"https:\/\/expressometro.mx\/index.php\/2024\/10\/10\/colaboran-uaemex-y-ayuntamiento-de-toluca-a-favor-de-la-sostenibilidad\/","title":{"rendered":"COLABORAN UAEM\u00c9X Y AYUNTAMIENTO DE TOLUCA A FAVOR DE LA SOSTENIBILIDAD"},"content":{"rendered":"\n<p>* El rector de la UAEM\u00e9x, Carlos Eduardo Barrera D\u00edaz, y el presidente municipal de la capital mexiquense, Juan Maccise Naime, firmaron la Declaratoria \u201cConstrucci\u00f3n de una Agenda Territorial y Ambiental por Toluca\u201d.<\/p>\n\n\n\n<p>Con la finalidad de establecer acciones encaminadas a la sustentabilidad en la ciudad de Toluca, el rector de la Universidad Aut\u00f3noma del Estado de M\u00e9xico (UAEM\u00e9x), Carlos Eduardo Barrera D\u00edaz, y el presidente municipal de la capital mexiquense, Juan Maccise Naime, firmaron la Declaratoria \u201cConstrucci\u00f3n de una Agenda Territorial y Ambiental por Toluca\u201d.<\/p>\n\n\n\n<p>En el Patio Central del Palacio Municipal de Toluca, Barrera D\u00edaz coment\u00f3 que es necesario establecer relaciones de colaboraci\u00f3n que permitan vivir en armon\u00eda y sana convivencia, por lo que la signa de este documento representa la apertura, el respeto y la uni\u00f3n de esfuerzos para encontrar soluciones conjuntas a problemas comunes, en beneficio de la sociedad mexiquense.<\/p>\n\n\n\n<p>Asimismo, explic\u00f3 que la UAEM\u00e9x ha impulsado grandes iniciativas para el cuidado medioambiental, entre las que destacan la Campa\u00f1a Universitaria \u201cAcopio de envases PET y taparroscas de pl\u00e1stico\u201d, que ha recaudado m\u00e1s de 150 mil kilogramos de este material; el servicio Potro Verde B\u00fas, que transporta a 12 mil personas y reduce hasta 90 por ciento emisiones contaminantes, as\u00ed como la instalaci\u00f3n&nbsp; de 20 sistemas de captaci\u00f3n de agua pluvial que recolectan hasta 500 mil litros de este l\u00edquido en los espacios universitarios.<\/p>\n\n\n\n<p>Barrera D\u00edaz resalt\u00f3 que por estas acciones, que dan cumplimiento a los Objetivos de Desarrollo Sostenible (ODS), por integrar la sostenibilidad en las iniciativas de investigaci\u00f3n y por el buen aprovechamiento de los recursos naturales, la Aut\u00f3noma mexiquense recibir\u00e1 el reconocimiento Don Norman Design Award, denominado como \u201cUniversidad Verde: Dise\u00f1ando una sociedad sostenible\u201d, con lo que reafirma su compromiso con la cooperaci\u00f3n y creaci\u00f3n de espacios sustentables para todas y todos.<\/p>\n\n\n\n<p>En el marco de esta Jornada de Gobernanza y Sustentabilidad, Maccise Naime asever\u00f3 que la uni\u00f3n entre el gobierno, la academia y la sociedad civil sienta las bases de un futuro justo y equitativo, pues es necesario trabajar en conjunto para enfrentar los retos actuales y futuros con responsabilidad, compromiso y sostenibilidad que impactar\u00e1n en la vida de las y los mexiquenses.<\/p>\n\n\n\n<p>En este sentido, detall\u00f3 que este documento representa el inicio de una nueva etapa, pues se establecer\u00e1n acciones que promover\u00e1n un manejo eficiente y sustentable del agua; movilidad sostenible que permita desplazarse de manera segura, r\u00e1pida y amigable con el medio ambiente; as\u00ed como el dise\u00f1o y recuperaci\u00f3n de espacios p\u00fablicos con enfoque de g\u00e9nero, con lo cual se garantizar\u00e1 el cumplimiento de los objetivos establecidos en la Agenda 2030.<\/p>\n\n\n\n<p>Por su parte, el director General de Gobierno del Ayuntamiento de Toluca, Genaro Ruiz L\u00f3pez, destac\u00f3 que establecer estos lazos de colaboraci\u00f3n permitir\u00e1 construir sociedades justas y equitativas, pues se busca generar nuevas y mejores condiciones de sustentabilidad, a trav\u00e9s de nuevas estrategias que atiendan a las necesidades sociales.<\/p>\n\n\n\n<p>Como parte de esta ceremonia se imparti\u00f3 la Conferencia Magistral \u201cAlianzas para el Futuro: Academia, Gobierno y Sociedad en Acci\u00f3n para la Agenda 2030\u201d, a cargo de la profesora investigadora de la Facultad de Qu\u00edmica, Hariz Islas Flores.<\/p>\n\n\n\n<p>Al acto asistieron la representante del Comit\u00e9 de Planeaci\u00f3n para el Desarrollo del Estado de M\u00e9xico (COPLADEM), Daniela Araujo Garc\u00eda; el secretario del Ayuntamiento, Enrique Mendoza Vel\u00e1zquez; la presidenta de la Comisi\u00f3n Edilicia para la implementaci\u00f3n de la Agenda 2030, Sonia Castillo Ortega; invitados e invitadas del Ayuntamiento de Toluca, as\u00ed como integrantes del Cabildo Municipal y del Gabinete Universitario.<\/p>\n","protected":false},"excerpt":{"rendered":"<p>El rector de la UAEM\u00e9x, Carlos Eduardo Barrera D\u00edaz, y el presidente municipal de la capital mexiquense, Juan Maccise Naime, firmaron la Declaratoria \u201cConstrucci\u00f3n de una Agenda Territorial y Ambiental por Toluca\u201d.<\/p>\n","protected":false},"author":1,"featured_media":10326,"comment_status":"open","ping_status":"open","sticky":false,"template":"","format":"standard","meta":{"footnotes":""},"categories":[3,1,231],"tags":[313,1982,86,82],"class_list":["post-10324","post","type-post","status-publish","format-standard","has-post-thumbnail","hentry","category-gobierno","category-otros","category-politica","tag-carlos-eduardo-barrera-diaz","tag-edomex","tag-gem","tag-uaemex"],"yoast_head":"<!-- This site is optimized with the Yoast SEO plugin v27.5 - https:\/\/yoast.com\/product\/yoast-seo-wordpress\/ -->\n<title>COLABORAN UAEM\u00c9X Y AYUNTAMIENTO DE TOLUCA A FAVOR DE LA SOSTENIBILIDAD - Expresso Metropolitano<\/title>\n<meta name=\"robots\" content=\"index, follow, max-snippet:-1, max-image-preview:large, max-video-preview:-1\" \/>\n<link rel=\"canonical\" href=\"https:\/\/expressometro.mx\/index.php\/2024\/10\/10\/colaboran-uaemex-y-ayuntamiento-de-toluca-a-favor-de-la-sostenibilidad\/\" \/>\n<meta property=\"og:locale\" content=\"es_MX\" \/>\n<meta property=\"og:type\" content=\"article\" \/>\n<meta property=\"og:title\" content=\"COLABORAN UAEM\u00c9X Y AYUNTAMIENTO DE TOLUCA A FAVOR DE LA SOSTENIBILIDAD - Expresso Metropolitano\" \/>\n<meta property=\"og:description\" content=\"El rector de la UAEM\u00e9x, Carlos Eduardo Barrera D\u00edaz, y el presidente municipal de la capital mexiquense, Juan Maccise Naime, firmaron la Declaratoria \u201cConstrucci\u00f3n de una Agenda Territorial y Ambiental por Toluca\u201d.\" \/>\n<meta property=\"og:url\" content=\"https:\/\/expressometro.mx\/index.php\/2024\/10\/10\/colaboran-uaemex-y-ayuntamiento-de-toluca-a-favor-de-la-sostenibilidad\/\" \/>\n<meta property=\"og:site_name\" content=\"Expresso Metropolitano\" \/>\n<meta property=\"article:published_time\" content=\"2024-10-10T16:33:33+00:00\" \/>\n<meta property=\"article:modified_time\" content=\"2024-11-05T16:35:38+00:00\" \/>\n<meta property=\"og:image\" content=\"http:\/\/expressometro.mx\/wp-content\/uploads\/2024\/11\/WhatsApp-Image-2024-11-05-at-10.32.12-AM.jpeg\" \/>\n\t<meta property=\"og:image:width\" content=\"800\" \/>\n\t<meta property=\"og:image:height\" content=\"533\" \/>\n\t<meta property=\"og:image:type\" content=\"image\/jpeg\" \/>\n<meta name=\"author\" content=\"Expresso Metropolitano\" \/>\n<meta name=\"twitter:label1\" content=\"Escrito por\" \/>\n\t<meta name=\"twitter:data1\" content=\"Expresso Metropolitano\" \/>\n\t<meta name=\"twitter:label2\" content=\"Tiempo de lectura\" \/>\n\t<meta name=\"twitter:data2\" content=\"3 minutos\" \/>\n<script type=\"application\/ld+json\" class=\"yoast-schema-graph\">{\"@context\":\"https:\\\/\\\/schema.org\",\"@graph\":[{\"@type\":\"Article\",\"@id\":\"https:\\\/\\\/expressometro.mx\\\/index.php\\\/2024\\\/10\\\/10\\\/colaboran-uaemex-y-ayuntamiento-de-toluca-a-favor-de-la-sostenibilidad\\\/#article\",\"isPartOf\":{\"@id\":\"https:\\\/\\\/expressometro.mx\\\/index.php\\\/2024\\\/10\\\/10\\\/colaboran-uaemex-y-ayuntamiento-de-toluca-a-favor-de-la-sostenibilidad\\\/\"},\"author\":{\"name\":\"Expresso Metropolitano\",\"@id\":\"https:\\\/\\\/expressometro.mx\\\/#\\\/schema\\\/person\\\/efa971b4a0664db8ed5c22b1b0dd2f5d\"},\"headline\":\"COLABORAN UAEM\u00c9X Y AYUNTAMIENTO DE TOLUCA A FAVOR DE LA SOSTENIBILIDAD\",\"datePublished\":\"2024-10-10T16:33:33+00:00\",\"dateModified\":\"2024-11-05T16:35:38+00:00\",\"mainEntityOfPage\":{\"@id\":\"https:\\\/\\\/expressometro.mx\\\/index.php\\\/2024\\\/10\\\/10\\\/colaboran-uaemex-y-ayuntamiento-de-toluca-a-favor-de-la-sostenibilidad\\\/\"},\"wordCount\":627,\"commentCount\":0,\"publisher\":{\"@id\":\"https:\\\/\\\/expressometro.mx\\\/#organization\"},\"image\":{\"@id\":\"https:\\\/\\\/expressometro.mx\\\/index.php\\\/2024\\\/10\\\/10\\\/colaboran-uaemex-y-ayuntamiento-de-toluca-a-favor-de-la-sostenibilidad\\\/#primaryimage\"},\"thumbnailUrl\":\"https:\\\/\\\/expressometro.mx\\\/wp-content\\\/uploads\\\/2024\\\/11\\\/WhatsApp-Image-2024-11-05-at-10.32.12-AM.jpeg\",\"keywords\":[\"Carlos Eduardo Barrera D\u00edaz\",\"Edomex\",\"GEM\",\"UAEMex\"],\"articleSection\":[\"Gobierno\",\"Otros\",\"Pol\u00edtica\"],\"inLanguage\":\"es\",\"potentialAction\":[{\"@type\":\"CommentAction\",\"name\":\"Comment\",\"target\":[\"https:\\\/\\\/expressometro.mx\\\/index.php\\\/2024\\\/10\\\/10\\\/colaboran-uaemex-y-ayuntamiento-de-toluca-a-favor-de-la-sostenibilidad\\\/#respond\"]}]},{\"@type\":\"WebPage\",\"@id\":\"https:\\\/\\\/expressometro.mx\\\/index.php\\\/2024\\\/10\\\/10\\\/colaboran-uaemex-y-ayuntamiento-de-toluca-a-favor-de-la-sostenibilidad\\\/\",\"url\":\"https:\\\/\\\/expressometro.mx\\\/index.php\\\/2024\\\/10\\\/10\\\/colaboran-uaemex-y-ayuntamiento-de-toluca-a-favor-de-la-sostenibilidad\\\/\",\"name\":\"COLABORAN UAEM\u00c9X Y AYUNTAMIENTO DE TOLUCA A FAVOR DE LA SOSTENIBILIDAD - Expresso Metropolitano\",\"isPartOf\":{\"@id\":\"https:\\\/\\\/expressometro.mx\\\/#website\"},\"primaryImageOfPage\":{\"@id\":\"https:\\\/\\\/expressometro.mx\\\/index.php\\\/2024\\\/10\\\/10\\\/colaboran-uaemex-y-ayuntamiento-de-toluca-a-favor-de-la-sostenibilidad\\\/#primaryimage\"},\"image\":{\"@id\":\"https:\\\/\\\/expressometro.mx\\\/index.php\\\/2024\\\/10\\\/10\\\/colaboran-uaemex-y-ayuntamiento-de-toluca-a-favor-de-la-sostenibilidad\\\/#primaryimage\"},\"thumbnailUrl\":\"https:\\\/\\\/expressometro.mx\\\/wp-content\\\/uploads\\\/2024\\\/11\\\/WhatsApp-Image-2024-11-05-at-10.32.12-AM.jpeg\",\"datePublished\":\"2024-10-10T16:33:33+00:00\",\"dateModified\":\"2024-11-05T16:35:38+00:00\",\"breadcrumb\":{\"@id\":\"https:\\\/\\\/expressometro.mx\\\/index.php\\\/2024\\\/10\\\/10\\\/colaboran-uaemex-y-ayuntamiento-de-toluca-a-favor-de-la-sostenibilidad\\\/#breadcrumb\"},\"inLanguage\":\"es\",\"potentialAction\":[{\"@type\":\"ReadAction\",\"target\":[\"https:\\\/\\\/expressometro.mx\\\/index.php\\\/2024\\\/10\\\/10\\\/colaboran-uaemex-y-ayuntamiento-de-toluca-a-favor-de-la-sostenibilidad\\\/\"]}]},{\"@type\":\"ImageObject\",\"inLanguage\":\"es\",\"@id\":\"https:\\\/\\\/expressometro.mx\\\/index.php\\\/2024\\\/10\\\/10\\\/colaboran-uaemex-y-ayuntamiento-de-toluca-a-favor-de-la-sostenibilidad\\\/#primaryimage\",\"url\":\"https:\\\/\\\/expressometro.mx\\\/wp-content\\\/uploads\\\/2024\\\/11\\\/WhatsApp-Image-2024-11-05-at-10.32.12-AM.jpeg\",\"contentUrl\":\"https:\\\/\\\/expressometro.mx\\\/wp-content\\\/uploads\\\/2024\\\/11\\\/WhatsApp-Image-2024-11-05-at-10.32.12-AM.jpeg\",\"width\":800,\"height\":533},{\"@type\":\"BreadcrumbList\",\"@id\":\"https:\\\/\\\/expressometro.mx\\\/index.php\\\/2024\\\/10\\\/10\\\/colaboran-uaemex-y-ayuntamiento-de-toluca-a-favor-de-la-sostenibilidad\\\/#breadcrumb\",\"itemListElement\":[{\"@type\":\"ListItem\",\"position\":1,\"name\":\"Inicio\",\"item\":\"https:\\\/\\\/expressometro.mx\\\/\"},{\"@type\":\"ListItem\",\"position\":2,\"name\":\"COLABORAN UAEM\u00c9X Y AYUNTAMIENTO DE TOLUCA A FAVOR DE LA SOSTENIBILIDAD\"}]},{\"@type\":\"WebSite\",\"@id\":\"https:\\\/\\\/expressometro.mx\\\/#website\",\"url\":\"https:\\\/\\\/expressometro.mx\\\/\",\"name\":\"Expresso Metropolitano\",\"description\":\"Periodismo comprometido, informaci\u00f3n, investigaci\u00f3n y an\u00e1lisis\",\"publisher\":{\"@id\":\"https:\\\/\\\/expressometro.mx\\\/#organization\"},\"potentialAction\":[{\"@type\":\"SearchAction\",\"target\":{\"@type\":\"EntryPoint\",\"urlTemplate\":\"https:\\\/\\\/expressometro.mx\\\/?s={search_term_string}\"},\"query-input\":{\"@type\":\"PropertyValueSpecification\",\"valueRequired\":true,\"valueName\":\"search_term_string\"}}],\"inLanguage\":\"es\"},{\"@type\":\"Organization\",\"@id\":\"https:\\\/\\\/expressometro.mx\\\/#organization\",\"name\":\"Expresso Metropolitano\",\"url\":\"https:\\\/\\\/expressometro.mx\\\/\",\"logo\":{\"@type\":\"ImageObject\",\"inLanguage\":\"es\",\"@id\":\"https:\\\/\\\/expressometro.mx\\\/#\\\/schema\\\/logo\\\/image\\\/\",\"url\":\"https:\\\/\\\/expressometro.mx\\\/wp-content\\\/uploads\\\/2019\\\/07\\\/cropped-Logo-Expresso-Metropolitano-1-1.jpeg\",\"contentUrl\":\"https:\\\/\\\/expressometro.mx\\\/wp-content\\\/uploads\\\/2019\\\/07\\\/cropped-Logo-Expresso-Metropolitano-1-1.jpeg\",\"width\":290,\"height\":73,\"caption\":\"Expresso Metropolitano\"},\"image\":{\"@id\":\"https:\\\/\\\/expressometro.mx\\\/#\\\/schema\\\/logo\\\/image\\\/\"}},{\"@type\":\"Person\",\"@id\":\"https:\\\/\\\/expressometro.mx\\\/#\\\/schema\\\/person\\\/efa971b4a0664db8ed5c22b1b0dd2f5d\",\"name\":\"Expresso Metropolitano\",\"image\":{\"@type\":\"ImageObject\",\"inLanguage\":\"es\",\"@id\":\"https:\\\/\\\/secure.gravatar.com\\\/avatar\\\/a89f802b8de18c6952f223c88d3d106e9e3679839f4e25a02f4a6cc2ae6ba3b3?s=96&d=mm&r=g\",\"url\":\"https:\\\/\\\/secure.gravatar.com\\\/avatar\\\/a89f802b8de18c6952f223c88d3d106e9e3679839f4e25a02f4a6cc2ae6ba3b3?s=96&d=mm&r=g\",\"contentUrl\":\"https:\\\/\\\/secure.gravatar.com\\\/avatar\\\/a89f802b8de18c6952f223c88d3d106e9e3679839f4e25a02f4a6cc2ae6ba3b3?s=96&d=mm&r=g\",\"caption\":\"Expresso Metropolitano\"},\"url\":\"https:\\\/\\\/expressometro.mx\\\/index.php\\\/author\\\/diego\\\/\"}]}<\/script>\n<!-- \/ Yoast SEO plugin. -->","yoast_head_json":{"title":"COLABORAN UAEM\u00c9X Y AYUNTAMIENTO DE TOLUCA A FAVOR DE LA SOSTENIBILIDAD - Expresso Metropolitano","robots":{"index":"index","follow":"follow","max-snippet":"max-snippet:-1","max-image-preview":"max-image-preview:large","max-video-preview":"max-video-preview:-1"},"canonical":"https:\/\/expressometro.mx\/index.php\/2024\/10\/10\/colaboran-uaemex-y-ayuntamiento-de-toluca-a-favor-de-la-sostenibilidad\/","og_locale":"es_MX","og_type":"article","og_title":"COLABORAN UAEM\u00c9X Y AYUNTAMIENTO DE TOLUCA A FAVOR DE LA SOSTENIBILIDAD - Expresso Metropolitano","og_description":"El rector de la UAEM\u00e9x, Carlos Eduardo Barrera D\u00edaz, y el presidente municipal de la capital mexiquense, Juan Maccise Naime, firmaron la Declaratoria \u201cConstrucci\u00f3n de una Agenda Territorial y Ambiental por Toluca\u201d.","og_url":"https:\/\/expressometro.mx\/index.php\/2024\/10\/10\/colaboran-uaemex-y-ayuntamiento-de-toluca-a-favor-de-la-sostenibilidad\/","og_site_name":"Expresso Metropolitano","article_published_time":"2024-10-10T16:33:33+00:00","article_modified_time":"2024-11-05T16:35:38+00:00","og_image":[{"width":800,"height":533,"url":"http:\/\/expressometro.mx\/wp-content\/uploads\/2024\/11\/WhatsApp-Image-2024-11-05-at-10.32.12-AM.jpeg","type":"image\/jpeg"}],"author":"Expresso Metropolitano","twitter_misc":{"Escrito por":"Expresso Metropolitano","Tiempo de lectura":"3 minutos"},"schema":{"@context":"https:\/\/schema.org","@graph":[{"@type":"Article","@id":"https:\/\/expressometro.mx\/index.php\/2024\/10\/10\/colaboran-uaemex-y-ayuntamiento-de-toluca-a-favor-de-la-sostenibilidad\/#article","isPartOf":{"@id":"https:\/\/expressometro.mx\/index.php\/2024\/10\/10\/colaboran-uaemex-y-ayuntamiento-de-toluca-a-favor-de-la-sostenibilidad\/"},"author":{"name":"Expresso Metropolitano","@id":"https:\/\/expressometro.mx\/#\/schema\/person\/efa971b4a0664db8ed5c22b1b0dd2f5d"},"headline":"COLABORAN UAEM\u00c9X Y AYUNTAMIENTO DE TOLUCA A FAVOR DE LA SOSTENIBILIDAD","datePublished":"2024-10-10T16:33:33+00:00","dateModified":"2024-11-05T16:35:38+00:00","mainEntityOfPage":{"@id":"https:\/\/expressometro.mx\/index.php\/2024\/10\/10\/colaboran-uaemex-y-ayuntamiento-de-toluca-a-favor-de-la-sostenibilidad\/"},"wordCount":627,"commentCount":0,"publisher":{"@id":"https:\/\/expressometro.mx\/#organization"},"image":{"@id":"https:\/\/expressometro.mx\/index.php\/2024\/10\/10\/colaboran-uaemex-y-ayuntamiento-de-toluca-a-favor-de-la-sostenibilidad\/#primaryimage"},"thumbnailUrl":"https:\/\/expressometro.mx\/wp-content\/uploads\/2024\/11\/WhatsApp-Image-2024-11-05-at-10.32.12-AM.jpeg","keywords":["Carlos Eduardo Barrera D\u00edaz","Edomex","GEM","UAEMex"],"articleSection":["Gobierno","Otros","Pol\u00edtica"],"inLanguage":"es","potentialAction":[{"@type":"CommentAction","name":"Comment","target":["https:\/\/expressometro.mx\/index.php\/2024\/10\/10\/colaboran-uaemex-y-ayuntamiento-de-toluca-a-favor-de-la-sostenibilidad\/#respond"]}]},{"@type":"WebPage","@id":"https:\/\/expressometro.mx\/index.php\/2024\/10\/10\/colaboran-uaemex-y-ayuntamiento-de-toluca-a-favor-de-la-sostenibilidad\/","url":"https:\/\/expressometro.mx\/index.php\/2024\/10\/10\/colaboran-uaemex-y-ayuntamiento-de-toluca-a-favor-de-la-sostenibilidad\/","name":"COLABORAN UAEM\u00c9X Y AYUNTAMIENTO DE TOLUCA A FAVOR DE LA SOSTENIBILIDAD - Expresso Metropolitano","isPartOf":{"@id":"https:\/\/expressometro.mx\/#website"},"primaryImageOfPage":{"@id":"https:\/\/expressometro.mx\/index.php\/2024\/10\/10\/colaboran-uaemex-y-ayuntamiento-de-toluca-a-favor-de-la-sostenibilidad\/#primaryimage"},"image":{"@id":"https:\/\/expressometro.mx\/index.php\/2024\/10\/10\/colaboran-uaemex-y-ayuntamiento-de-toluca-a-favor-de-la-sostenibilidad\/#primaryimage"},"thumbnailUrl":"https:\/\/expressometro.mx\/wp-content\/uploads\/2024\/11\/WhatsApp-Image-2024-11-05-at-10.32.12-AM.jpeg","datePublished":"2024-10-10T16:33:33+00:00","dateModified":"2024-11-05T16:35:38+00:00","breadcrumb":{"@id":"https:\/\/expressometro.mx\/index.php\/2024\/10\/10\/colaboran-uaemex-y-ayuntamiento-de-toluca-a-favor-de-la-sostenibilidad\/#breadcrumb"},"inLanguage":"es","potentialAction":[{"@type":"ReadAction","target":["https:\/\/expressometro.mx\/index.php\/2024\/10\/10\/colaboran-uaemex-y-ayuntamiento-de-toluca-a-favor-de-la-sostenibilidad\/"]}]},{"@type":"ImageObject","inLanguage":"es","@id":"https:\/\/expressometro.mx\/index.php\/2024\/10\/10\/colaboran-uaemex-y-ayuntamiento-de-toluca-a-favor-de-la-sostenibilidad\/#primaryimage","url":"https:\/\/expressometro.mx\/wp-content\/uploads\/2024\/11\/WhatsApp-Image-2024-11-05-at-10.32.12-AM.jpeg","contentUrl":"https:\/\/expressometro.mx\/wp-content\/uploads\/2024\/11\/WhatsApp-Image-2024-11-05-at-10.32.12-AM.jpeg","width":800,"height":533},{"@type":"BreadcrumbList","@id":"https:\/\/expressometro.mx\/index.php\/2024\/10\/10\/colaboran-uaemex-y-ayuntamiento-de-toluca-a-favor-de-la-sostenibilidad\/#breadcrumb","itemListElement":[{"@type":"ListItem","position":1,"name":"Inicio","item":"https:\/\/expressometro.mx\/"},{"@type":"ListItem","position":2,"name":"COLABORAN UAEM\u00c9X Y AYUNTAMIENTO DE TOLUCA A FAVOR DE LA SOSTENIBILIDAD"}]},{"@type":"WebSite","@id":"https:\/\/expressometro.mx\/#website","url":"https:\/\/expressometro.mx\/","name":"Expresso Metropolitano","description":"Periodismo comprometido, informaci\u00f3n, investigaci\u00f3n y an\u00e1lisis","publisher":{"@id":"https:\/\/expressometro.mx\/#organization"},"potentialAction":[{"@type":"SearchAction","target":{"@type":"EntryPoint","urlTemplate":"https:\/\/expressometro.mx\/?s={search_term_string}"},"query-input":{"@type":"PropertyValueSpecification","valueRequired":true,"valueName":"search_term_string"}}],"inLanguage":"es"},{"@type":"Organization","@id":"https:\/\/expressometro.mx\/#organization","name":"Expresso Metropolitano","url":"https:\/\/expressometro.mx\/","logo":{"@type":"ImageObject","inLanguage":"es","@id":"https:\/\/expressometro.mx\/#\/schema\/logo\/image\/","url":"https:\/\/expressometro.mx\/wp-content\/uploads\/2019\/07\/cropped-Logo-Expresso-Metropolitano-1-1.jpeg","contentUrl":"https:\/\/expressometro.mx\/wp-content\/uploads\/2019\/07\/cropped-Logo-Expresso-Metropolitano-1-1.jpeg","width":290,"height":73,"caption":"Expresso Metropolitano"},"image":{"@id":"https:\/\/expressometro.mx\/#\/schema\/logo\/image\/"}},{"@type":"Person","@id":"https:\/\/expressometro.mx\/#\/schema\/person\/efa971b4a0664db8ed5c22b1b0dd2f5d","name":"Expresso Metropolitano","image":{"@type":"ImageObject","inLanguage":"es","@id":"https:\/\/secure.gravatar.com\/avatar\/a89f802b8de18c6952f223c88d3d106e9e3679839f4e25a02f4a6cc2ae6ba3b3?s=96&d=mm&r=g","url":"https:\/\/secure.gravatar.com\/avatar\/a89f802b8de18c6952f223c88d3d106e9e3679839f4e25a02f4a6cc2ae6ba3b3?s=96&d=mm&r=g","contentUrl":"https:\/\/secure.gravatar.com\/avatar\/a89f802b8de18c6952f223c88d3d106e9e3679839f4e25a02f4a6cc2ae6ba3b3?s=96&d=mm&r=g","caption":"Expresso Metropolitano"},"url":"https:\/\/expressometro.mx\/index.php\/author\/diego\/"}]}},"amp_enabled":true,"_links":{"self":[{"href":"https:\/\/expressometro.mx\/index.php\/wp-json\/wp\/v2\/posts\/10324","targetHints":{"allow":["GET"]}}],"collection":[{"href":"https:\/\/expressometro.mx\/index.php\/wp-json\/wp\/v2\/posts"}],"about":[{"href":"https:\/\/expressometro.mx\/index.php\/wp-json\/wp\/v2\/types\/post"}],"author":[{"embeddable":true,"href":"https:\/\/expressometro.mx\/index.php\/wp-json\/wp\/v2\/users\/1"}],"replies":[{"embeddable":true,"href":"https:\/\/expressometro.mx\/index.php\/wp-json\/wp\/v2\/comments?post=10324"}],"version-history":[{"count":1,"href":"https:\/\/expressometro.mx\/index.php\/wp-json\/wp\/v2\/posts\/10324\/revisions"}],"predecessor-version":[{"id":10327,"href":"https:\/\/expressometro.mx\/index.php\/wp-json\/wp\/v2\/posts\/10324\/revisions\/10327"}],"wp:featuredmedia":[{"embeddable":true,"href":"https:\/\/expressometro.mx\/index.php\/wp-json\/wp\/v2\/media\/10326"}],"wp:attachment":[{"href":"https:\/\/expressometro.mx\/index.php\/wp-json\/wp\/v2\/media?parent=10324"}],"wp:term":[{"taxonomy":"category","embeddable":true,"href":"https:\/\/expressometro.mx\/index.php\/wp-json\/wp\/v2\/categories?post=10324"},{"taxonomy":"post_tag","embeddable":true,"href":"https:\/\/expressometro.mx\/index.php\/wp-json\/wp\/v2\/tags?post=10324"}],"curies":[{"name":"wp","href":"https:\/\/api.w.org\/{rel}","templated":true}]}}