{"id":10294,"date":"2024-10-29T20:49:16","date_gmt":"2024-10-30T02:49:16","guid":{"rendered":"https:\/\/expressometro.mx\/?p=10294"},"modified":"2024-10-29T20:49:17","modified_gmt":"2024-10-30T02:49:17","slug":"exige-el-pri-recuperar-fondos-para-municipios","status":"publish","type":"post","link":"https:\/\/expressometro.mx\/index.php\/2024\/10\/29\/exige-el-pri-recuperar-fondos-para-municipios\/","title":{"rendered":"EXIGE EL PRI RECUPERAR FONDOS PARA MUNICIPIOS\u00a0"},"content":{"rendered":"\n<ul class=\"wp-block-list\">\n<li>Es necesario que se integren recursos al presupuesto federal del 2025 para atender la seguridad, caminos, infraestructura urbana, entre otros.<\/li>\n<\/ul>\n\n\n\n<p>El PRI del Estado de M\u00e9xico exigi\u00f3 la recuperaci\u00f3n de todos los fondos y fideicomisos municipales que se eliminaron en el sexenio pasado, con el fin de atender las necesidades de los ayuntamientos y mejorar las condiciones de vida de los mexiquenses, se\u00f1al\u00f3 la presidenta del Comit\u00e9 Directivo Estatal (CDE), Ana Lilia Herrera.<\/p>\n\n\n\n<p>En conferencia de prensa, sostuvo que el gobierno federal dej\u00f3 de transferir a los municipios del pa\u00eds m\u00e1s de 81 mil millones de pesos al a\u00f1o en fondos para la seguridad, infraestructura urbana como la pavimentaci\u00f3n y obras metropolitanas, pueblos m\u00e1gicos, productividad y apoyos al campo, entre otros.<br>&nbsp;<br>Acompa\u00f1ada del delegado del CEN del PRI, Jorge Meade Ocaranza, se\u00f1al\u00f3 que m\u00e1s all\u00e1 de que los gobiernos municipales vean mermadas sus capacidades para resolver los problemas en sus territorios, \u201cestos recortes afectan al pueblo, pues tienen malos servicios p\u00fablicos por falta de recursos en los ayuntamientos\u201d.<\/p>\n\n\n\n<p>Adem\u00e1s, se ha generado un aumento en la deuda municipal porque los gobiernos locales se ven obligados a recurrir a pr\u00e9stamos o cr\u00e9ditos para cubrir sus necesidades b\u00e1sicas, lo que a largo plazo puede llevar a situaciones de insolvencia y da\u00f1o al erario p\u00fablico.<br>&nbsp;<br>No es casualidad que hoy la infraestructura urbana est\u00e9 en p\u00e9simas condiciones y que la seguridad est\u00e9 peor que nunca, pues se eliminaron recursos que estaban destinados a la capacitaci\u00f3n de polic\u00edas, para equipamiento y estrategias de prevenci\u00f3n del delito, advirti\u00f3.<br>&nbsp;<br>En v\u00edsperas de que el nuevo gobierno federal presente su proyecto de presupuesto ante la C\u00e1mara de Diputados, \u201ces momento de alzar la voz para que se consideren todos esos fondos que exist\u00edan y significaban una mejor calidad de vida para la gente\u201d, agreg\u00f3.<\/p>\n\n\n\n<p>Al destacar que el PRI siempre vota a favor de la aplicaci\u00f3n de los programas sociales, Jorge Meade manifest\u00f3 que el PRI exige que se deje de dar un uso pol\u00edtico, electoral y partidista desde el gobierno.<br>&nbsp;<br>El partido oficialista se ha dado a la tarea de afiliar personas a su militancia, exhortamos a que ello no sea sustentado en un uso faccioso de la informaci\u00f3n que poseen sobre los beneficiarios de los programas sociales, argument\u00f3.<\/p>\n","protected":false},"excerpt":{"rendered":"<p>El PRI del Estado de M\u00e9xico exigi\u00f3 la recuperaci\u00f3n de todos los fondos y fideicomisos municipales que se eliminaron en el sexenio pasado, con el fin de atender las necesidades de los ayuntamientos y mejorar las condiciones de vida de los mexiquenses, se\u00f1al\u00f3 la presidenta del Comit\u00e9 Directivo Estatal (CDE), Ana Lilia Herrera.<\/p>\n","protected":false},"author":1,"featured_media":10295,"comment_status":"open","ping_status":"open","sticky":false,"template":"","format":"standard","meta":{"footnotes":""},"categories":[3,1,231],"tags":[2281,1982,158],"class_list":["post-10294","post","type-post","status-publish","format-standard","has-post-thumbnail","hentry","category-gobierno","category-otros","category-politica","tag-ana-lilia-herrera-anzaldo","tag-edomex","tag-pri"],"yoast_head":"<!-- This site is optimized with the Yoast SEO plugin v27.4 - https:\/\/yoast.com\/product\/yoast-seo-wordpress\/ -->\n<title>EXIGE EL PRI RECUPERAR FONDOS PARA MUNICIPIOS\u00a0 - Expresso Metropolitano<\/title>\n<meta name=\"robots\" content=\"index, follow, max-snippet:-1, max-image-preview:large, max-video-preview:-1\" \/>\n<link rel=\"canonical\" href=\"https:\/\/expressometro.mx\/index.php\/2024\/10\/29\/exige-el-pri-recuperar-fondos-para-municipios\/\" \/>\n<meta property=\"og:locale\" content=\"es_MX\" \/>\n<meta property=\"og:type\" content=\"article\" \/>\n<meta property=\"og:title\" content=\"EXIGE EL PRI RECUPERAR FONDOS PARA MUNICIPIOS\u00a0 - Expresso Metropolitano\" \/>\n<meta property=\"og:description\" content=\"El PRI del Estado de M\u00e9xico exigi\u00f3 la recuperaci\u00f3n de todos los fondos y fideicomisos municipales que se eliminaron en el sexenio pasado, con el fin de atender las necesidades de los ayuntamientos y mejorar las condiciones de vida de los mexiquenses, se\u00f1al\u00f3 la presidenta del Comit\u00e9 Directivo Estatal (CDE), Ana Lilia Herrera.\" \/>\n<meta property=\"og:url\" content=\"https:\/\/expressometro.mx\/index.php\/2024\/10\/29\/exige-el-pri-recuperar-fondos-para-municipios\/\" \/>\n<meta property=\"og:site_name\" content=\"Expresso Metropolitano\" \/>\n<meta property=\"article:published_time\" content=\"2024-10-30T02:49:16+00:00\" \/>\n<meta property=\"article:modified_time\" content=\"2024-10-30T02:49:17+00:00\" \/>\n<meta property=\"og:image\" content=\"http:\/\/expressometro.mx\/wp-content\/uploads\/2024\/10\/WhatsApp-Image-2024-10-29-at-5.29.16-PM.jpeg\" \/>\n\t<meta property=\"og:image:width\" content=\"1280\" \/>\n\t<meta property=\"og:image:height\" content=\"852\" \/>\n\t<meta property=\"og:image:type\" content=\"image\/jpeg\" \/>\n<meta name=\"author\" content=\"Expresso Metropolitano\" \/>\n<meta name=\"twitter:label1\" content=\"Escrito por\" \/>\n\t<meta name=\"twitter:data1\" content=\"Expresso Metropolitano\" \/>\n\t<meta name=\"twitter:label2\" content=\"Tiempo de lectura\" \/>\n\t<meta name=\"twitter:data2\" content=\"2 minutos\" \/>\n<script type=\"application\/ld+json\" class=\"yoast-schema-graph\">{\"@context\":\"https:\\\/\\\/schema.org\",\"@graph\":[{\"@type\":\"Article\",\"@id\":\"https:\\\/\\\/expressometro.mx\\\/index.php\\\/2024\\\/10\\\/29\\\/exige-el-pri-recuperar-fondos-para-municipios\\\/#article\",\"isPartOf\":{\"@id\":\"https:\\\/\\\/expressometro.mx\\\/index.php\\\/2024\\\/10\\\/29\\\/exige-el-pri-recuperar-fondos-para-municipios\\\/\"},\"author\":{\"name\":\"Expresso Metropolitano\",\"@id\":\"https:\\\/\\\/expressometro.mx\\\/#\\\/schema\\\/person\\\/efa971b4a0664db8ed5c22b1b0dd2f5d\"},\"headline\":\"EXIGE EL PRI RECUPERAR FONDOS PARA MUNICIPIOS\u00a0\",\"datePublished\":\"2024-10-30T02:49:16+00:00\",\"dateModified\":\"2024-10-30T02:49:17+00:00\",\"mainEntityOfPage\":{\"@id\":\"https:\\\/\\\/expressometro.mx\\\/index.php\\\/2024\\\/10\\\/29\\\/exige-el-pri-recuperar-fondos-para-municipios\\\/\"},\"wordCount\":410,\"commentCount\":0,\"publisher\":{\"@id\":\"https:\\\/\\\/expressometro.mx\\\/#organization\"},\"image\":{\"@id\":\"https:\\\/\\\/expressometro.mx\\\/index.php\\\/2024\\\/10\\\/29\\\/exige-el-pri-recuperar-fondos-para-municipios\\\/#primaryimage\"},\"thumbnailUrl\":\"https:\\\/\\\/expressometro.mx\\\/wp-content\\\/uploads\\\/2024\\\/10\\\/WhatsApp-Image-2024-10-29-at-5.29.16-PM.jpeg\",\"keywords\":[\"Ana Lilia Herrera Anzaldo\",\"Edomex\",\"PRI\"],\"articleSection\":[\"Gobierno\",\"Otros\",\"Pol\u00edtica\"],\"inLanguage\":\"es\",\"potentialAction\":[{\"@type\":\"CommentAction\",\"name\":\"Comment\",\"target\":[\"https:\\\/\\\/expressometro.mx\\\/index.php\\\/2024\\\/10\\\/29\\\/exige-el-pri-recuperar-fondos-para-municipios\\\/#respond\"]}]},{\"@type\":\"WebPage\",\"@id\":\"https:\\\/\\\/expressometro.mx\\\/index.php\\\/2024\\\/10\\\/29\\\/exige-el-pri-recuperar-fondos-para-municipios\\\/\",\"url\":\"https:\\\/\\\/expressometro.mx\\\/index.php\\\/2024\\\/10\\\/29\\\/exige-el-pri-recuperar-fondos-para-municipios\\\/\",\"name\":\"EXIGE EL PRI RECUPERAR FONDOS PARA MUNICIPIOS\u00a0 - Expresso Metropolitano\",\"isPartOf\":{\"@id\":\"https:\\\/\\\/expressometro.mx\\\/#website\"},\"primaryImageOfPage\":{\"@id\":\"https:\\\/\\\/expressometro.mx\\\/index.php\\\/2024\\\/10\\\/29\\\/exige-el-pri-recuperar-fondos-para-municipios\\\/#primaryimage\"},\"image\":{\"@id\":\"https:\\\/\\\/expressometro.mx\\\/index.php\\\/2024\\\/10\\\/29\\\/exige-el-pri-recuperar-fondos-para-municipios\\\/#primaryimage\"},\"thumbnailUrl\":\"https:\\\/\\\/expressometro.mx\\\/wp-content\\\/uploads\\\/2024\\\/10\\\/WhatsApp-Image-2024-10-29-at-5.29.16-PM.jpeg\",\"datePublished\":\"2024-10-30T02:49:16+00:00\",\"dateModified\":\"2024-10-30T02:49:17+00:00\",\"breadcrumb\":{\"@id\":\"https:\\\/\\\/expressometro.mx\\\/index.php\\\/2024\\\/10\\\/29\\\/exige-el-pri-recuperar-fondos-para-municipios\\\/#breadcrumb\"},\"inLanguage\":\"es\",\"potentialAction\":[{\"@type\":\"ReadAction\",\"target\":[\"https:\\\/\\\/expressometro.mx\\\/index.php\\\/2024\\\/10\\\/29\\\/exige-el-pri-recuperar-fondos-para-municipios\\\/\"]}]},{\"@type\":\"ImageObject\",\"inLanguage\":\"es\",\"@id\":\"https:\\\/\\\/expressometro.mx\\\/index.php\\\/2024\\\/10\\\/29\\\/exige-el-pri-recuperar-fondos-para-municipios\\\/#primaryimage\",\"url\":\"https:\\\/\\\/expressometro.mx\\\/wp-content\\\/uploads\\\/2024\\\/10\\\/WhatsApp-Image-2024-10-29-at-5.29.16-PM.jpeg\",\"contentUrl\":\"https:\\\/\\\/expressometro.mx\\\/wp-content\\\/uploads\\\/2024\\\/10\\\/WhatsApp-Image-2024-10-29-at-5.29.16-PM.jpeg\",\"width\":1280,\"height\":852},{\"@type\":\"BreadcrumbList\",\"@id\":\"https:\\\/\\\/expressometro.mx\\\/index.php\\\/2024\\\/10\\\/29\\\/exige-el-pri-recuperar-fondos-para-municipios\\\/#breadcrumb\",\"itemListElement\":[{\"@type\":\"ListItem\",\"position\":1,\"name\":\"Inicio\",\"item\":\"https:\\\/\\\/expressometro.mx\\\/\"},{\"@type\":\"ListItem\",\"position\":2,\"name\":\"EXIGE EL PRI RECUPERAR FONDOS PARA MUNICIPIOS\u00a0\"}]},{\"@type\":\"WebSite\",\"@id\":\"https:\\\/\\\/expressometro.mx\\\/#website\",\"url\":\"https:\\\/\\\/expressometro.mx\\\/\",\"name\":\"Expresso Metropolitano\",\"description\":\"Periodismo comprometido, informaci\u00f3n, investigaci\u00f3n y an\u00e1lisis\",\"publisher\":{\"@id\":\"https:\\\/\\\/expressometro.mx\\\/#organization\"},\"potentialAction\":[{\"@type\":\"SearchAction\",\"target\":{\"@type\":\"EntryPoint\",\"urlTemplate\":\"https:\\\/\\\/expressometro.mx\\\/?s={search_term_string}\"},\"query-input\":{\"@type\":\"PropertyValueSpecification\",\"valueRequired\":true,\"valueName\":\"search_term_string\"}}],\"inLanguage\":\"es\"},{\"@type\":\"Organization\",\"@id\":\"https:\\\/\\\/expressometro.mx\\\/#organization\",\"name\":\"Expresso Metropolitano\",\"url\":\"https:\\\/\\\/expressometro.mx\\\/\",\"logo\":{\"@type\":\"ImageObject\",\"inLanguage\":\"es\",\"@id\":\"https:\\\/\\\/expressometro.mx\\\/#\\\/schema\\\/logo\\\/image\\\/\",\"url\":\"https:\\\/\\\/expressometro.mx\\\/wp-content\\\/uploads\\\/2019\\\/07\\\/cropped-Logo-Expresso-Metropolitano-1-1.jpeg\",\"contentUrl\":\"https:\\\/\\\/expressometro.mx\\\/wp-content\\\/uploads\\\/2019\\\/07\\\/cropped-Logo-Expresso-Metropolitano-1-1.jpeg\",\"width\":290,\"height\":73,\"caption\":\"Expresso Metropolitano\"},\"image\":{\"@id\":\"https:\\\/\\\/expressometro.mx\\\/#\\\/schema\\\/logo\\\/image\\\/\"}},{\"@type\":\"Person\",\"@id\":\"https:\\\/\\\/expressometro.mx\\\/#\\\/schema\\\/person\\\/efa971b4a0664db8ed5c22b1b0dd2f5d\",\"name\":\"Expresso Metropolitano\",\"image\":{\"@type\":\"ImageObject\",\"inLanguage\":\"es\",\"@id\":\"https:\\\/\\\/secure.gravatar.com\\\/avatar\\\/a89f802b8de18c6952f223c88d3d106e9e3679839f4e25a02f4a6cc2ae6ba3b3?s=96&d=mm&r=g\",\"url\":\"https:\\\/\\\/secure.gravatar.com\\\/avatar\\\/a89f802b8de18c6952f223c88d3d106e9e3679839f4e25a02f4a6cc2ae6ba3b3?s=96&d=mm&r=g\",\"contentUrl\":\"https:\\\/\\\/secure.gravatar.com\\\/avatar\\\/a89f802b8de18c6952f223c88d3d106e9e3679839f4e25a02f4a6cc2ae6ba3b3?s=96&d=mm&r=g\",\"caption\":\"Expresso Metropolitano\"},\"url\":\"https:\\\/\\\/expressometro.mx\\\/index.php\\\/author\\\/diego\\\/\"}]}<\/script>\n<!-- \/ Yoast SEO plugin. -->","yoast_head_json":{"title":"EXIGE EL PRI RECUPERAR FONDOS PARA MUNICIPIOS\u00a0 - Expresso Metropolitano","robots":{"index":"index","follow":"follow","max-snippet":"max-snippet:-1","max-image-preview":"max-image-preview:large","max-video-preview":"max-video-preview:-1"},"canonical":"https:\/\/expressometro.mx\/index.php\/2024\/10\/29\/exige-el-pri-recuperar-fondos-para-municipios\/","og_locale":"es_MX","og_type":"article","og_title":"EXIGE EL PRI RECUPERAR FONDOS PARA MUNICIPIOS\u00a0 - Expresso Metropolitano","og_description":"El PRI del Estado de M\u00e9xico exigi\u00f3 la recuperaci\u00f3n de todos los fondos y fideicomisos municipales que se eliminaron en el sexenio pasado, con el fin de atender las necesidades de los ayuntamientos y mejorar las condiciones de vida de los mexiquenses, se\u00f1al\u00f3 la presidenta del Comit\u00e9 Directivo Estatal (CDE), Ana Lilia Herrera.","og_url":"https:\/\/expressometro.mx\/index.php\/2024\/10\/29\/exige-el-pri-recuperar-fondos-para-municipios\/","og_site_name":"Expresso Metropolitano","article_published_time":"2024-10-30T02:49:16+00:00","article_modified_time":"2024-10-30T02:49:17+00:00","og_image":[{"width":1280,"height":852,"url":"http:\/\/expressometro.mx\/wp-content\/uploads\/2024\/10\/WhatsApp-Image-2024-10-29-at-5.29.16-PM.jpeg","type":"image\/jpeg"}],"author":"Expresso Metropolitano","twitter_misc":{"Escrito por":"Expresso Metropolitano","Tiempo de lectura":"2 minutos"},"schema":{"@context":"https:\/\/schema.org","@graph":[{"@type":"Article","@id":"https:\/\/expressometro.mx\/index.php\/2024\/10\/29\/exige-el-pri-recuperar-fondos-para-municipios\/#article","isPartOf":{"@id":"https:\/\/expressometro.mx\/index.php\/2024\/10\/29\/exige-el-pri-recuperar-fondos-para-municipios\/"},"author":{"name":"Expresso Metropolitano","@id":"https:\/\/expressometro.mx\/#\/schema\/person\/efa971b4a0664db8ed5c22b1b0dd2f5d"},"headline":"EXIGE EL PRI RECUPERAR FONDOS PARA MUNICIPIOS\u00a0","datePublished":"2024-10-30T02:49:16+00:00","dateModified":"2024-10-30T02:49:17+00:00","mainEntityOfPage":{"@id":"https:\/\/expressometro.mx\/index.php\/2024\/10\/29\/exige-el-pri-recuperar-fondos-para-municipios\/"},"wordCount":410,"commentCount":0,"publisher":{"@id":"https:\/\/expressometro.mx\/#organization"},"image":{"@id":"https:\/\/expressometro.mx\/index.php\/2024\/10\/29\/exige-el-pri-recuperar-fondos-para-municipios\/#primaryimage"},"thumbnailUrl":"https:\/\/expressometro.mx\/wp-content\/uploads\/2024\/10\/WhatsApp-Image-2024-10-29-at-5.29.16-PM.jpeg","keywords":["Ana Lilia Herrera Anzaldo","Edomex","PRI"],"articleSection":["Gobierno","Otros","Pol\u00edtica"],"inLanguage":"es","potentialAction":[{"@type":"CommentAction","name":"Comment","target":["https:\/\/expressometro.mx\/index.php\/2024\/10\/29\/exige-el-pri-recuperar-fondos-para-municipios\/#respond"]}]},{"@type":"WebPage","@id":"https:\/\/expressometro.mx\/index.php\/2024\/10\/29\/exige-el-pri-recuperar-fondos-para-municipios\/","url":"https:\/\/expressometro.mx\/index.php\/2024\/10\/29\/exige-el-pri-recuperar-fondos-para-municipios\/","name":"EXIGE EL PRI RECUPERAR FONDOS PARA MUNICIPIOS\u00a0 - Expresso Metropolitano","isPartOf":{"@id":"https:\/\/expressometro.mx\/#website"},"primaryImageOfPage":{"@id":"https:\/\/expressometro.mx\/index.php\/2024\/10\/29\/exige-el-pri-recuperar-fondos-para-municipios\/#primaryimage"},"image":{"@id":"https:\/\/expressometro.mx\/index.php\/2024\/10\/29\/exige-el-pri-recuperar-fondos-para-municipios\/#primaryimage"},"thumbnailUrl":"https:\/\/expressometro.mx\/wp-content\/uploads\/2024\/10\/WhatsApp-Image-2024-10-29-at-5.29.16-PM.jpeg","datePublished":"2024-10-30T02:49:16+00:00","dateModified":"2024-10-30T02:49:17+00:00","breadcrumb":{"@id":"https:\/\/expressometro.mx\/index.php\/2024\/10\/29\/exige-el-pri-recuperar-fondos-para-municipios\/#breadcrumb"},"inLanguage":"es","potentialAction":[{"@type":"ReadAction","target":["https:\/\/expressometro.mx\/index.php\/2024\/10\/29\/exige-el-pri-recuperar-fondos-para-municipios\/"]}]},{"@type":"ImageObject","inLanguage":"es","@id":"https:\/\/expressometro.mx\/index.php\/2024\/10\/29\/exige-el-pri-recuperar-fondos-para-municipios\/#primaryimage","url":"https:\/\/expressometro.mx\/wp-content\/uploads\/2024\/10\/WhatsApp-Image-2024-10-29-at-5.29.16-PM.jpeg","contentUrl":"https:\/\/expressometro.mx\/wp-content\/uploads\/2024\/10\/WhatsApp-Image-2024-10-29-at-5.29.16-PM.jpeg","width":1280,"height":852},{"@type":"BreadcrumbList","@id":"https:\/\/expressometro.mx\/index.php\/2024\/10\/29\/exige-el-pri-recuperar-fondos-para-municipios\/#breadcrumb","itemListElement":[{"@type":"ListItem","position":1,"name":"Inicio","item":"https:\/\/expressometro.mx\/"},{"@type":"ListItem","position":2,"name":"EXIGE EL PRI RECUPERAR FONDOS PARA MUNICIPIOS\u00a0"}]},{"@type":"WebSite","@id":"https:\/\/expressometro.mx\/#website","url":"https:\/\/expressometro.mx\/","name":"Expresso Metropolitano","description":"Periodismo comprometido, informaci\u00f3n, investigaci\u00f3n y an\u00e1lisis","publisher":{"@id":"https:\/\/expressometro.mx\/#organization"},"potentialAction":[{"@type":"SearchAction","target":{"@type":"EntryPoint","urlTemplate":"https:\/\/expressometro.mx\/?s={search_term_string}"},"query-input":{"@type":"PropertyValueSpecification","valueRequired":true,"valueName":"search_term_string"}}],"inLanguage":"es"},{"@type":"Organization","@id":"https:\/\/expressometro.mx\/#organization","name":"Expresso Metropolitano","url":"https:\/\/expressometro.mx\/","logo":{"@type":"ImageObject","inLanguage":"es","@id":"https:\/\/expressometro.mx\/#\/schema\/logo\/image\/","url":"https:\/\/expressometro.mx\/wp-content\/uploads\/2019\/07\/cropped-Logo-Expresso-Metropolitano-1-1.jpeg","contentUrl":"https:\/\/expressometro.mx\/wp-content\/uploads\/2019\/07\/cropped-Logo-Expresso-Metropolitano-1-1.jpeg","width":290,"height":73,"caption":"Expresso Metropolitano"},"image":{"@id":"https:\/\/expressometro.mx\/#\/schema\/logo\/image\/"}},{"@type":"Person","@id":"https:\/\/expressometro.mx\/#\/schema\/person\/efa971b4a0664db8ed5c22b1b0dd2f5d","name":"Expresso Metropolitano","image":{"@type":"ImageObject","inLanguage":"es","@id":"https:\/\/secure.gravatar.com\/avatar\/a89f802b8de18c6952f223c88d3d106e9e3679839f4e25a02f4a6cc2ae6ba3b3?s=96&d=mm&r=g","url":"https:\/\/secure.gravatar.com\/avatar\/a89f802b8de18c6952f223c88d3d106e9e3679839f4e25a02f4a6cc2ae6ba3b3?s=96&d=mm&r=g","contentUrl":"https:\/\/secure.gravatar.com\/avatar\/a89f802b8de18c6952f223c88d3d106e9e3679839f4e25a02f4a6cc2ae6ba3b3?s=96&d=mm&r=g","caption":"Expresso Metropolitano"},"url":"https:\/\/expressometro.mx\/index.php\/author\/diego\/"}]}},"amp_enabled":true,"_links":{"self":[{"href":"https:\/\/expressometro.mx\/index.php\/wp-json\/wp\/v2\/posts\/10294","targetHints":{"allow":["GET"]}}],"collection":[{"href":"https:\/\/expressometro.mx\/index.php\/wp-json\/wp\/v2\/posts"}],"about":[{"href":"https:\/\/expressometro.mx\/index.php\/wp-json\/wp\/v2\/types\/post"}],"author":[{"embeddable":true,"href":"https:\/\/expressometro.mx\/index.php\/wp-json\/wp\/v2\/users\/1"}],"replies":[{"embeddable":true,"href":"https:\/\/expressometro.mx\/index.php\/wp-json\/wp\/v2\/comments?post=10294"}],"version-history":[{"count":1,"href":"https:\/\/expressometro.mx\/index.php\/wp-json\/wp\/v2\/posts\/10294\/revisions"}],"predecessor-version":[{"id":10297,"href":"https:\/\/expressometro.mx\/index.php\/wp-json\/wp\/v2\/posts\/10294\/revisions\/10297"}],"wp:featuredmedia":[{"embeddable":true,"href":"https:\/\/expressometro.mx\/index.php\/wp-json\/wp\/v2\/media\/10295"}],"wp:attachment":[{"href":"https:\/\/expressometro.mx\/index.php\/wp-json\/wp\/v2\/media?parent=10294"}],"wp:term":[{"taxonomy":"category","embeddable":true,"href":"https:\/\/expressometro.mx\/index.php\/wp-json\/wp\/v2\/categories?post=10294"},{"taxonomy":"post_tag","embeddable":true,"href":"https:\/\/expressometro.mx\/index.php\/wp-json\/wp\/v2\/tags?post=10294"}],"curies":[{"name":"wp","href":"https:\/\/api.w.org\/{rel}","templated":true}]}}