{"id":1021,"date":"2019-09-27T11:54:22","date_gmt":"2019-09-27T16:54:22","guid":{"rendered":"http:\/\/expressometro.mx\/?p=1021"},"modified":"2019-10-30T10:57:09","modified_gmt":"2019-10-30T16:57:09","slug":"impulsa-edomex-fortalecimiento-de-las-pequenas-empresas","status":"publish","type":"post","link":"https:\/\/expressometro.mx\/index.php\/2019\/09\/27\/impulsa-edomex-fortalecimiento-de-las-pequenas-empresas\/","title":{"rendered":"IMPULSA EDOM\u00c9X FORTALECIMIENTO DE LAS PEQUE\u00d1AS EMPRESAS"},"content":{"rendered":"\n<p>En el Estado de M\u00e9xico, el Gobernador Alfredo Del Mazo impulsa acciones para el fortalecimiento y el apoyo a las peque\u00f1as empresas, adem\u00e1s de refrendar el atractivo de la entidad como destino de inversi\u00f3n con el objetivo de generar empleos formales y dignos,<\/p>\n\n\n\n<p>As\u00ed lo afirm\u00f3 el Secretario de Desarrollo Econ\u00f3mico, Enrique Jacob Rocha, durante la firma de un Convenio de Colaboraci\u00f3n entre el Gobierno estatal y el municipio de Cuautitl\u00e1n Izcalli, el cual permitir\u00e1 dinamizar la econom\u00eda regional, promover y facilitar la inversi\u00f3n, as\u00ed como la apertura y operaci\u00f3n de nuevos negocios en la formalidad.<\/p>\n\n\n\n<p>En este sentido, y en presencia de l\u00edderes y representantes empresariales, autoridades municipales y servidores p\u00fablicos estatales, Jacob Rocha tambi\u00e9n destac\u00f3 los avances recientes en torno al Dictamen \u00danico de Factibilidad (DUF).<\/p>\n\n\n\n<p>En este sentido resalt\u00f3 la suma de esfuerzos que hace el Gobierno estatal para elevar la productividad de las empresas de menor tama\u00f1o y estableci\u00f3 que \u00e9stas representan el mayor porcentaje de las unidades econ\u00f3micas que existen y son la principal fuente de ingresos de millones de familias en la entidad.<\/p>\n\n\n\n<p>Agreg\u00f3 que las empresas de menor tama\u00f1o enfrentan un limitado acceso al financiamiento, a la bancarizaci\u00f3n y una baja incorporaci\u00f3n tecnol\u00f3gica, de ah\u00ed la importancia de fortalecer su capacitaci\u00f3n y moverlas hacia la formalidad.<\/p>\n\n\n\n<p>Acompa\u00f1ado de la Secretaria del Trabajo, Martha Hilda Gonz\u00e1lez Calder\u00f3n, recalc\u00f3 que Cuautitl\u00e1n Izcalli es un referente productivo en el Estado, dado que registra m\u00e1s de 18 mil 500 unidades econ\u00f3micas, adem\u00e1s de que cuenta con una infraestructura de 12 desarrollos industriales y aporta m\u00e1s del cinco por ciento del Producto Interno Bruto del Estado de M\u00e9xico.<\/p>\n\n\n\n<p>Por su parte, el Presidente municipal, Ricardo N\u00fa\u00f1ez Ayala, destac\u00f3 que la firma del Convenio, el cual se suma a los signados con los ayuntamientos de Naucalpan, Cuautitl\u00e1n, Tlalnepantla y Ecatepec, permitir\u00e1 a los tres niveles de Gobierno trabajar de manera conjunta para lograr que los recursos p\u00fablicos existentes sean usados de manera m\u00e1s eficiente.<\/p>\n\n\n\n<p>Entre los m\u00e1s de 500 asistentes estuvieron los dirigentes y representantes del Consejo de C\u00e1maras y Asociaciones Empresariales del Estado de M\u00e9xico, Consejo Coordinador Empresarial, Mujeres Emprendedoras Transformando M\u00e9xico, entre otros.&nbsp;<\/p>\n","protected":false},"excerpt":{"rendered":"<p>En el Estado de M\u00e9xico, el Gobernador Alfredo Del Mazo impulsa acciones para el fortalecimiento y el apoyo a las peque\u00f1as empresas, adem\u00e1s de refrendar el atractivo de la entidad como destino de inversi\u00f3n con el objetivo de generar empleos formales y dignos, As\u00ed lo afirm\u00f3 el Secretario de Desarrollo Econ\u00f3mico, Enrique Jacob Rocha, durante la firma de un Convenio de Colaboraci\u00f3n entre el Gobierno estatal y el municipio de Cuautitl\u00e1n Izcalli, el cual permitir\u00e1 dinamizar la econom\u00eda regional, promover y facilitar la inversi\u00f3n, as\u00ed como la apertura y operaci\u00f3n&hellip;<\/p>\n","protected":false},"author":1,"featured_media":1022,"comment_status":"open","ping_status":"open","sticky":false,"template":"","format":"standard","meta":{"footnotes":""},"categories":[4],"tags":[],"class_list":["post-1021","post","type-post","status-publish","format-standard","has-post-thumbnail","hentry","category-finanzas"],"yoast_head":"<!-- This site is optimized with the Yoast SEO plugin v27.5 - https:\/\/yoast.com\/product\/yoast-seo-wordpress\/ -->\n<title>IMPULSA EDOM\u00c9X FORTALECIMIENTO DE LAS PEQUE\u00d1AS EMPRESAS - Expresso Metropolitano<\/title>\n<meta name=\"robots\" content=\"index, follow, max-snippet:-1, max-image-preview:large, max-video-preview:-1\" \/>\n<link rel=\"canonical\" href=\"https:\/\/expressometro.mx\/index.php\/2019\/09\/27\/impulsa-edomex-fortalecimiento-de-las-pequenas-empresas\/\" \/>\n<meta property=\"og:locale\" content=\"es_MX\" \/>\n<meta property=\"og:type\" content=\"article\" \/>\n<meta property=\"og:title\" content=\"IMPULSA EDOM\u00c9X FORTALECIMIENTO DE LAS PEQUE\u00d1AS EMPRESAS - Expresso Metropolitano\" \/>\n<meta property=\"og:description\" content=\"En el Estado de M\u00e9xico, el Gobernador Alfredo Del Mazo impulsa acciones para el fortalecimiento y el apoyo a las peque\u00f1as empresas, adem\u00e1s de refrendar el atractivo de la entidad como destino de inversi\u00f3n con el objetivo de generar empleos formales y dignos, As\u00ed lo afirm\u00f3 el Secretario de Desarrollo Econ\u00f3mico, Enrique Jacob Rocha, durante la firma de un Convenio de Colaboraci\u00f3n entre el Gobierno estatal y el municipio de Cuautitl\u00e1n Izcalli, el cual permitir\u00e1 dinamizar la econom\u00eda regional, promover y facilitar la inversi\u00f3n, as\u00ed como la apertura y operaci\u00f3n&hellip;\" \/>\n<meta property=\"og:url\" content=\"https:\/\/expressometro.mx\/index.php\/2019\/09\/27\/impulsa-edomex-fortalecimiento-de-las-pequenas-empresas\/\" \/>\n<meta property=\"og:site_name\" content=\"Expresso Metropolitano\" \/>\n<meta property=\"article:published_time\" content=\"2019-09-27T16:54:22+00:00\" \/>\n<meta property=\"article:modified_time\" content=\"2019-10-30T16:57:09+00:00\" \/>\n<meta property=\"og:image\" content=\"https:\/\/expressometro.mx\/wp-content\/uploads\/2019\/10\/w2_9460_1.jpg\" \/>\n\t<meta property=\"og:image:width\" content=\"1500\" \/>\n\t<meta property=\"og:image:height\" content=\"1000\" \/>\n\t<meta property=\"og:image:type\" content=\"image\/jpeg\" \/>\n<meta name=\"author\" content=\"Expresso Metropolitano\" \/>\n<meta name=\"twitter:label1\" content=\"Escrito por\" \/>\n\t<meta name=\"twitter:data1\" content=\"Expresso Metropolitano\" \/>\n\t<meta name=\"twitter:label2\" content=\"Tiempo de lectura\" \/>\n\t<meta name=\"twitter:data2\" content=\"2 minutos\" \/>\n<script type=\"application\/ld+json\" class=\"yoast-schema-graph\">{\"@context\":\"https:\\\/\\\/schema.org\",\"@graph\":[{\"@type\":\"Article\",\"@id\":\"https:\\\/\\\/expressometro.mx\\\/index.php\\\/2019\\\/09\\\/27\\\/impulsa-edomex-fortalecimiento-de-las-pequenas-empresas\\\/#article\",\"isPartOf\":{\"@id\":\"https:\\\/\\\/expressometro.mx\\\/index.php\\\/2019\\\/09\\\/27\\\/impulsa-edomex-fortalecimiento-de-las-pequenas-empresas\\\/\"},\"author\":{\"name\":\"Expresso Metropolitano\",\"@id\":\"https:\\\/\\\/expressometro.mx\\\/#\\\/schema\\\/person\\\/efa971b4a0664db8ed5c22b1b0dd2f5d\"},\"headline\":\"IMPULSA EDOM\u00c9X FORTALECIMIENTO DE LAS PEQUE\u00d1AS EMPRESAS\",\"datePublished\":\"2019-09-27T16:54:22+00:00\",\"dateModified\":\"2019-10-30T16:57:09+00:00\",\"mainEntityOfPage\":{\"@id\":\"https:\\\/\\\/expressometro.mx\\\/index.php\\\/2019\\\/09\\\/27\\\/impulsa-edomex-fortalecimiento-de-las-pequenas-empresas\\\/\"},\"wordCount\":399,\"commentCount\":0,\"publisher\":{\"@id\":\"https:\\\/\\\/expressometro.mx\\\/#organization\"},\"image\":{\"@id\":\"https:\\\/\\\/expressometro.mx\\\/index.php\\\/2019\\\/09\\\/27\\\/impulsa-edomex-fortalecimiento-de-las-pequenas-empresas\\\/#primaryimage\"},\"thumbnailUrl\":\"https:\\\/\\\/expressometro.mx\\\/wp-content\\\/uploads\\\/2019\\\/10\\\/w2_9460_1.jpg\",\"articleSection\":[\"Finanzas\"],\"inLanguage\":\"es\",\"potentialAction\":[{\"@type\":\"CommentAction\",\"name\":\"Comment\",\"target\":[\"https:\\\/\\\/expressometro.mx\\\/index.php\\\/2019\\\/09\\\/27\\\/impulsa-edomex-fortalecimiento-de-las-pequenas-empresas\\\/#respond\"]}]},{\"@type\":\"WebPage\",\"@id\":\"https:\\\/\\\/expressometro.mx\\\/index.php\\\/2019\\\/09\\\/27\\\/impulsa-edomex-fortalecimiento-de-las-pequenas-empresas\\\/\",\"url\":\"https:\\\/\\\/expressometro.mx\\\/index.php\\\/2019\\\/09\\\/27\\\/impulsa-edomex-fortalecimiento-de-las-pequenas-empresas\\\/\",\"name\":\"IMPULSA EDOM\u00c9X FORTALECIMIENTO DE LAS PEQUE\u00d1AS EMPRESAS - Expresso Metropolitano\",\"isPartOf\":{\"@id\":\"https:\\\/\\\/expressometro.mx\\\/#website\"},\"primaryImageOfPage\":{\"@id\":\"https:\\\/\\\/expressometro.mx\\\/index.php\\\/2019\\\/09\\\/27\\\/impulsa-edomex-fortalecimiento-de-las-pequenas-empresas\\\/#primaryimage\"},\"image\":{\"@id\":\"https:\\\/\\\/expressometro.mx\\\/index.php\\\/2019\\\/09\\\/27\\\/impulsa-edomex-fortalecimiento-de-las-pequenas-empresas\\\/#primaryimage\"},\"thumbnailUrl\":\"https:\\\/\\\/expressometro.mx\\\/wp-content\\\/uploads\\\/2019\\\/10\\\/w2_9460_1.jpg\",\"datePublished\":\"2019-09-27T16:54:22+00:00\",\"dateModified\":\"2019-10-30T16:57:09+00:00\",\"breadcrumb\":{\"@id\":\"https:\\\/\\\/expressometro.mx\\\/index.php\\\/2019\\\/09\\\/27\\\/impulsa-edomex-fortalecimiento-de-las-pequenas-empresas\\\/#breadcrumb\"},\"inLanguage\":\"es\",\"potentialAction\":[{\"@type\":\"ReadAction\",\"target\":[\"https:\\\/\\\/expressometro.mx\\\/index.php\\\/2019\\\/09\\\/27\\\/impulsa-edomex-fortalecimiento-de-las-pequenas-empresas\\\/\"]}]},{\"@type\":\"ImageObject\",\"inLanguage\":\"es\",\"@id\":\"https:\\\/\\\/expressometro.mx\\\/index.php\\\/2019\\\/09\\\/27\\\/impulsa-edomex-fortalecimiento-de-las-pequenas-empresas\\\/#primaryimage\",\"url\":\"https:\\\/\\\/expressometro.mx\\\/wp-content\\\/uploads\\\/2019\\\/10\\\/w2_9460_1.jpg\",\"contentUrl\":\"https:\\\/\\\/expressometro.mx\\\/wp-content\\\/uploads\\\/2019\\\/10\\\/w2_9460_1.jpg\",\"width\":1500,\"height\":1000},{\"@type\":\"BreadcrumbList\",\"@id\":\"https:\\\/\\\/expressometro.mx\\\/index.php\\\/2019\\\/09\\\/27\\\/impulsa-edomex-fortalecimiento-de-las-pequenas-empresas\\\/#breadcrumb\",\"itemListElement\":[{\"@type\":\"ListItem\",\"position\":1,\"name\":\"Inicio\",\"item\":\"https:\\\/\\\/expressometro.mx\\\/\"},{\"@type\":\"ListItem\",\"position\":2,\"name\":\"IMPULSA EDOM\u00c9X FORTALECIMIENTO DE LAS PEQUE\u00d1AS EMPRESAS\"}]},{\"@type\":\"WebSite\",\"@id\":\"https:\\\/\\\/expressometro.mx\\\/#website\",\"url\":\"https:\\\/\\\/expressometro.mx\\\/\",\"name\":\"Expresso Metropolitano\",\"description\":\"Periodismo comprometido, informaci\u00f3n, investigaci\u00f3n y an\u00e1lisis\",\"publisher\":{\"@id\":\"https:\\\/\\\/expressometro.mx\\\/#organization\"},\"potentialAction\":[{\"@type\":\"SearchAction\",\"target\":{\"@type\":\"EntryPoint\",\"urlTemplate\":\"https:\\\/\\\/expressometro.mx\\\/?s={search_term_string}\"},\"query-input\":{\"@type\":\"PropertyValueSpecification\",\"valueRequired\":true,\"valueName\":\"search_term_string\"}}],\"inLanguage\":\"es\"},{\"@type\":\"Organization\",\"@id\":\"https:\\\/\\\/expressometro.mx\\\/#organization\",\"name\":\"Expresso Metropolitano\",\"url\":\"https:\\\/\\\/expressometro.mx\\\/\",\"logo\":{\"@type\":\"ImageObject\",\"inLanguage\":\"es\",\"@id\":\"https:\\\/\\\/expressometro.mx\\\/#\\\/schema\\\/logo\\\/image\\\/\",\"url\":\"https:\\\/\\\/expressometro.mx\\\/wp-content\\\/uploads\\\/2019\\\/07\\\/cropped-Logo-Expresso-Metropolitano-1-1.jpeg\",\"contentUrl\":\"https:\\\/\\\/expressometro.mx\\\/wp-content\\\/uploads\\\/2019\\\/07\\\/cropped-Logo-Expresso-Metropolitano-1-1.jpeg\",\"width\":290,\"height\":73,\"caption\":\"Expresso Metropolitano\"},\"image\":{\"@id\":\"https:\\\/\\\/expressometro.mx\\\/#\\\/schema\\\/logo\\\/image\\\/\"}},{\"@type\":\"Person\",\"@id\":\"https:\\\/\\\/expressometro.mx\\\/#\\\/schema\\\/person\\\/efa971b4a0664db8ed5c22b1b0dd2f5d\",\"name\":\"Expresso Metropolitano\",\"image\":{\"@type\":\"ImageObject\",\"inLanguage\":\"es\",\"@id\":\"https:\\\/\\\/secure.gravatar.com\\\/avatar\\\/a89f802b8de18c6952f223c88d3d106e9e3679839f4e25a02f4a6cc2ae6ba3b3?s=96&d=mm&r=g\",\"url\":\"https:\\\/\\\/secure.gravatar.com\\\/avatar\\\/a89f802b8de18c6952f223c88d3d106e9e3679839f4e25a02f4a6cc2ae6ba3b3?s=96&d=mm&r=g\",\"contentUrl\":\"https:\\\/\\\/secure.gravatar.com\\\/avatar\\\/a89f802b8de18c6952f223c88d3d106e9e3679839f4e25a02f4a6cc2ae6ba3b3?s=96&d=mm&r=g\",\"caption\":\"Expresso Metropolitano\"},\"url\":\"https:\\\/\\\/expressometro.mx\\\/index.php\\\/author\\\/diego\\\/\"}]}<\/script>\n<!-- \/ Yoast SEO plugin. -->","yoast_head_json":{"title":"IMPULSA EDOM\u00c9X FORTALECIMIENTO DE LAS PEQUE\u00d1AS EMPRESAS - Expresso Metropolitano","robots":{"index":"index","follow":"follow","max-snippet":"max-snippet:-1","max-image-preview":"max-image-preview:large","max-video-preview":"max-video-preview:-1"},"canonical":"https:\/\/expressometro.mx\/index.php\/2019\/09\/27\/impulsa-edomex-fortalecimiento-de-las-pequenas-empresas\/","og_locale":"es_MX","og_type":"article","og_title":"IMPULSA EDOM\u00c9X FORTALECIMIENTO DE LAS PEQUE\u00d1AS EMPRESAS - Expresso Metropolitano","og_description":"En el Estado de M\u00e9xico, el Gobernador Alfredo Del Mazo impulsa acciones para el fortalecimiento y el apoyo a las peque\u00f1as empresas, adem\u00e1s de refrendar el atractivo de la entidad como destino de inversi\u00f3n con el objetivo de generar empleos formales y dignos, As\u00ed lo afirm\u00f3 el Secretario de Desarrollo Econ\u00f3mico, Enrique Jacob Rocha, durante la firma de un Convenio de Colaboraci\u00f3n entre el Gobierno estatal y el municipio de Cuautitl\u00e1n Izcalli, el cual permitir\u00e1 dinamizar la econom\u00eda regional, promover y facilitar la inversi\u00f3n, as\u00ed como la apertura y operaci\u00f3n&hellip;","og_url":"https:\/\/expressometro.mx\/index.php\/2019\/09\/27\/impulsa-edomex-fortalecimiento-de-las-pequenas-empresas\/","og_site_name":"Expresso Metropolitano","article_published_time":"2019-09-27T16:54:22+00:00","article_modified_time":"2019-10-30T16:57:09+00:00","og_image":[{"width":1500,"height":1000,"url":"https:\/\/expressometro.mx\/wp-content\/uploads\/2019\/10\/w2_9460_1.jpg","type":"image\/jpeg"}],"author":"Expresso Metropolitano","twitter_misc":{"Escrito por":"Expresso Metropolitano","Tiempo de lectura":"2 minutos"},"schema":{"@context":"https:\/\/schema.org","@graph":[{"@type":"Article","@id":"https:\/\/expressometro.mx\/index.php\/2019\/09\/27\/impulsa-edomex-fortalecimiento-de-las-pequenas-empresas\/#article","isPartOf":{"@id":"https:\/\/expressometro.mx\/index.php\/2019\/09\/27\/impulsa-edomex-fortalecimiento-de-las-pequenas-empresas\/"},"author":{"name":"Expresso Metropolitano","@id":"https:\/\/expressometro.mx\/#\/schema\/person\/efa971b4a0664db8ed5c22b1b0dd2f5d"},"headline":"IMPULSA EDOM\u00c9X FORTALECIMIENTO DE LAS PEQUE\u00d1AS EMPRESAS","datePublished":"2019-09-27T16:54:22+00:00","dateModified":"2019-10-30T16:57:09+00:00","mainEntityOfPage":{"@id":"https:\/\/expressometro.mx\/index.php\/2019\/09\/27\/impulsa-edomex-fortalecimiento-de-las-pequenas-empresas\/"},"wordCount":399,"commentCount":0,"publisher":{"@id":"https:\/\/expressometro.mx\/#organization"},"image":{"@id":"https:\/\/expressometro.mx\/index.php\/2019\/09\/27\/impulsa-edomex-fortalecimiento-de-las-pequenas-empresas\/#primaryimage"},"thumbnailUrl":"https:\/\/expressometro.mx\/wp-content\/uploads\/2019\/10\/w2_9460_1.jpg","articleSection":["Finanzas"],"inLanguage":"es","potentialAction":[{"@type":"CommentAction","name":"Comment","target":["https:\/\/expressometro.mx\/index.php\/2019\/09\/27\/impulsa-edomex-fortalecimiento-de-las-pequenas-empresas\/#respond"]}]},{"@type":"WebPage","@id":"https:\/\/expressometro.mx\/index.php\/2019\/09\/27\/impulsa-edomex-fortalecimiento-de-las-pequenas-empresas\/","url":"https:\/\/expressometro.mx\/index.php\/2019\/09\/27\/impulsa-edomex-fortalecimiento-de-las-pequenas-empresas\/","name":"IMPULSA EDOM\u00c9X FORTALECIMIENTO DE LAS PEQUE\u00d1AS EMPRESAS - Expresso Metropolitano","isPartOf":{"@id":"https:\/\/expressometro.mx\/#website"},"primaryImageOfPage":{"@id":"https:\/\/expressometro.mx\/index.php\/2019\/09\/27\/impulsa-edomex-fortalecimiento-de-las-pequenas-empresas\/#primaryimage"},"image":{"@id":"https:\/\/expressometro.mx\/index.php\/2019\/09\/27\/impulsa-edomex-fortalecimiento-de-las-pequenas-empresas\/#primaryimage"},"thumbnailUrl":"https:\/\/expressometro.mx\/wp-content\/uploads\/2019\/10\/w2_9460_1.jpg","datePublished":"2019-09-27T16:54:22+00:00","dateModified":"2019-10-30T16:57:09+00:00","breadcrumb":{"@id":"https:\/\/expressometro.mx\/index.php\/2019\/09\/27\/impulsa-edomex-fortalecimiento-de-las-pequenas-empresas\/#breadcrumb"},"inLanguage":"es","potentialAction":[{"@type":"ReadAction","target":["https:\/\/expressometro.mx\/index.php\/2019\/09\/27\/impulsa-edomex-fortalecimiento-de-las-pequenas-empresas\/"]}]},{"@type":"ImageObject","inLanguage":"es","@id":"https:\/\/expressometro.mx\/index.php\/2019\/09\/27\/impulsa-edomex-fortalecimiento-de-las-pequenas-empresas\/#primaryimage","url":"https:\/\/expressometro.mx\/wp-content\/uploads\/2019\/10\/w2_9460_1.jpg","contentUrl":"https:\/\/expressometro.mx\/wp-content\/uploads\/2019\/10\/w2_9460_1.jpg","width":1500,"height":1000},{"@type":"BreadcrumbList","@id":"https:\/\/expressometro.mx\/index.php\/2019\/09\/27\/impulsa-edomex-fortalecimiento-de-las-pequenas-empresas\/#breadcrumb","itemListElement":[{"@type":"ListItem","position":1,"name":"Inicio","item":"https:\/\/expressometro.mx\/"},{"@type":"ListItem","position":2,"name":"IMPULSA EDOM\u00c9X FORTALECIMIENTO DE LAS PEQUE\u00d1AS EMPRESAS"}]},{"@type":"WebSite","@id":"https:\/\/expressometro.mx\/#website","url":"https:\/\/expressometro.mx\/","name":"Expresso Metropolitano","description":"Periodismo comprometido, informaci\u00f3n, investigaci\u00f3n y an\u00e1lisis","publisher":{"@id":"https:\/\/expressometro.mx\/#organization"},"potentialAction":[{"@type":"SearchAction","target":{"@type":"EntryPoint","urlTemplate":"https:\/\/expressometro.mx\/?s={search_term_string}"},"query-input":{"@type":"PropertyValueSpecification","valueRequired":true,"valueName":"search_term_string"}}],"inLanguage":"es"},{"@type":"Organization","@id":"https:\/\/expressometro.mx\/#organization","name":"Expresso Metropolitano","url":"https:\/\/expressometro.mx\/","logo":{"@type":"ImageObject","inLanguage":"es","@id":"https:\/\/expressometro.mx\/#\/schema\/logo\/image\/","url":"https:\/\/expressometro.mx\/wp-content\/uploads\/2019\/07\/cropped-Logo-Expresso-Metropolitano-1-1.jpeg","contentUrl":"https:\/\/expressometro.mx\/wp-content\/uploads\/2019\/07\/cropped-Logo-Expresso-Metropolitano-1-1.jpeg","width":290,"height":73,"caption":"Expresso Metropolitano"},"image":{"@id":"https:\/\/expressometro.mx\/#\/schema\/logo\/image\/"}},{"@type":"Person","@id":"https:\/\/expressometro.mx\/#\/schema\/person\/efa971b4a0664db8ed5c22b1b0dd2f5d","name":"Expresso Metropolitano","image":{"@type":"ImageObject","inLanguage":"es","@id":"https:\/\/secure.gravatar.com\/avatar\/a89f802b8de18c6952f223c88d3d106e9e3679839f4e25a02f4a6cc2ae6ba3b3?s=96&d=mm&r=g","url":"https:\/\/secure.gravatar.com\/avatar\/a89f802b8de18c6952f223c88d3d106e9e3679839f4e25a02f4a6cc2ae6ba3b3?s=96&d=mm&r=g","contentUrl":"https:\/\/secure.gravatar.com\/avatar\/a89f802b8de18c6952f223c88d3d106e9e3679839f4e25a02f4a6cc2ae6ba3b3?s=96&d=mm&r=g","caption":"Expresso Metropolitano"},"url":"https:\/\/expressometro.mx\/index.php\/author\/diego\/"}]}},"amp_enabled":true,"_links":{"self":[{"href":"https:\/\/expressometro.mx\/index.php\/wp-json\/wp\/v2\/posts\/1021","targetHints":{"allow":["GET"]}}],"collection":[{"href":"https:\/\/expressometro.mx\/index.php\/wp-json\/wp\/v2\/posts"}],"about":[{"href":"https:\/\/expressometro.mx\/index.php\/wp-json\/wp\/v2\/types\/post"}],"author":[{"embeddable":true,"href":"https:\/\/expressometro.mx\/index.php\/wp-json\/wp\/v2\/users\/1"}],"replies":[{"embeddable":true,"href":"https:\/\/expressometro.mx\/index.php\/wp-json\/wp\/v2\/comments?post=1021"}],"version-history":[{"count":1,"href":"https:\/\/expressometro.mx\/index.php\/wp-json\/wp\/v2\/posts\/1021\/revisions"}],"predecessor-version":[{"id":1023,"href":"https:\/\/expressometro.mx\/index.php\/wp-json\/wp\/v2\/posts\/1021\/revisions\/1023"}],"wp:featuredmedia":[{"embeddable":true,"href":"https:\/\/expressometro.mx\/index.php\/wp-json\/wp\/v2\/media\/1022"}],"wp:attachment":[{"href":"https:\/\/expressometro.mx\/index.php\/wp-json\/wp\/v2\/media?parent=1021"}],"wp:term":[{"taxonomy":"category","embeddable":true,"href":"https:\/\/expressometro.mx\/index.php\/wp-json\/wp\/v2\/categories?post=1021"},{"taxonomy":"post_tag","embeddable":true,"href":"https:\/\/expressometro.mx\/index.php\/wp-json\/wp\/v2\/tags?post=1021"}],"curies":[{"name":"wp","href":"https:\/\/api.w.org\/{rel}","templated":true}]}}