{"id":1017,"date":"2019-09-26T11:20:30","date_gmt":"2019-09-26T16:20:30","guid":{"rendered":"http:\/\/expressometro.mx\/?p=1017"},"modified":"2019-10-30T10:26:40","modified_gmt":"2019-10-30T16:26:40","slug":"trabaja-gobierno-de-coacalco-en-la-prevencion-del-embarazo-en-adolescentes","status":"publish","type":"post","link":"https:\/\/expressometro.mx\/index.php\/2019\/09\/26\/trabaja-gobierno-de-coacalco-en-la-prevencion-del-embarazo-en-adolescentes\/","title":{"rendered":"TRABAJA GOBIERNO DE COACALCO EN LA PREVENCI\u00d3N DEL EMBARAZO EN ADOLESCENTES"},"content":{"rendered":"\n<p>El Gobierno de Coacalco emprende acciones concretas para prevenir el embarazo en adolescentes, rubro en el que M\u00e9xico ocupa el primer lugar.<\/p>\n\n\n\n<p>En el marco del&nbsp;<em>D\u00eda Nacional para la Prevenci\u00f3n del Embarazo en Adolescentes<\/em>, el Gobierno local inform\u00f3 que, a trav\u00e9s de pl\u00e1ticas informativas en instituciones de nivel b\u00e1sico y medio, se busca sensibilizar a la comunidad estudiantil para que tomen consciencia de la responsabilidad que implica ser padres a temprana edad.<\/p>\n\n\n\n<p>En dichas pl\u00e1ticas, la Unidad de Igualdad de G\u00e9nero y Erradicaci\u00f3n de la Violencia aborda temas como: qu\u00e9 es la adolescencia, la trascendencia de tener relaciones sin protecci\u00f3n, planificaci\u00f3n familiar y el impacto de tener un hijo a su edad.<\/p>\n\n\n\n<p>Para reforzar estas acciones, el Instituto Municipal de la Juventud hace lo propio en distintas escuelas, al sensibilizar a la comunidad estudiantil para que en caso de tener relaciones sexuales, utilicen m\u00e9todos de prevenci\u00f3n.<\/p>\n\n\n\n<p>Adem\u00e1s, ofrece asesor\u00edas en las oficinas del instituto para los adolescentes coacalquenses que as\u00ed lo requieran.<\/p>\n\n\n\n<p>Entre las cifras m\u00e1s alarmantes, destaca que de los pa\u00edses que integran la Organizaci\u00f3n para la Cooperaci\u00f3n y el Desarrollo Econ\u00f3micos\u200b (OCDE), M\u00e9xico ocupa el primer lugar en embarazos en adolescentes, al registrar 340 mil nacimientos al a\u00f1o en mujeres menores de 19 a\u00f1os, adem\u00e1s de que el 23 por ciento de la poblaci\u00f3n inicia su vida sexual entre los 12 y los 27 a\u00f1os de edad. &nbsp;<a href=\"https:\/\/www.coacalco.gob.mx\/trabaja-gobierno-de-coacalco-en-la-prevencion-del-embarazo-en-adolescentes\/#\"><\/a><a href=\"https:\/\/www.coacalco.gob.mx\/trabaja-gobierno-de-coacalco-en-la-prevencion-del-embarazo-en-adolescentes\/#\"><\/a><a href=\"https:\/\/www.coacalco.gob.mx\/trabaja-gobierno-de-coacalco-en-la-prevencion-del-embarazo-en-adolescentes\/#\"><\/a><a href=\"https:\/\/www.coacalco.gob.mx\/trabaja-gobierno-de-coacalco-en-la-prevencion-del-embarazo-en-adolescentes\/#\"><\/a><a href=\"mailto:?subject=Pagar&amp;body=You%20can%20see%20it%20live%20here%20https:\/\/www.coacalco.gob.mx\/trabaja-gobierno-de-coacalco-en-la-prevencion-del-embarazo-en-adolescentes\/?utm_source=sharemail.%20%20Made%20by%20Ayuntamiento%20de%20Coacalco%202019-2021%20https:\/\/www.coacalco.gob.mx%20.\"><\/a><br><\/p>\n","protected":false},"excerpt":{"rendered":"<p>El Gobierno de Coacalco emprende acciones concretas para prevenir el embarazo en adolescentes, rubro en el que M\u00e9xico ocupa el primer lugar. En el marco del&nbsp;D\u00eda Nacional para la Prevenci\u00f3n del Embarazo en Adolescentes, el Gobierno local inform\u00f3 que, a trav\u00e9s de pl\u00e1ticas informativas en instituciones de nivel b\u00e1sico y medio, se busca sensibilizar a la comunidad estudiantil para que tomen consciencia de la responsabilidad que implica ser padres a temprana edad. En dichas pl\u00e1ticas, la Unidad de Igualdad de G\u00e9nero y Erradicaci\u00f3n de la Violencia aborda temas como: qu\u00e9&hellip;<\/p>\n","protected":false},"author":1,"featured_media":1019,"comment_status":"open","ping_status":"open","sticky":false,"template":"","format":"standard","meta":{"footnotes":""},"categories":[5],"tags":[],"class_list":["post-1017","post","type-post","status-publish","format-standard","has-post-thumbnail","hentry","category-salud"],"yoast_head":"<!-- This site is optimized with the Yoast SEO plugin v27.5 - https:\/\/yoast.com\/product\/yoast-seo-wordpress\/ -->\n<title>TRABAJA GOBIERNO DE COACALCO EN LA PREVENCI\u00d3N DEL EMBARAZO EN ADOLESCENTES - Expresso Metropolitano<\/title>\n<meta name=\"robots\" content=\"index, follow, max-snippet:-1, max-image-preview:large, max-video-preview:-1\" \/>\n<link rel=\"canonical\" href=\"https:\/\/expressometro.mx\/index.php\/2019\/09\/26\/trabaja-gobierno-de-coacalco-en-la-prevencion-del-embarazo-en-adolescentes\/\" \/>\n<meta property=\"og:locale\" content=\"es_MX\" \/>\n<meta property=\"og:type\" content=\"article\" \/>\n<meta property=\"og:title\" content=\"TRABAJA GOBIERNO DE COACALCO EN LA PREVENCI\u00d3N DEL EMBARAZO EN ADOLESCENTES - Expresso Metropolitano\" \/>\n<meta property=\"og:description\" content=\"El Gobierno de Coacalco emprende acciones concretas para prevenir el embarazo en adolescentes, rubro en el que M\u00e9xico ocupa el primer lugar. En el marco del&nbsp;D\u00eda Nacional para la Prevenci\u00f3n del Embarazo en Adolescentes, el Gobierno local inform\u00f3 que, a trav\u00e9s de pl\u00e1ticas informativas en instituciones de nivel b\u00e1sico y medio, se busca sensibilizar a la comunidad estudiantil para que tomen consciencia de la responsabilidad que implica ser padres a temprana edad. En dichas pl\u00e1ticas, la Unidad de Igualdad de G\u00e9nero y Erradicaci\u00f3n de la Violencia aborda temas como: qu\u00e9&hellip;\" \/>\n<meta property=\"og:url\" content=\"https:\/\/expressometro.mx\/index.php\/2019\/09\/26\/trabaja-gobierno-de-coacalco-en-la-prevencion-del-embarazo-en-adolescentes\/\" \/>\n<meta property=\"og:site_name\" content=\"Expresso Metropolitano\" \/>\n<meta property=\"article:published_time\" content=\"2019-09-26T16:20:30+00:00\" \/>\n<meta property=\"article:modified_time\" content=\"2019-10-30T16:26:40+00:00\" \/>\n<meta property=\"og:image\" content=\"https:\/\/expressometro.mx\/wp-content\/uploads\/2019\/10\/RS_embarazosadolescentes-01-8.jpg\" \/>\n\t<meta property=\"og:image:width\" content=\"800\" \/>\n\t<meta property=\"og:image:height\" content=\"800\" \/>\n\t<meta property=\"og:image:type\" content=\"image\/jpeg\" \/>\n<meta name=\"author\" content=\"Expresso Metropolitano\" \/>\n<meta name=\"twitter:label1\" content=\"Escrito por\" \/>\n\t<meta name=\"twitter:data1\" content=\"Expresso Metropolitano\" \/>\n\t<meta name=\"twitter:label2\" content=\"Tiempo de lectura\" \/>\n\t<meta name=\"twitter:data2\" content=\"1 minuto\" \/>\n<script type=\"application\/ld+json\" class=\"yoast-schema-graph\">{\"@context\":\"https:\\\/\\\/schema.org\",\"@graph\":[{\"@type\":\"Article\",\"@id\":\"https:\\\/\\\/expressometro.mx\\\/index.php\\\/2019\\\/09\\\/26\\\/trabaja-gobierno-de-coacalco-en-la-prevencion-del-embarazo-en-adolescentes\\\/#article\",\"isPartOf\":{\"@id\":\"https:\\\/\\\/expressometro.mx\\\/index.php\\\/2019\\\/09\\\/26\\\/trabaja-gobierno-de-coacalco-en-la-prevencion-del-embarazo-en-adolescentes\\\/\"},\"author\":{\"name\":\"Expresso Metropolitano\",\"@id\":\"https:\\\/\\\/expressometro.mx\\\/#\\\/schema\\\/person\\\/efa971b4a0664db8ed5c22b1b0dd2f5d\"},\"headline\":\"TRABAJA GOBIERNO DE COACALCO EN LA PREVENCI\u00d3N DEL EMBARAZO EN ADOLESCENTES\",\"datePublished\":\"2019-09-26T16:20:30+00:00\",\"dateModified\":\"2019-10-30T16:26:40+00:00\",\"mainEntityOfPage\":{\"@id\":\"https:\\\/\\\/expressometro.mx\\\/index.php\\\/2019\\\/09\\\/26\\\/trabaja-gobierno-de-coacalco-en-la-prevencion-del-embarazo-en-adolescentes\\\/\"},\"wordCount\":265,\"commentCount\":0,\"publisher\":{\"@id\":\"https:\\\/\\\/expressometro.mx\\\/#organization\"},\"image\":{\"@id\":\"https:\\\/\\\/expressometro.mx\\\/index.php\\\/2019\\\/09\\\/26\\\/trabaja-gobierno-de-coacalco-en-la-prevencion-del-embarazo-en-adolescentes\\\/#primaryimage\"},\"thumbnailUrl\":\"https:\\\/\\\/expressometro.mx\\\/wp-content\\\/uploads\\\/2019\\\/10\\\/RS_embarazosadolescentes-01-8.jpg\",\"articleSection\":[\"Salud\"],\"inLanguage\":\"es\",\"potentialAction\":[{\"@type\":\"CommentAction\",\"name\":\"Comment\",\"target\":[\"https:\\\/\\\/expressometro.mx\\\/index.php\\\/2019\\\/09\\\/26\\\/trabaja-gobierno-de-coacalco-en-la-prevencion-del-embarazo-en-adolescentes\\\/#respond\"]}]},{\"@type\":\"WebPage\",\"@id\":\"https:\\\/\\\/expressometro.mx\\\/index.php\\\/2019\\\/09\\\/26\\\/trabaja-gobierno-de-coacalco-en-la-prevencion-del-embarazo-en-adolescentes\\\/\",\"url\":\"https:\\\/\\\/expressometro.mx\\\/index.php\\\/2019\\\/09\\\/26\\\/trabaja-gobierno-de-coacalco-en-la-prevencion-del-embarazo-en-adolescentes\\\/\",\"name\":\"TRABAJA GOBIERNO DE COACALCO EN LA PREVENCI\u00d3N DEL EMBARAZO EN ADOLESCENTES - Expresso Metropolitano\",\"isPartOf\":{\"@id\":\"https:\\\/\\\/expressometro.mx\\\/#website\"},\"primaryImageOfPage\":{\"@id\":\"https:\\\/\\\/expressometro.mx\\\/index.php\\\/2019\\\/09\\\/26\\\/trabaja-gobierno-de-coacalco-en-la-prevencion-del-embarazo-en-adolescentes\\\/#primaryimage\"},\"image\":{\"@id\":\"https:\\\/\\\/expressometro.mx\\\/index.php\\\/2019\\\/09\\\/26\\\/trabaja-gobierno-de-coacalco-en-la-prevencion-del-embarazo-en-adolescentes\\\/#primaryimage\"},\"thumbnailUrl\":\"https:\\\/\\\/expressometro.mx\\\/wp-content\\\/uploads\\\/2019\\\/10\\\/RS_embarazosadolescentes-01-8.jpg\",\"datePublished\":\"2019-09-26T16:20:30+00:00\",\"dateModified\":\"2019-10-30T16:26:40+00:00\",\"breadcrumb\":{\"@id\":\"https:\\\/\\\/expressometro.mx\\\/index.php\\\/2019\\\/09\\\/26\\\/trabaja-gobierno-de-coacalco-en-la-prevencion-del-embarazo-en-adolescentes\\\/#breadcrumb\"},\"inLanguage\":\"es\",\"potentialAction\":[{\"@type\":\"ReadAction\",\"target\":[\"https:\\\/\\\/expressometro.mx\\\/index.php\\\/2019\\\/09\\\/26\\\/trabaja-gobierno-de-coacalco-en-la-prevencion-del-embarazo-en-adolescentes\\\/\"]}]},{\"@type\":\"ImageObject\",\"inLanguage\":\"es\",\"@id\":\"https:\\\/\\\/expressometro.mx\\\/index.php\\\/2019\\\/09\\\/26\\\/trabaja-gobierno-de-coacalco-en-la-prevencion-del-embarazo-en-adolescentes\\\/#primaryimage\",\"url\":\"https:\\\/\\\/expressometro.mx\\\/wp-content\\\/uploads\\\/2019\\\/10\\\/RS_embarazosadolescentes-01-8.jpg\",\"contentUrl\":\"https:\\\/\\\/expressometro.mx\\\/wp-content\\\/uploads\\\/2019\\\/10\\\/RS_embarazosadolescentes-01-8.jpg\",\"width\":800,\"height\":800},{\"@type\":\"BreadcrumbList\",\"@id\":\"https:\\\/\\\/expressometro.mx\\\/index.php\\\/2019\\\/09\\\/26\\\/trabaja-gobierno-de-coacalco-en-la-prevencion-del-embarazo-en-adolescentes\\\/#breadcrumb\",\"itemListElement\":[{\"@type\":\"ListItem\",\"position\":1,\"name\":\"Inicio\",\"item\":\"https:\\\/\\\/expressometro.mx\\\/\"},{\"@type\":\"ListItem\",\"position\":2,\"name\":\"TRABAJA GOBIERNO DE COACALCO EN LA PREVENCI\u00d3N DEL EMBARAZO EN ADOLESCENTES\"}]},{\"@type\":\"WebSite\",\"@id\":\"https:\\\/\\\/expressometro.mx\\\/#website\",\"url\":\"https:\\\/\\\/expressometro.mx\\\/\",\"name\":\"Expresso Metropolitano\",\"description\":\"Periodismo comprometido, informaci\u00f3n, investigaci\u00f3n y an\u00e1lisis\",\"publisher\":{\"@id\":\"https:\\\/\\\/expressometro.mx\\\/#organization\"},\"potentialAction\":[{\"@type\":\"SearchAction\",\"target\":{\"@type\":\"EntryPoint\",\"urlTemplate\":\"https:\\\/\\\/expressometro.mx\\\/?s={search_term_string}\"},\"query-input\":{\"@type\":\"PropertyValueSpecification\",\"valueRequired\":true,\"valueName\":\"search_term_string\"}}],\"inLanguage\":\"es\"},{\"@type\":\"Organization\",\"@id\":\"https:\\\/\\\/expressometro.mx\\\/#organization\",\"name\":\"Expresso Metropolitano\",\"url\":\"https:\\\/\\\/expressometro.mx\\\/\",\"logo\":{\"@type\":\"ImageObject\",\"inLanguage\":\"es\",\"@id\":\"https:\\\/\\\/expressometro.mx\\\/#\\\/schema\\\/logo\\\/image\\\/\",\"url\":\"https:\\\/\\\/expressometro.mx\\\/wp-content\\\/uploads\\\/2019\\\/07\\\/cropped-Logo-Expresso-Metropolitano-1-1.jpeg\",\"contentUrl\":\"https:\\\/\\\/expressometro.mx\\\/wp-content\\\/uploads\\\/2019\\\/07\\\/cropped-Logo-Expresso-Metropolitano-1-1.jpeg\",\"width\":290,\"height\":73,\"caption\":\"Expresso Metropolitano\"},\"image\":{\"@id\":\"https:\\\/\\\/expressometro.mx\\\/#\\\/schema\\\/logo\\\/image\\\/\"}},{\"@type\":\"Person\",\"@id\":\"https:\\\/\\\/expressometro.mx\\\/#\\\/schema\\\/person\\\/efa971b4a0664db8ed5c22b1b0dd2f5d\",\"name\":\"Expresso Metropolitano\",\"image\":{\"@type\":\"ImageObject\",\"inLanguage\":\"es\",\"@id\":\"https:\\\/\\\/secure.gravatar.com\\\/avatar\\\/a89f802b8de18c6952f223c88d3d106e9e3679839f4e25a02f4a6cc2ae6ba3b3?s=96&d=mm&r=g\",\"url\":\"https:\\\/\\\/secure.gravatar.com\\\/avatar\\\/a89f802b8de18c6952f223c88d3d106e9e3679839f4e25a02f4a6cc2ae6ba3b3?s=96&d=mm&r=g\",\"contentUrl\":\"https:\\\/\\\/secure.gravatar.com\\\/avatar\\\/a89f802b8de18c6952f223c88d3d106e9e3679839f4e25a02f4a6cc2ae6ba3b3?s=96&d=mm&r=g\",\"caption\":\"Expresso Metropolitano\"},\"url\":\"https:\\\/\\\/expressometro.mx\\\/index.php\\\/author\\\/diego\\\/\"}]}<\/script>\n<!-- \/ Yoast SEO plugin. -->","yoast_head_json":{"title":"TRABAJA GOBIERNO DE COACALCO EN LA PREVENCI\u00d3N DEL EMBARAZO EN ADOLESCENTES - Expresso Metropolitano","robots":{"index":"index","follow":"follow","max-snippet":"max-snippet:-1","max-image-preview":"max-image-preview:large","max-video-preview":"max-video-preview:-1"},"canonical":"https:\/\/expressometro.mx\/index.php\/2019\/09\/26\/trabaja-gobierno-de-coacalco-en-la-prevencion-del-embarazo-en-adolescentes\/","og_locale":"es_MX","og_type":"article","og_title":"TRABAJA GOBIERNO DE COACALCO EN LA PREVENCI\u00d3N DEL EMBARAZO EN ADOLESCENTES - Expresso Metropolitano","og_description":"El Gobierno de Coacalco emprende acciones concretas para prevenir el embarazo en adolescentes, rubro en el que M\u00e9xico ocupa el primer lugar. En el marco del&nbsp;D\u00eda Nacional para la Prevenci\u00f3n del Embarazo en Adolescentes, el Gobierno local inform\u00f3 que, a trav\u00e9s de pl\u00e1ticas informativas en instituciones de nivel b\u00e1sico y medio, se busca sensibilizar a la comunidad estudiantil para que tomen consciencia de la responsabilidad que implica ser padres a temprana edad. En dichas pl\u00e1ticas, la Unidad de Igualdad de G\u00e9nero y Erradicaci\u00f3n de la Violencia aborda temas como: qu\u00e9&hellip;","og_url":"https:\/\/expressometro.mx\/index.php\/2019\/09\/26\/trabaja-gobierno-de-coacalco-en-la-prevencion-del-embarazo-en-adolescentes\/","og_site_name":"Expresso Metropolitano","article_published_time":"2019-09-26T16:20:30+00:00","article_modified_time":"2019-10-30T16:26:40+00:00","og_image":[{"width":800,"height":800,"url":"https:\/\/expressometro.mx\/wp-content\/uploads\/2019\/10\/RS_embarazosadolescentes-01-8.jpg","type":"image\/jpeg"}],"author":"Expresso Metropolitano","twitter_misc":{"Escrito por":"Expresso Metropolitano","Tiempo de lectura":"1 minuto"},"schema":{"@context":"https:\/\/schema.org","@graph":[{"@type":"Article","@id":"https:\/\/expressometro.mx\/index.php\/2019\/09\/26\/trabaja-gobierno-de-coacalco-en-la-prevencion-del-embarazo-en-adolescentes\/#article","isPartOf":{"@id":"https:\/\/expressometro.mx\/index.php\/2019\/09\/26\/trabaja-gobierno-de-coacalco-en-la-prevencion-del-embarazo-en-adolescentes\/"},"author":{"name":"Expresso Metropolitano","@id":"https:\/\/expressometro.mx\/#\/schema\/person\/efa971b4a0664db8ed5c22b1b0dd2f5d"},"headline":"TRABAJA GOBIERNO DE COACALCO EN LA PREVENCI\u00d3N DEL EMBARAZO EN ADOLESCENTES","datePublished":"2019-09-26T16:20:30+00:00","dateModified":"2019-10-30T16:26:40+00:00","mainEntityOfPage":{"@id":"https:\/\/expressometro.mx\/index.php\/2019\/09\/26\/trabaja-gobierno-de-coacalco-en-la-prevencion-del-embarazo-en-adolescentes\/"},"wordCount":265,"commentCount":0,"publisher":{"@id":"https:\/\/expressometro.mx\/#organization"},"image":{"@id":"https:\/\/expressometro.mx\/index.php\/2019\/09\/26\/trabaja-gobierno-de-coacalco-en-la-prevencion-del-embarazo-en-adolescentes\/#primaryimage"},"thumbnailUrl":"https:\/\/expressometro.mx\/wp-content\/uploads\/2019\/10\/RS_embarazosadolescentes-01-8.jpg","articleSection":["Salud"],"inLanguage":"es","potentialAction":[{"@type":"CommentAction","name":"Comment","target":["https:\/\/expressometro.mx\/index.php\/2019\/09\/26\/trabaja-gobierno-de-coacalco-en-la-prevencion-del-embarazo-en-adolescentes\/#respond"]}]},{"@type":"WebPage","@id":"https:\/\/expressometro.mx\/index.php\/2019\/09\/26\/trabaja-gobierno-de-coacalco-en-la-prevencion-del-embarazo-en-adolescentes\/","url":"https:\/\/expressometro.mx\/index.php\/2019\/09\/26\/trabaja-gobierno-de-coacalco-en-la-prevencion-del-embarazo-en-adolescentes\/","name":"TRABAJA GOBIERNO DE COACALCO EN LA PREVENCI\u00d3N DEL EMBARAZO EN ADOLESCENTES - Expresso Metropolitano","isPartOf":{"@id":"https:\/\/expressometro.mx\/#website"},"primaryImageOfPage":{"@id":"https:\/\/expressometro.mx\/index.php\/2019\/09\/26\/trabaja-gobierno-de-coacalco-en-la-prevencion-del-embarazo-en-adolescentes\/#primaryimage"},"image":{"@id":"https:\/\/expressometro.mx\/index.php\/2019\/09\/26\/trabaja-gobierno-de-coacalco-en-la-prevencion-del-embarazo-en-adolescentes\/#primaryimage"},"thumbnailUrl":"https:\/\/expressometro.mx\/wp-content\/uploads\/2019\/10\/RS_embarazosadolescentes-01-8.jpg","datePublished":"2019-09-26T16:20:30+00:00","dateModified":"2019-10-30T16:26:40+00:00","breadcrumb":{"@id":"https:\/\/expressometro.mx\/index.php\/2019\/09\/26\/trabaja-gobierno-de-coacalco-en-la-prevencion-del-embarazo-en-adolescentes\/#breadcrumb"},"inLanguage":"es","potentialAction":[{"@type":"ReadAction","target":["https:\/\/expressometro.mx\/index.php\/2019\/09\/26\/trabaja-gobierno-de-coacalco-en-la-prevencion-del-embarazo-en-adolescentes\/"]}]},{"@type":"ImageObject","inLanguage":"es","@id":"https:\/\/expressometro.mx\/index.php\/2019\/09\/26\/trabaja-gobierno-de-coacalco-en-la-prevencion-del-embarazo-en-adolescentes\/#primaryimage","url":"https:\/\/expressometro.mx\/wp-content\/uploads\/2019\/10\/RS_embarazosadolescentes-01-8.jpg","contentUrl":"https:\/\/expressometro.mx\/wp-content\/uploads\/2019\/10\/RS_embarazosadolescentes-01-8.jpg","width":800,"height":800},{"@type":"BreadcrumbList","@id":"https:\/\/expressometro.mx\/index.php\/2019\/09\/26\/trabaja-gobierno-de-coacalco-en-la-prevencion-del-embarazo-en-adolescentes\/#breadcrumb","itemListElement":[{"@type":"ListItem","position":1,"name":"Inicio","item":"https:\/\/expressometro.mx\/"},{"@type":"ListItem","position":2,"name":"TRABAJA GOBIERNO DE COACALCO EN LA PREVENCI\u00d3N DEL EMBARAZO EN ADOLESCENTES"}]},{"@type":"WebSite","@id":"https:\/\/expressometro.mx\/#website","url":"https:\/\/expressometro.mx\/","name":"Expresso Metropolitano","description":"Periodismo comprometido, informaci\u00f3n, investigaci\u00f3n y an\u00e1lisis","publisher":{"@id":"https:\/\/expressometro.mx\/#organization"},"potentialAction":[{"@type":"SearchAction","target":{"@type":"EntryPoint","urlTemplate":"https:\/\/expressometro.mx\/?s={search_term_string}"},"query-input":{"@type":"PropertyValueSpecification","valueRequired":true,"valueName":"search_term_string"}}],"inLanguage":"es"},{"@type":"Organization","@id":"https:\/\/expressometro.mx\/#organization","name":"Expresso Metropolitano","url":"https:\/\/expressometro.mx\/","logo":{"@type":"ImageObject","inLanguage":"es","@id":"https:\/\/expressometro.mx\/#\/schema\/logo\/image\/","url":"https:\/\/expressometro.mx\/wp-content\/uploads\/2019\/07\/cropped-Logo-Expresso-Metropolitano-1-1.jpeg","contentUrl":"https:\/\/expressometro.mx\/wp-content\/uploads\/2019\/07\/cropped-Logo-Expresso-Metropolitano-1-1.jpeg","width":290,"height":73,"caption":"Expresso Metropolitano"},"image":{"@id":"https:\/\/expressometro.mx\/#\/schema\/logo\/image\/"}},{"@type":"Person","@id":"https:\/\/expressometro.mx\/#\/schema\/person\/efa971b4a0664db8ed5c22b1b0dd2f5d","name":"Expresso Metropolitano","image":{"@type":"ImageObject","inLanguage":"es","@id":"https:\/\/secure.gravatar.com\/avatar\/a89f802b8de18c6952f223c88d3d106e9e3679839f4e25a02f4a6cc2ae6ba3b3?s=96&d=mm&r=g","url":"https:\/\/secure.gravatar.com\/avatar\/a89f802b8de18c6952f223c88d3d106e9e3679839f4e25a02f4a6cc2ae6ba3b3?s=96&d=mm&r=g","contentUrl":"https:\/\/secure.gravatar.com\/avatar\/a89f802b8de18c6952f223c88d3d106e9e3679839f4e25a02f4a6cc2ae6ba3b3?s=96&d=mm&r=g","caption":"Expresso Metropolitano"},"url":"https:\/\/expressometro.mx\/index.php\/author\/diego\/"}]}},"amp_enabled":true,"_links":{"self":[{"href":"https:\/\/expressometro.mx\/index.php\/wp-json\/wp\/v2\/posts\/1017","targetHints":{"allow":["GET"]}}],"collection":[{"href":"https:\/\/expressometro.mx\/index.php\/wp-json\/wp\/v2\/posts"}],"about":[{"href":"https:\/\/expressometro.mx\/index.php\/wp-json\/wp\/v2\/types\/post"}],"author":[{"embeddable":true,"href":"https:\/\/expressometro.mx\/index.php\/wp-json\/wp\/v2\/users\/1"}],"replies":[{"embeddable":true,"href":"https:\/\/expressometro.mx\/index.php\/wp-json\/wp\/v2\/comments?post=1017"}],"version-history":[{"count":1,"href":"https:\/\/expressometro.mx\/index.php\/wp-json\/wp\/v2\/posts\/1017\/revisions"}],"predecessor-version":[{"id":1020,"href":"https:\/\/expressometro.mx\/index.php\/wp-json\/wp\/v2\/posts\/1017\/revisions\/1020"}],"wp:featuredmedia":[{"embeddable":true,"href":"https:\/\/expressometro.mx\/index.php\/wp-json\/wp\/v2\/media\/1019"}],"wp:attachment":[{"href":"https:\/\/expressometro.mx\/index.php\/wp-json\/wp\/v2\/media?parent=1017"}],"wp:term":[{"taxonomy":"category","embeddable":true,"href":"https:\/\/expressometro.mx\/index.php\/wp-json\/wp\/v2\/categories?post=1017"},{"taxonomy":"post_tag","embeddable":true,"href":"https:\/\/expressometro.mx\/index.php\/wp-json\/wp\/v2\/tags?post=1017"}],"curies":[{"name":"wp","href":"https:\/\/api.w.org\/{rel}","templated":true}]}}