{"id":10161,"date":"2024-09-19T10:52:58","date_gmt":"2024-09-19T16:52:58","guid":{"rendered":"https:\/\/expressometro.mx\/?p=10161"},"modified":"2024-10-07T11:19:32","modified_gmt":"2024-10-07T17:19:32","slug":"la-modernizacion-de-la-infraestructura-vial-de-ixtlahuaca-es-una-realidad-abuzeid-lozano","status":"publish","type":"post","link":"https:\/\/expressometro.mx\/index.php\/2024\/09\/19\/la-modernizacion-de-la-infraestructura-vial-de-ixtlahuaca-es-una-realidad-abuzeid-lozano\/","title":{"rendered":"LA MODERNIZACI\u00d3N DE LA INFRAESTRUCTURA VIAL DE IXTLAHUACA ES UNA REALIDAD: ABUZEID LOZANO"},"content":{"rendered":"\n<p>El presidente municipal Abuzeid Lozano inaugur\u00f3 la pavimentaci\u00f3n de concreto hidr\u00e1ulico en la calle 10 de mayo, mejor conocida como &#8220;Rehiletes&#8221;, ubicada en la comunidad de San Pedro La Cabecera, obra que marca un precedente para la urbanizaci\u00f3n y conectividad del municipio.<\/p>\n\n\n\n<p>Con una inversi\u00f3n superior a los 21.6 millones de pesos, provenientes de recursos municipales propios y del Fondo de Aportaciones para la Infraestructura Social Municipal y de las Demarcaciones Territoriales del Distrito Federal, se logr\u00f3 la pavimentaci\u00f3n de 1 mil 258 metros lineales, que abarcan 10 mil 065 metros cuadrados de pavimento.<\/p>\n\n\n\n<p>Adem\u00e1s, se construyeron 4 mil 272 metros cuadrados de banquetas, 2 mil 509 metros lineales de guarniciones, 671.75 metros cuadrados de cunetas, as\u00ed como registros pluviales con arenero, la reparaci\u00f3n de tomas de agua potable y descargas domiciliarias.<\/p>\n\n\n\n<p>Durante la inauguraci\u00f3n, Abuzeid Lozano destac\u00f3 la importancia de esta obra, no solo por la mejora en la calidad de vida de los habitantes de la comunidad, sino tambi\u00e9n por su impacto en la movilidad de la regi\u00f3n.<\/p>\n\n\n\n<p>\u201cEsta es la primera calle pavimentada que conecta a la cabecera municipal con una comunidad de Ixtlahuaca, y es una muestra clara de nuestro compromiso con obras que dejan huella, que dignifican nuestras calles y promueven el desarrollo\u201d, subray\u00f3.<\/p>\n\n\n\n<p>La pavimentaci\u00f3n de la calle \u201cRehiletes\u201d no solo facilitar\u00e1 el tr\u00e1nsito de los residentes de San Pedro La Cabecera, sino que tambi\u00e9n servir\u00e1 como una v\u00eda estrat\u00e9gica de conexi\u00f3n hacia San Bartolo del Llano, agilizando la movilidad de la zona industrial y de la Universidad de Ixtlahuaca CUI, donde estudian m\u00e1s de 8 mil alumnos.<\/p>\n\n\n\n<p>&#8220;La conectividad es clave para el desarrollo urbano; por eso, hemos apostado por mejorar las vialidades y caminos en todo el municipio. Un claro ejemplo es esta obra, que se suma a lo realizado en las calles 15 de septiembre, 16 de septiembre, Santos Mercado Vald\u00e9s y Eduardo Gonz\u00e1lez Arriaga, en la zona de la cabecera municipal, as\u00ed como la carretera que une a San Ildefonso con la Estaci\u00f3n del Ferrocarril y el camino principal de San Ignacio del Pedregal, entre otras&#8221;, destac\u00f3.<\/p>\n","protected":false},"excerpt":{"rendered":"<p>El presidente municipal Abuzeid Lozano inaugur\u00f3 la pavimentaci\u00f3n de concreto hidr\u00e1ulico en la calle 10 de mayo, mejor conocida como &#8220;Rehiletes&#8221;, ubicada en la comunidad de San Pedro La Cabecera, obra que marca un precedente para la urbanizaci\u00f3n y conectividad del municipio.<\/p>\n","protected":false},"author":1,"featured_media":10163,"comment_status":"open","ping_status":"open","sticky":false,"template":"","format":"standard","meta":{"footnotes":""},"categories":[3,1,231],"tags":[425,1982,86,424,158],"class_list":["post-10161","post","type-post","status-publish","format-standard","has-post-thumbnail","hentry","category-gobierno","category-otros","category-politica","tag-abuzeid-lozano","tag-edomex","tag-gem","tag-ixtlahuaca","tag-pri"],"yoast_head":"<!-- This site is optimized with the Yoast SEO plugin v27.5 - https:\/\/yoast.com\/product\/yoast-seo-wordpress\/ -->\n<title>LA MODERNIZACI\u00d3N DE LA INFRAESTRUCTURA VIAL DE IXTLAHUACA ES UNA REALIDAD: ABUZEID LOZANO - Expresso Metropolitano<\/title>\n<meta name=\"robots\" content=\"index, follow, max-snippet:-1, max-image-preview:large, max-video-preview:-1\" \/>\n<link rel=\"canonical\" href=\"https:\/\/expressometro.mx\/index.php\/2024\/09\/19\/la-modernizacion-de-la-infraestructura-vial-de-ixtlahuaca-es-una-realidad-abuzeid-lozano\/\" \/>\n<meta property=\"og:locale\" content=\"es_MX\" \/>\n<meta property=\"og:type\" content=\"article\" \/>\n<meta property=\"og:title\" content=\"LA MODERNIZACI\u00d3N DE LA INFRAESTRUCTURA VIAL DE IXTLAHUACA ES UNA REALIDAD: ABUZEID LOZANO - Expresso Metropolitano\" \/>\n<meta property=\"og:description\" content=\"El presidente municipal Abuzeid Lozano inaugur\u00f3 la pavimentaci\u00f3n de concreto hidr\u00e1ulico en la calle 10 de mayo, mejor conocida como &quot;Rehiletes&quot;, ubicada en la comunidad de San Pedro La Cabecera, obra que marca un precedente para la urbanizaci\u00f3n y conectividad del municipio.\" \/>\n<meta property=\"og:url\" content=\"https:\/\/expressometro.mx\/index.php\/2024\/09\/19\/la-modernizacion-de-la-infraestructura-vial-de-ixtlahuaca-es-una-realidad-abuzeid-lozano\/\" \/>\n<meta property=\"og:site_name\" content=\"Expresso Metropolitano\" \/>\n<meta property=\"article:published_time\" content=\"2024-09-19T16:52:58+00:00\" \/>\n<meta property=\"article:modified_time\" content=\"2024-10-07T17:19:32+00:00\" \/>\n<meta property=\"og:image\" content=\"http:\/\/expressometro.mx\/wp-content\/uploads\/2024\/10\/WhatsApp-Image-2024-09-19-at-11.23.30-PM.jpeg\" \/>\n\t<meta property=\"og:image:width\" content=\"1600\" \/>\n\t<meta property=\"og:image:height\" content=\"1066\" \/>\n\t<meta property=\"og:image:type\" content=\"image\/jpeg\" \/>\n<meta name=\"author\" content=\"Expresso Metropolitano\" \/>\n<meta name=\"twitter:label1\" content=\"Escrito por\" \/>\n\t<meta name=\"twitter:data1\" content=\"Expresso Metropolitano\" \/>\n\t<meta name=\"twitter:label2\" content=\"Tiempo de lectura\" \/>\n\t<meta name=\"twitter:data2\" content=\"2 minutos\" \/>\n<script type=\"application\/ld+json\" class=\"yoast-schema-graph\">{\"@context\":\"https:\\\/\\\/schema.org\",\"@graph\":[{\"@type\":\"Article\",\"@id\":\"https:\\\/\\\/expressometro.mx\\\/index.php\\\/2024\\\/09\\\/19\\\/la-modernizacion-de-la-infraestructura-vial-de-ixtlahuaca-es-una-realidad-abuzeid-lozano\\\/#article\",\"isPartOf\":{\"@id\":\"https:\\\/\\\/expressometro.mx\\\/index.php\\\/2024\\\/09\\\/19\\\/la-modernizacion-de-la-infraestructura-vial-de-ixtlahuaca-es-una-realidad-abuzeid-lozano\\\/\"},\"author\":{\"name\":\"Expresso Metropolitano\",\"@id\":\"https:\\\/\\\/expressometro.mx\\\/#\\\/schema\\\/person\\\/efa971b4a0664db8ed5c22b1b0dd2f5d\"},\"headline\":\"LA MODERNIZACI\u00d3N DE LA INFRAESTRUCTURA VIAL DE IXTLAHUACA ES UNA REALIDAD: ABUZEID LOZANO\",\"datePublished\":\"2024-09-19T16:52:58+00:00\",\"dateModified\":\"2024-10-07T17:19:32+00:00\",\"mainEntityOfPage\":{\"@id\":\"https:\\\/\\\/expressometro.mx\\\/index.php\\\/2024\\\/09\\\/19\\\/la-modernizacion-de-la-infraestructura-vial-de-ixtlahuaca-es-una-realidad-abuzeid-lozano\\\/\"},\"wordCount\":367,\"commentCount\":0,\"publisher\":{\"@id\":\"https:\\\/\\\/expressometro.mx\\\/#organization\"},\"image\":{\"@id\":\"https:\\\/\\\/expressometro.mx\\\/index.php\\\/2024\\\/09\\\/19\\\/la-modernizacion-de-la-infraestructura-vial-de-ixtlahuaca-es-una-realidad-abuzeid-lozano\\\/#primaryimage\"},\"thumbnailUrl\":\"https:\\\/\\\/expressometro.mx\\\/wp-content\\\/uploads\\\/2024\\\/10\\\/WhatsApp-Image-2024-09-19-at-11.23.30-PM.jpeg\",\"keywords\":[\"Abuzeid Lozano\",\"Edomex\",\"GEM\",\"Ixtlahuaca\",\"PRI\"],\"articleSection\":[\"Gobierno\",\"Otros\",\"Pol\u00edtica\"],\"inLanguage\":\"es\",\"potentialAction\":[{\"@type\":\"CommentAction\",\"name\":\"Comment\",\"target\":[\"https:\\\/\\\/expressometro.mx\\\/index.php\\\/2024\\\/09\\\/19\\\/la-modernizacion-de-la-infraestructura-vial-de-ixtlahuaca-es-una-realidad-abuzeid-lozano\\\/#respond\"]}]},{\"@type\":\"WebPage\",\"@id\":\"https:\\\/\\\/expressometro.mx\\\/index.php\\\/2024\\\/09\\\/19\\\/la-modernizacion-de-la-infraestructura-vial-de-ixtlahuaca-es-una-realidad-abuzeid-lozano\\\/\",\"url\":\"https:\\\/\\\/expressometro.mx\\\/index.php\\\/2024\\\/09\\\/19\\\/la-modernizacion-de-la-infraestructura-vial-de-ixtlahuaca-es-una-realidad-abuzeid-lozano\\\/\",\"name\":\"LA MODERNIZACI\u00d3N DE LA INFRAESTRUCTURA VIAL DE IXTLAHUACA ES UNA REALIDAD: ABUZEID LOZANO - Expresso Metropolitano\",\"isPartOf\":{\"@id\":\"https:\\\/\\\/expressometro.mx\\\/#website\"},\"primaryImageOfPage\":{\"@id\":\"https:\\\/\\\/expressometro.mx\\\/index.php\\\/2024\\\/09\\\/19\\\/la-modernizacion-de-la-infraestructura-vial-de-ixtlahuaca-es-una-realidad-abuzeid-lozano\\\/#primaryimage\"},\"image\":{\"@id\":\"https:\\\/\\\/expressometro.mx\\\/index.php\\\/2024\\\/09\\\/19\\\/la-modernizacion-de-la-infraestructura-vial-de-ixtlahuaca-es-una-realidad-abuzeid-lozano\\\/#primaryimage\"},\"thumbnailUrl\":\"https:\\\/\\\/expressometro.mx\\\/wp-content\\\/uploads\\\/2024\\\/10\\\/WhatsApp-Image-2024-09-19-at-11.23.30-PM.jpeg\",\"datePublished\":\"2024-09-19T16:52:58+00:00\",\"dateModified\":\"2024-10-07T17:19:32+00:00\",\"breadcrumb\":{\"@id\":\"https:\\\/\\\/expressometro.mx\\\/index.php\\\/2024\\\/09\\\/19\\\/la-modernizacion-de-la-infraestructura-vial-de-ixtlahuaca-es-una-realidad-abuzeid-lozano\\\/#breadcrumb\"},\"inLanguage\":\"es\",\"potentialAction\":[{\"@type\":\"ReadAction\",\"target\":[\"https:\\\/\\\/expressometro.mx\\\/index.php\\\/2024\\\/09\\\/19\\\/la-modernizacion-de-la-infraestructura-vial-de-ixtlahuaca-es-una-realidad-abuzeid-lozano\\\/\"]}]},{\"@type\":\"ImageObject\",\"inLanguage\":\"es\",\"@id\":\"https:\\\/\\\/expressometro.mx\\\/index.php\\\/2024\\\/09\\\/19\\\/la-modernizacion-de-la-infraestructura-vial-de-ixtlahuaca-es-una-realidad-abuzeid-lozano\\\/#primaryimage\",\"url\":\"https:\\\/\\\/expressometro.mx\\\/wp-content\\\/uploads\\\/2024\\\/10\\\/WhatsApp-Image-2024-09-19-at-11.23.30-PM.jpeg\",\"contentUrl\":\"https:\\\/\\\/expressometro.mx\\\/wp-content\\\/uploads\\\/2024\\\/10\\\/WhatsApp-Image-2024-09-19-at-11.23.30-PM.jpeg\",\"width\":1600,\"height\":1066},{\"@type\":\"BreadcrumbList\",\"@id\":\"https:\\\/\\\/expressometro.mx\\\/index.php\\\/2024\\\/09\\\/19\\\/la-modernizacion-de-la-infraestructura-vial-de-ixtlahuaca-es-una-realidad-abuzeid-lozano\\\/#breadcrumb\",\"itemListElement\":[{\"@type\":\"ListItem\",\"position\":1,\"name\":\"Inicio\",\"item\":\"https:\\\/\\\/expressometro.mx\\\/\"},{\"@type\":\"ListItem\",\"position\":2,\"name\":\"LA MODERNIZACI\u00d3N DE LA INFRAESTRUCTURA VIAL DE IXTLAHUACA ES UNA REALIDAD: ABUZEID LOZANO\"}]},{\"@type\":\"WebSite\",\"@id\":\"https:\\\/\\\/expressometro.mx\\\/#website\",\"url\":\"https:\\\/\\\/expressometro.mx\\\/\",\"name\":\"Expresso Metropolitano\",\"description\":\"Periodismo comprometido, informaci\u00f3n, investigaci\u00f3n y an\u00e1lisis\",\"publisher\":{\"@id\":\"https:\\\/\\\/expressometro.mx\\\/#organization\"},\"potentialAction\":[{\"@type\":\"SearchAction\",\"target\":{\"@type\":\"EntryPoint\",\"urlTemplate\":\"https:\\\/\\\/expressometro.mx\\\/?s={search_term_string}\"},\"query-input\":{\"@type\":\"PropertyValueSpecification\",\"valueRequired\":true,\"valueName\":\"search_term_string\"}}],\"inLanguage\":\"es\"},{\"@type\":\"Organization\",\"@id\":\"https:\\\/\\\/expressometro.mx\\\/#organization\",\"name\":\"Expresso Metropolitano\",\"url\":\"https:\\\/\\\/expressometro.mx\\\/\",\"logo\":{\"@type\":\"ImageObject\",\"inLanguage\":\"es\",\"@id\":\"https:\\\/\\\/expressometro.mx\\\/#\\\/schema\\\/logo\\\/image\\\/\",\"url\":\"https:\\\/\\\/expressometro.mx\\\/wp-content\\\/uploads\\\/2019\\\/07\\\/cropped-Logo-Expresso-Metropolitano-1-1.jpeg\",\"contentUrl\":\"https:\\\/\\\/expressometro.mx\\\/wp-content\\\/uploads\\\/2019\\\/07\\\/cropped-Logo-Expresso-Metropolitano-1-1.jpeg\",\"width\":290,\"height\":73,\"caption\":\"Expresso Metropolitano\"},\"image\":{\"@id\":\"https:\\\/\\\/expressometro.mx\\\/#\\\/schema\\\/logo\\\/image\\\/\"}},{\"@type\":\"Person\",\"@id\":\"https:\\\/\\\/expressometro.mx\\\/#\\\/schema\\\/person\\\/efa971b4a0664db8ed5c22b1b0dd2f5d\",\"name\":\"Expresso Metropolitano\",\"image\":{\"@type\":\"ImageObject\",\"inLanguage\":\"es\",\"@id\":\"https:\\\/\\\/secure.gravatar.com\\\/avatar\\\/a89f802b8de18c6952f223c88d3d106e9e3679839f4e25a02f4a6cc2ae6ba3b3?s=96&d=mm&r=g\",\"url\":\"https:\\\/\\\/secure.gravatar.com\\\/avatar\\\/a89f802b8de18c6952f223c88d3d106e9e3679839f4e25a02f4a6cc2ae6ba3b3?s=96&d=mm&r=g\",\"contentUrl\":\"https:\\\/\\\/secure.gravatar.com\\\/avatar\\\/a89f802b8de18c6952f223c88d3d106e9e3679839f4e25a02f4a6cc2ae6ba3b3?s=96&d=mm&r=g\",\"caption\":\"Expresso Metropolitano\"},\"url\":\"https:\\\/\\\/expressometro.mx\\\/index.php\\\/author\\\/diego\\\/\"}]}<\/script>\n<!-- \/ Yoast SEO plugin. -->","yoast_head_json":{"title":"LA MODERNIZACI\u00d3N DE LA INFRAESTRUCTURA VIAL DE IXTLAHUACA ES UNA REALIDAD: ABUZEID LOZANO - Expresso Metropolitano","robots":{"index":"index","follow":"follow","max-snippet":"max-snippet:-1","max-image-preview":"max-image-preview:large","max-video-preview":"max-video-preview:-1"},"canonical":"https:\/\/expressometro.mx\/index.php\/2024\/09\/19\/la-modernizacion-de-la-infraestructura-vial-de-ixtlahuaca-es-una-realidad-abuzeid-lozano\/","og_locale":"es_MX","og_type":"article","og_title":"LA MODERNIZACI\u00d3N DE LA INFRAESTRUCTURA VIAL DE IXTLAHUACA ES UNA REALIDAD: ABUZEID LOZANO - Expresso Metropolitano","og_description":"El presidente municipal Abuzeid Lozano inaugur\u00f3 la pavimentaci\u00f3n de concreto hidr\u00e1ulico en la calle 10 de mayo, mejor conocida como \"Rehiletes\", ubicada en la comunidad de San Pedro La Cabecera, obra que marca un precedente para la urbanizaci\u00f3n y conectividad del municipio.","og_url":"https:\/\/expressometro.mx\/index.php\/2024\/09\/19\/la-modernizacion-de-la-infraestructura-vial-de-ixtlahuaca-es-una-realidad-abuzeid-lozano\/","og_site_name":"Expresso Metropolitano","article_published_time":"2024-09-19T16:52:58+00:00","article_modified_time":"2024-10-07T17:19:32+00:00","og_image":[{"width":1600,"height":1066,"url":"http:\/\/expressometro.mx\/wp-content\/uploads\/2024\/10\/WhatsApp-Image-2024-09-19-at-11.23.30-PM.jpeg","type":"image\/jpeg"}],"author":"Expresso Metropolitano","twitter_misc":{"Escrito por":"Expresso Metropolitano","Tiempo de lectura":"2 minutos"},"schema":{"@context":"https:\/\/schema.org","@graph":[{"@type":"Article","@id":"https:\/\/expressometro.mx\/index.php\/2024\/09\/19\/la-modernizacion-de-la-infraestructura-vial-de-ixtlahuaca-es-una-realidad-abuzeid-lozano\/#article","isPartOf":{"@id":"https:\/\/expressometro.mx\/index.php\/2024\/09\/19\/la-modernizacion-de-la-infraestructura-vial-de-ixtlahuaca-es-una-realidad-abuzeid-lozano\/"},"author":{"name":"Expresso Metropolitano","@id":"https:\/\/expressometro.mx\/#\/schema\/person\/efa971b4a0664db8ed5c22b1b0dd2f5d"},"headline":"LA MODERNIZACI\u00d3N DE LA INFRAESTRUCTURA VIAL DE IXTLAHUACA ES UNA REALIDAD: ABUZEID LOZANO","datePublished":"2024-09-19T16:52:58+00:00","dateModified":"2024-10-07T17:19:32+00:00","mainEntityOfPage":{"@id":"https:\/\/expressometro.mx\/index.php\/2024\/09\/19\/la-modernizacion-de-la-infraestructura-vial-de-ixtlahuaca-es-una-realidad-abuzeid-lozano\/"},"wordCount":367,"commentCount":0,"publisher":{"@id":"https:\/\/expressometro.mx\/#organization"},"image":{"@id":"https:\/\/expressometro.mx\/index.php\/2024\/09\/19\/la-modernizacion-de-la-infraestructura-vial-de-ixtlahuaca-es-una-realidad-abuzeid-lozano\/#primaryimage"},"thumbnailUrl":"https:\/\/expressometro.mx\/wp-content\/uploads\/2024\/10\/WhatsApp-Image-2024-09-19-at-11.23.30-PM.jpeg","keywords":["Abuzeid Lozano","Edomex","GEM","Ixtlahuaca","PRI"],"articleSection":["Gobierno","Otros","Pol\u00edtica"],"inLanguage":"es","potentialAction":[{"@type":"CommentAction","name":"Comment","target":["https:\/\/expressometro.mx\/index.php\/2024\/09\/19\/la-modernizacion-de-la-infraestructura-vial-de-ixtlahuaca-es-una-realidad-abuzeid-lozano\/#respond"]}]},{"@type":"WebPage","@id":"https:\/\/expressometro.mx\/index.php\/2024\/09\/19\/la-modernizacion-de-la-infraestructura-vial-de-ixtlahuaca-es-una-realidad-abuzeid-lozano\/","url":"https:\/\/expressometro.mx\/index.php\/2024\/09\/19\/la-modernizacion-de-la-infraestructura-vial-de-ixtlahuaca-es-una-realidad-abuzeid-lozano\/","name":"LA MODERNIZACI\u00d3N DE LA INFRAESTRUCTURA VIAL DE IXTLAHUACA ES UNA REALIDAD: ABUZEID LOZANO - Expresso Metropolitano","isPartOf":{"@id":"https:\/\/expressometro.mx\/#website"},"primaryImageOfPage":{"@id":"https:\/\/expressometro.mx\/index.php\/2024\/09\/19\/la-modernizacion-de-la-infraestructura-vial-de-ixtlahuaca-es-una-realidad-abuzeid-lozano\/#primaryimage"},"image":{"@id":"https:\/\/expressometro.mx\/index.php\/2024\/09\/19\/la-modernizacion-de-la-infraestructura-vial-de-ixtlahuaca-es-una-realidad-abuzeid-lozano\/#primaryimage"},"thumbnailUrl":"https:\/\/expressometro.mx\/wp-content\/uploads\/2024\/10\/WhatsApp-Image-2024-09-19-at-11.23.30-PM.jpeg","datePublished":"2024-09-19T16:52:58+00:00","dateModified":"2024-10-07T17:19:32+00:00","breadcrumb":{"@id":"https:\/\/expressometro.mx\/index.php\/2024\/09\/19\/la-modernizacion-de-la-infraestructura-vial-de-ixtlahuaca-es-una-realidad-abuzeid-lozano\/#breadcrumb"},"inLanguage":"es","potentialAction":[{"@type":"ReadAction","target":["https:\/\/expressometro.mx\/index.php\/2024\/09\/19\/la-modernizacion-de-la-infraestructura-vial-de-ixtlahuaca-es-una-realidad-abuzeid-lozano\/"]}]},{"@type":"ImageObject","inLanguage":"es","@id":"https:\/\/expressometro.mx\/index.php\/2024\/09\/19\/la-modernizacion-de-la-infraestructura-vial-de-ixtlahuaca-es-una-realidad-abuzeid-lozano\/#primaryimage","url":"https:\/\/expressometro.mx\/wp-content\/uploads\/2024\/10\/WhatsApp-Image-2024-09-19-at-11.23.30-PM.jpeg","contentUrl":"https:\/\/expressometro.mx\/wp-content\/uploads\/2024\/10\/WhatsApp-Image-2024-09-19-at-11.23.30-PM.jpeg","width":1600,"height":1066},{"@type":"BreadcrumbList","@id":"https:\/\/expressometro.mx\/index.php\/2024\/09\/19\/la-modernizacion-de-la-infraestructura-vial-de-ixtlahuaca-es-una-realidad-abuzeid-lozano\/#breadcrumb","itemListElement":[{"@type":"ListItem","position":1,"name":"Inicio","item":"https:\/\/expressometro.mx\/"},{"@type":"ListItem","position":2,"name":"LA MODERNIZACI\u00d3N DE LA INFRAESTRUCTURA VIAL DE IXTLAHUACA ES UNA REALIDAD: ABUZEID LOZANO"}]},{"@type":"WebSite","@id":"https:\/\/expressometro.mx\/#website","url":"https:\/\/expressometro.mx\/","name":"Expresso Metropolitano","description":"Periodismo comprometido, informaci\u00f3n, investigaci\u00f3n y an\u00e1lisis","publisher":{"@id":"https:\/\/expressometro.mx\/#organization"},"potentialAction":[{"@type":"SearchAction","target":{"@type":"EntryPoint","urlTemplate":"https:\/\/expressometro.mx\/?s={search_term_string}"},"query-input":{"@type":"PropertyValueSpecification","valueRequired":true,"valueName":"search_term_string"}}],"inLanguage":"es"},{"@type":"Organization","@id":"https:\/\/expressometro.mx\/#organization","name":"Expresso Metropolitano","url":"https:\/\/expressometro.mx\/","logo":{"@type":"ImageObject","inLanguage":"es","@id":"https:\/\/expressometro.mx\/#\/schema\/logo\/image\/","url":"https:\/\/expressometro.mx\/wp-content\/uploads\/2019\/07\/cropped-Logo-Expresso-Metropolitano-1-1.jpeg","contentUrl":"https:\/\/expressometro.mx\/wp-content\/uploads\/2019\/07\/cropped-Logo-Expresso-Metropolitano-1-1.jpeg","width":290,"height":73,"caption":"Expresso Metropolitano"},"image":{"@id":"https:\/\/expressometro.mx\/#\/schema\/logo\/image\/"}},{"@type":"Person","@id":"https:\/\/expressometro.mx\/#\/schema\/person\/efa971b4a0664db8ed5c22b1b0dd2f5d","name":"Expresso Metropolitano","image":{"@type":"ImageObject","inLanguage":"es","@id":"https:\/\/secure.gravatar.com\/avatar\/a89f802b8de18c6952f223c88d3d106e9e3679839f4e25a02f4a6cc2ae6ba3b3?s=96&d=mm&r=g","url":"https:\/\/secure.gravatar.com\/avatar\/a89f802b8de18c6952f223c88d3d106e9e3679839f4e25a02f4a6cc2ae6ba3b3?s=96&d=mm&r=g","contentUrl":"https:\/\/secure.gravatar.com\/avatar\/a89f802b8de18c6952f223c88d3d106e9e3679839f4e25a02f4a6cc2ae6ba3b3?s=96&d=mm&r=g","caption":"Expresso Metropolitano"},"url":"https:\/\/expressometro.mx\/index.php\/author\/diego\/"}]}},"amp_enabled":true,"_links":{"self":[{"href":"https:\/\/expressometro.mx\/index.php\/wp-json\/wp\/v2\/posts\/10161","targetHints":{"allow":["GET"]}}],"collection":[{"href":"https:\/\/expressometro.mx\/index.php\/wp-json\/wp\/v2\/posts"}],"about":[{"href":"https:\/\/expressometro.mx\/index.php\/wp-json\/wp\/v2\/types\/post"}],"author":[{"embeddable":true,"href":"https:\/\/expressometro.mx\/index.php\/wp-json\/wp\/v2\/users\/1"}],"replies":[{"embeddable":true,"href":"https:\/\/expressometro.mx\/index.php\/wp-json\/wp\/v2\/comments?post=10161"}],"version-history":[{"count":1,"href":"https:\/\/expressometro.mx\/index.php\/wp-json\/wp\/v2\/posts\/10161\/revisions"}],"predecessor-version":[{"id":10164,"href":"https:\/\/expressometro.mx\/index.php\/wp-json\/wp\/v2\/posts\/10161\/revisions\/10164"}],"wp:featuredmedia":[{"embeddable":true,"href":"https:\/\/expressometro.mx\/index.php\/wp-json\/wp\/v2\/media\/10163"}],"wp:attachment":[{"href":"https:\/\/expressometro.mx\/index.php\/wp-json\/wp\/v2\/media?parent=10161"}],"wp:term":[{"taxonomy":"category","embeddable":true,"href":"https:\/\/expressometro.mx\/index.php\/wp-json\/wp\/v2\/categories?post=10161"},{"taxonomy":"post_tag","embeddable":true,"href":"https:\/\/expressometro.mx\/index.php\/wp-json\/wp\/v2\/tags?post=10161"}],"curies":[{"name":"wp","href":"https:\/\/api.w.org\/{rel}","templated":true}]}}