{"id":10143,"date":"2024-09-23T09:53:37","date_gmt":"2024-09-23T15:53:37","guid":{"rendered":"https:\/\/expressometro.mx\/?p=10143"},"modified":"2024-10-03T10:00:44","modified_gmt":"2024-10-03T16:00:44","slug":"uaemex-invitada-de-honor-en-la-15-feria-del-libro-de-las-ciencias-sociales-y-las-humanidades-de-el-colegio-mexiquense","status":"publish","type":"post","link":"https:\/\/expressometro.mx\/index.php\/2024\/09\/23\/uaemex-invitada-de-honor-en-la-15-feria-del-libro-de-las-ciencias-sociales-y-las-humanidades-de-el-colegio-mexiquense\/","title":{"rendered":"UAEM\u00e9x, INVITADA DE HONOR EN LA 15\u00b0 FERIA DEL LIBRO DE LAS CIENCIAS SOCIALES Y LAS HUMANIDADES DE EL COLEGIO MEXIQUENSE"},"content":{"rendered":"\n<p>* El rector de la UAEM\u00e9x, Carlos Eduardo Barrera D\u00edaz, asever\u00f3 que esta instituci\u00f3n participa con un stand especial del Fondo Editorial Universitario, la exposici\u00f3n de una obra pl\u00e1stica, la intervenci\u00f3n de dos ensambles musicales y el servicio del Potrob\u00fas como apoyo a su comunidad universitaria.<\/p>\n\n\n\n<p>* El presidente de El Colegio Mexiquense, Raymundo C\u00e9sar Mart\u00ednez Garc\u00eda, puntualiz\u00f3 que esta feria reunir\u00e1 m\u00e1s de 30 fondos editoriales que difundir\u00e1n m\u00e1s de mil t\u00edtulos, de los cuales, alrededor de un centenar estar\u00e1n disponibles gratuitamente para el p\u00fablico.<\/p>\n\n\n\n<p>En el marco del pr\u00f3ximo 38\u00b0 aniversario de El Colegio Mexiquense, la Universidad Aut\u00f3noma del Estado de M\u00e9xico (UAEM\u00e9x) participa como invitada de honor en la 15\u00b0 Feria del Libro de las Ciencias Sociales y las Humanidades, cuyo programa contempla actividades del 23 al 27 de septiembre.<\/p>\n\n\n\n<p>Acompa\u00f1ado del presidente de El Colegio Mexiquense, Raymundo C\u00e9sar Mart\u00ednez Garc\u00eda, el rector de la UAEM\u00e9x, Carlos Eduardo Barrera D\u00edaz, coment\u00f3 que esta feria es un espacio de encuentro entre autores, editores y lectores interesados e interesadas en la investigaci\u00f3n y la difusi\u00f3n de las ciencias sociales y las humanidades, pues son campos de conocimiento intr\u00ednsecamente conectados en la b\u00fasqueda compartida de la comprensi\u00f3n del mundo y el ser humano.<\/p>\n\n\n\n<figure class=\"wp-block-image size-large\"><img decoding=\"async\" width=\"720\" height=\"480\" src=\"https:\/\/expressometro.mx\/wp-content\/uploads\/2024\/10\/WhatsApp-Image-2024-10-03-at-9.58.15-AM-720x480.jpeg\" alt=\"\" class=\"wp-image-10146\" srcset=\"https:\/\/expressometro.mx\/wp-content\/uploads\/2024\/10\/WhatsApp-Image-2024-10-03-at-9.58.15-AM-720x480.jpeg 720w, https:\/\/expressometro.mx\/wp-content\/uploads\/2024\/10\/WhatsApp-Image-2024-10-03-at-9.58.15-AM-548x365.jpeg 548w, https:\/\/expressometro.mx\/wp-content\/uploads\/2024\/10\/WhatsApp-Image-2024-10-03-at-9.58.15-AM-768x512.jpeg 768w, https:\/\/expressometro.mx\/wp-content\/uploads\/2024\/10\/WhatsApp-Image-2024-10-03-at-9.58.15-AM.jpeg 800w\" sizes=\"(max-width: 720px) 100vw, 720px\" \/><\/figure>\n\n\n\n<p>En este sentido, Barrera D\u00edaz destac\u00f3 que, en este espacio, las y los lectores encontrar\u00e1n obras que despertar\u00e1n su curiosidad al acercarse a estas disciplinas, pues de esta manera se seguir\u00e1n explorando las conexiones que se establecen dentro de la comunidad acad\u00e9mica con la vida humana.<\/p>\n\n\n\n<p>Barrera D\u00edaz asever\u00f3 que, durante los cinco d\u00edas de actividades, la UAEM\u00e9x participar\u00e1 con un stand especial del Fondo Editorial Universitario, la exposici\u00f3n de la obra pl\u00e1stica \u201cCollage an\u00e1logo. De lo absurdo a lo parad\u00f3jico\u201d, del artista Orosm\u00e1n Moreno, la intervenci\u00f3n de dos ensambles musicales y el servicio del Potrob\u00fas, que servir\u00e1 como apoyo para que la comunidad acad\u00e9mica y universitaria asista de manera segura a la feria.<\/p>\n\n\n\n<p>En su intervenci\u00f3n, Mart\u00ednez Garc\u00eda puntualiz\u00f3 que con la finalidad de compartir el conocimiento y fomentar la lectura entre la sociedad, la 15\u00b0 Feria del Libro de las Ciencias Sociales y las Humanidades, que se llevar\u00e1 a cabo en la sede de El Colegio Mexiquense, en el municipio de Zinacantepec, reunir\u00e1 m\u00e1s de 30 fondos editoriales de colegios, universidades, centros p\u00fablicos de investigaci\u00f3n, instituciones gubernamentales y editoriales comerciales que difundir\u00e1n m\u00e1s de mil t\u00edtulos, de los cuales, alrededor de un centenar estar\u00e1n disponibles gratuitamente para el p\u00fablico.<\/p>\n\n\n\n<p>Asimismo, resalt\u00f3 que las actividades programadas para esta edici\u00f3n contemplan presentaciones, conferencias, talleres y espacios de di\u00e1logo entre las y los autores y especialistas invitados, refrendando el compromiso que tienen ambas instituciones de servir a la sociedad para la generaci\u00f3n de conocimiento \u00fatil y una constante divulgaci\u00f3n de la informaci\u00f3n generada desde diferentes disciplinas.<\/p>\n\n\n\n<p>Al acto inaugural asistieron la rectora de la Universidad Mexiquense de Seguridad, Leticia del Carmen Quintana Rold\u00e1n; el secretario general de El Colegio Mexiquense, Miguel Adolfo Guajardo Mendoza; la jefa de la Unidad de Fomento Editorial de El Colegio Mexiquense, Margarita V\u00e1zquez Castillo; ex presidentes de El Colegio Mexiquense; integrantes del Gabinete Universitario y del Colegio de Directores de la UAEM\u00e9x; invitados e invitadas de la instituci\u00f3n organizadora, as\u00ed como la comunidad verde y oro.<\/p>\n\n\n\n<p>El servicio de Potrob\u00fas brindado por la UAEM\u00e9x har\u00e1 dos recorridos por d\u00eda con salidas desde el Edificio de Rector\u00eda a las 9:00 y 15:00 horas y regresos desde El Colegio Mexiquense a las 14:00 y 18:00 horas.<\/p>\n","protected":false},"excerpt":{"rendered":"<p>El rector de la UAEM\u00e9x, Carlos Eduardo Barrera D\u00edaz, asever\u00f3 que esta instituci\u00f3n participa con un stand especial del Fondo Editorial Universitario, la exposici\u00f3n de una obra pl\u00e1stica, la intervenci\u00f3n de dos ensambles musicales y el servicio del Potrob\u00fas como apoyo a su comunidad universitaria.<\/p>\n","protected":false},"author":1,"featured_media":10145,"comment_status":"open","ping_status":"open","sticky":false,"template":"","format":"standard","meta":{"footnotes":""},"categories":[108,3,1],"tags":[313,1982,86,82],"class_list":["post-10143","post","type-post","status-publish","format-standard","has-post-thumbnail","hentry","category-educacion","category-gobierno","category-otros","tag-carlos-eduardo-barrera-diaz","tag-edomex","tag-gem","tag-uaemex"],"yoast_head":"<!-- This site is optimized with the Yoast SEO plugin v27.4 - https:\/\/yoast.com\/product\/yoast-seo-wordpress\/ -->\n<title>UAEM\u00e9x, INVITADA DE HONOR EN LA 15\u00b0 FERIA DEL LIBRO DE LAS CIENCIAS SOCIALES Y LAS HUMANIDADES DE EL COLEGIO MEXIQUENSE - Expresso Metropolitano<\/title>\n<meta name=\"robots\" content=\"index, follow, max-snippet:-1, max-image-preview:large, max-video-preview:-1\" \/>\n<link rel=\"canonical\" href=\"https:\/\/expressometro.mx\/index.php\/2024\/09\/23\/uaemex-invitada-de-honor-en-la-15-feria-del-libro-de-las-ciencias-sociales-y-las-humanidades-de-el-colegio-mexiquense\/\" \/>\n<meta property=\"og:locale\" content=\"es_MX\" \/>\n<meta property=\"og:type\" content=\"article\" \/>\n<meta property=\"og:title\" content=\"UAEM\u00e9x, INVITADA DE HONOR EN LA 15\u00b0 FERIA DEL LIBRO DE LAS CIENCIAS SOCIALES Y LAS HUMANIDADES DE EL COLEGIO MEXIQUENSE - Expresso Metropolitano\" \/>\n<meta property=\"og:description\" content=\"El rector de la UAEM\u00e9x, Carlos Eduardo Barrera D\u00edaz, asever\u00f3 que esta instituci\u00f3n participa con un stand especial del Fondo Editorial Universitario, la exposici\u00f3n de una obra pl\u00e1stica, la intervenci\u00f3n de dos ensambles musicales y el servicio del Potrob\u00fas como apoyo a su comunidad universitaria.\" \/>\n<meta property=\"og:url\" content=\"https:\/\/expressometro.mx\/index.php\/2024\/09\/23\/uaemex-invitada-de-honor-en-la-15-feria-del-libro-de-las-ciencias-sociales-y-las-humanidades-de-el-colegio-mexiquense\/\" \/>\n<meta property=\"og:site_name\" content=\"Expresso Metropolitano\" \/>\n<meta property=\"article:published_time\" content=\"2024-09-23T15:53:37+00:00\" \/>\n<meta property=\"article:modified_time\" content=\"2024-10-03T16:00:44+00:00\" \/>\n<meta property=\"og:image\" content=\"http:\/\/expressometro.mx\/wp-content\/uploads\/2024\/10\/WhatsApp-Image-2024-10-03-at-9.57.48-AM.jpeg\" \/>\n\t<meta property=\"og:image:width\" content=\"800\" \/>\n\t<meta property=\"og:image:height\" content=\"533\" \/>\n\t<meta property=\"og:image:type\" content=\"image\/jpeg\" \/>\n<meta name=\"author\" content=\"Expresso Metropolitano\" \/>\n<meta name=\"twitter:label1\" content=\"Escrito por\" \/>\n\t<meta name=\"twitter:data1\" content=\"Expresso Metropolitano\" \/>\n\t<meta name=\"twitter:label2\" content=\"Tiempo de lectura\" \/>\n\t<meta name=\"twitter:data2\" content=\"4 minutos\" \/>\n<script type=\"application\/ld+json\" class=\"yoast-schema-graph\">{\"@context\":\"https:\\\/\\\/schema.org\",\"@graph\":[{\"@type\":\"Article\",\"@id\":\"https:\\\/\\\/expressometro.mx\\\/index.php\\\/2024\\\/09\\\/23\\\/uaemex-invitada-de-honor-en-la-15-feria-del-libro-de-las-ciencias-sociales-y-las-humanidades-de-el-colegio-mexiquense\\\/#article\",\"isPartOf\":{\"@id\":\"https:\\\/\\\/expressometro.mx\\\/index.php\\\/2024\\\/09\\\/23\\\/uaemex-invitada-de-honor-en-la-15-feria-del-libro-de-las-ciencias-sociales-y-las-humanidades-de-el-colegio-mexiquense\\\/\"},\"author\":{\"name\":\"Expresso Metropolitano\",\"@id\":\"https:\\\/\\\/expressometro.mx\\\/#\\\/schema\\\/person\\\/efa971b4a0664db8ed5c22b1b0dd2f5d\"},\"headline\":\"UAEM\u00e9x, INVITADA DE HONOR EN LA 15\u00b0 FERIA DEL LIBRO DE LAS CIENCIAS SOCIALES Y LAS HUMANIDADES DE EL COLEGIO MEXIQUENSE\",\"datePublished\":\"2024-09-23T15:53:37+00:00\",\"dateModified\":\"2024-10-03T16:00:44+00:00\",\"mainEntityOfPage\":{\"@id\":\"https:\\\/\\\/expressometro.mx\\\/index.php\\\/2024\\\/09\\\/23\\\/uaemex-invitada-de-honor-en-la-15-feria-del-libro-de-las-ciencias-sociales-y-las-humanidades-de-el-colegio-mexiquense\\\/\"},\"wordCount\":650,\"commentCount\":0,\"publisher\":{\"@id\":\"https:\\\/\\\/expressometro.mx\\\/#organization\"},\"image\":{\"@id\":\"https:\\\/\\\/expressometro.mx\\\/index.php\\\/2024\\\/09\\\/23\\\/uaemex-invitada-de-honor-en-la-15-feria-del-libro-de-las-ciencias-sociales-y-las-humanidades-de-el-colegio-mexiquense\\\/#primaryimage\"},\"thumbnailUrl\":\"https:\\\/\\\/expressometro.mx\\\/wp-content\\\/uploads\\\/2024\\\/10\\\/WhatsApp-Image-2024-10-03-at-9.57.48-AM.jpeg\",\"keywords\":[\"Carlos Eduardo Barrera D\u00edaz\",\"Edomex\",\"GEM\",\"UAEMex\"],\"articleSection\":[\"Educaci\u00f3n\",\"Gobierno\",\"Otros\"],\"inLanguage\":\"es\",\"potentialAction\":[{\"@type\":\"CommentAction\",\"name\":\"Comment\",\"target\":[\"https:\\\/\\\/expressometro.mx\\\/index.php\\\/2024\\\/09\\\/23\\\/uaemex-invitada-de-honor-en-la-15-feria-del-libro-de-las-ciencias-sociales-y-las-humanidades-de-el-colegio-mexiquense\\\/#respond\"]}]},{\"@type\":\"WebPage\",\"@id\":\"https:\\\/\\\/expressometro.mx\\\/index.php\\\/2024\\\/09\\\/23\\\/uaemex-invitada-de-honor-en-la-15-feria-del-libro-de-las-ciencias-sociales-y-las-humanidades-de-el-colegio-mexiquense\\\/\",\"url\":\"https:\\\/\\\/expressometro.mx\\\/index.php\\\/2024\\\/09\\\/23\\\/uaemex-invitada-de-honor-en-la-15-feria-del-libro-de-las-ciencias-sociales-y-las-humanidades-de-el-colegio-mexiquense\\\/\",\"name\":\"UAEM\u00e9x, INVITADA DE HONOR EN LA 15\u00b0 FERIA DEL LIBRO DE LAS CIENCIAS SOCIALES Y LAS HUMANIDADES DE EL COLEGIO MEXIQUENSE - Expresso Metropolitano\",\"isPartOf\":{\"@id\":\"https:\\\/\\\/expressometro.mx\\\/#website\"},\"primaryImageOfPage\":{\"@id\":\"https:\\\/\\\/expressometro.mx\\\/index.php\\\/2024\\\/09\\\/23\\\/uaemex-invitada-de-honor-en-la-15-feria-del-libro-de-las-ciencias-sociales-y-las-humanidades-de-el-colegio-mexiquense\\\/#primaryimage\"},\"image\":{\"@id\":\"https:\\\/\\\/expressometro.mx\\\/index.php\\\/2024\\\/09\\\/23\\\/uaemex-invitada-de-honor-en-la-15-feria-del-libro-de-las-ciencias-sociales-y-las-humanidades-de-el-colegio-mexiquense\\\/#primaryimage\"},\"thumbnailUrl\":\"https:\\\/\\\/expressometro.mx\\\/wp-content\\\/uploads\\\/2024\\\/10\\\/WhatsApp-Image-2024-10-03-at-9.57.48-AM.jpeg\",\"datePublished\":\"2024-09-23T15:53:37+00:00\",\"dateModified\":\"2024-10-03T16:00:44+00:00\",\"breadcrumb\":{\"@id\":\"https:\\\/\\\/expressometro.mx\\\/index.php\\\/2024\\\/09\\\/23\\\/uaemex-invitada-de-honor-en-la-15-feria-del-libro-de-las-ciencias-sociales-y-las-humanidades-de-el-colegio-mexiquense\\\/#breadcrumb\"},\"inLanguage\":\"es\",\"potentialAction\":[{\"@type\":\"ReadAction\",\"target\":[\"https:\\\/\\\/expressometro.mx\\\/index.php\\\/2024\\\/09\\\/23\\\/uaemex-invitada-de-honor-en-la-15-feria-del-libro-de-las-ciencias-sociales-y-las-humanidades-de-el-colegio-mexiquense\\\/\"]}]},{\"@type\":\"ImageObject\",\"inLanguage\":\"es\",\"@id\":\"https:\\\/\\\/expressometro.mx\\\/index.php\\\/2024\\\/09\\\/23\\\/uaemex-invitada-de-honor-en-la-15-feria-del-libro-de-las-ciencias-sociales-y-las-humanidades-de-el-colegio-mexiquense\\\/#primaryimage\",\"url\":\"https:\\\/\\\/expressometro.mx\\\/wp-content\\\/uploads\\\/2024\\\/10\\\/WhatsApp-Image-2024-10-03-at-9.57.48-AM.jpeg\",\"contentUrl\":\"https:\\\/\\\/expressometro.mx\\\/wp-content\\\/uploads\\\/2024\\\/10\\\/WhatsApp-Image-2024-10-03-at-9.57.48-AM.jpeg\",\"width\":800,\"height\":533},{\"@type\":\"BreadcrumbList\",\"@id\":\"https:\\\/\\\/expressometro.mx\\\/index.php\\\/2024\\\/09\\\/23\\\/uaemex-invitada-de-honor-en-la-15-feria-del-libro-de-las-ciencias-sociales-y-las-humanidades-de-el-colegio-mexiquense\\\/#breadcrumb\",\"itemListElement\":[{\"@type\":\"ListItem\",\"position\":1,\"name\":\"Inicio\",\"item\":\"https:\\\/\\\/expressometro.mx\\\/\"},{\"@type\":\"ListItem\",\"position\":2,\"name\":\"UAEM\u00e9x, INVITADA DE HONOR EN LA 15\u00b0 FERIA DEL LIBRO DE LAS CIENCIAS SOCIALES Y LAS HUMANIDADES DE EL COLEGIO MEXIQUENSE\"}]},{\"@type\":\"WebSite\",\"@id\":\"https:\\\/\\\/expressometro.mx\\\/#website\",\"url\":\"https:\\\/\\\/expressometro.mx\\\/\",\"name\":\"Expresso Metropolitano\",\"description\":\"Periodismo comprometido, informaci\u00f3n, investigaci\u00f3n y an\u00e1lisis\",\"publisher\":{\"@id\":\"https:\\\/\\\/expressometro.mx\\\/#organization\"},\"potentialAction\":[{\"@type\":\"SearchAction\",\"target\":{\"@type\":\"EntryPoint\",\"urlTemplate\":\"https:\\\/\\\/expressometro.mx\\\/?s={search_term_string}\"},\"query-input\":{\"@type\":\"PropertyValueSpecification\",\"valueRequired\":true,\"valueName\":\"search_term_string\"}}],\"inLanguage\":\"es\"},{\"@type\":\"Organization\",\"@id\":\"https:\\\/\\\/expressometro.mx\\\/#organization\",\"name\":\"Expresso Metropolitano\",\"url\":\"https:\\\/\\\/expressometro.mx\\\/\",\"logo\":{\"@type\":\"ImageObject\",\"inLanguage\":\"es\",\"@id\":\"https:\\\/\\\/expressometro.mx\\\/#\\\/schema\\\/logo\\\/image\\\/\",\"url\":\"https:\\\/\\\/expressometro.mx\\\/wp-content\\\/uploads\\\/2019\\\/07\\\/cropped-Logo-Expresso-Metropolitano-1-1.jpeg\",\"contentUrl\":\"https:\\\/\\\/expressometro.mx\\\/wp-content\\\/uploads\\\/2019\\\/07\\\/cropped-Logo-Expresso-Metropolitano-1-1.jpeg\",\"width\":290,\"height\":73,\"caption\":\"Expresso Metropolitano\"},\"image\":{\"@id\":\"https:\\\/\\\/expressometro.mx\\\/#\\\/schema\\\/logo\\\/image\\\/\"}},{\"@type\":\"Person\",\"@id\":\"https:\\\/\\\/expressometro.mx\\\/#\\\/schema\\\/person\\\/efa971b4a0664db8ed5c22b1b0dd2f5d\",\"name\":\"Expresso Metropolitano\",\"image\":{\"@type\":\"ImageObject\",\"inLanguage\":\"es\",\"@id\":\"https:\\\/\\\/secure.gravatar.com\\\/avatar\\\/a89f802b8de18c6952f223c88d3d106e9e3679839f4e25a02f4a6cc2ae6ba3b3?s=96&d=mm&r=g\",\"url\":\"https:\\\/\\\/secure.gravatar.com\\\/avatar\\\/a89f802b8de18c6952f223c88d3d106e9e3679839f4e25a02f4a6cc2ae6ba3b3?s=96&d=mm&r=g\",\"contentUrl\":\"https:\\\/\\\/secure.gravatar.com\\\/avatar\\\/a89f802b8de18c6952f223c88d3d106e9e3679839f4e25a02f4a6cc2ae6ba3b3?s=96&d=mm&r=g\",\"caption\":\"Expresso Metropolitano\"},\"url\":\"https:\\\/\\\/expressometro.mx\\\/index.php\\\/author\\\/diego\\\/\"}]}<\/script>\n<!-- \/ Yoast SEO plugin. -->","yoast_head_json":{"title":"UAEM\u00e9x, INVITADA DE HONOR EN LA 15\u00b0 FERIA DEL LIBRO DE LAS CIENCIAS SOCIALES Y LAS HUMANIDADES DE EL COLEGIO MEXIQUENSE - Expresso Metropolitano","robots":{"index":"index","follow":"follow","max-snippet":"max-snippet:-1","max-image-preview":"max-image-preview:large","max-video-preview":"max-video-preview:-1"},"canonical":"https:\/\/expressometro.mx\/index.php\/2024\/09\/23\/uaemex-invitada-de-honor-en-la-15-feria-del-libro-de-las-ciencias-sociales-y-las-humanidades-de-el-colegio-mexiquense\/","og_locale":"es_MX","og_type":"article","og_title":"UAEM\u00e9x, INVITADA DE HONOR EN LA 15\u00b0 FERIA DEL LIBRO DE LAS CIENCIAS SOCIALES Y LAS HUMANIDADES DE EL COLEGIO MEXIQUENSE - Expresso Metropolitano","og_description":"El rector de la UAEM\u00e9x, Carlos Eduardo Barrera D\u00edaz, asever\u00f3 que esta instituci\u00f3n participa con un stand especial del Fondo Editorial Universitario, la exposici\u00f3n de una obra pl\u00e1stica, la intervenci\u00f3n de dos ensambles musicales y el servicio del Potrob\u00fas como apoyo a su comunidad universitaria.","og_url":"https:\/\/expressometro.mx\/index.php\/2024\/09\/23\/uaemex-invitada-de-honor-en-la-15-feria-del-libro-de-las-ciencias-sociales-y-las-humanidades-de-el-colegio-mexiquense\/","og_site_name":"Expresso Metropolitano","article_published_time":"2024-09-23T15:53:37+00:00","article_modified_time":"2024-10-03T16:00:44+00:00","og_image":[{"width":800,"height":533,"url":"http:\/\/expressometro.mx\/wp-content\/uploads\/2024\/10\/WhatsApp-Image-2024-10-03-at-9.57.48-AM.jpeg","type":"image\/jpeg"}],"author":"Expresso Metropolitano","twitter_misc":{"Escrito por":"Expresso Metropolitano","Tiempo de lectura":"4 minutos"},"schema":{"@context":"https:\/\/schema.org","@graph":[{"@type":"Article","@id":"https:\/\/expressometro.mx\/index.php\/2024\/09\/23\/uaemex-invitada-de-honor-en-la-15-feria-del-libro-de-las-ciencias-sociales-y-las-humanidades-de-el-colegio-mexiquense\/#article","isPartOf":{"@id":"https:\/\/expressometro.mx\/index.php\/2024\/09\/23\/uaemex-invitada-de-honor-en-la-15-feria-del-libro-de-las-ciencias-sociales-y-las-humanidades-de-el-colegio-mexiquense\/"},"author":{"name":"Expresso Metropolitano","@id":"https:\/\/expressometro.mx\/#\/schema\/person\/efa971b4a0664db8ed5c22b1b0dd2f5d"},"headline":"UAEM\u00e9x, INVITADA DE HONOR EN LA 15\u00b0 FERIA DEL LIBRO DE LAS CIENCIAS SOCIALES Y LAS HUMANIDADES DE EL COLEGIO MEXIQUENSE","datePublished":"2024-09-23T15:53:37+00:00","dateModified":"2024-10-03T16:00:44+00:00","mainEntityOfPage":{"@id":"https:\/\/expressometro.mx\/index.php\/2024\/09\/23\/uaemex-invitada-de-honor-en-la-15-feria-del-libro-de-las-ciencias-sociales-y-las-humanidades-de-el-colegio-mexiquense\/"},"wordCount":650,"commentCount":0,"publisher":{"@id":"https:\/\/expressometro.mx\/#organization"},"image":{"@id":"https:\/\/expressometro.mx\/index.php\/2024\/09\/23\/uaemex-invitada-de-honor-en-la-15-feria-del-libro-de-las-ciencias-sociales-y-las-humanidades-de-el-colegio-mexiquense\/#primaryimage"},"thumbnailUrl":"https:\/\/expressometro.mx\/wp-content\/uploads\/2024\/10\/WhatsApp-Image-2024-10-03-at-9.57.48-AM.jpeg","keywords":["Carlos Eduardo Barrera D\u00edaz","Edomex","GEM","UAEMex"],"articleSection":["Educaci\u00f3n","Gobierno","Otros"],"inLanguage":"es","potentialAction":[{"@type":"CommentAction","name":"Comment","target":["https:\/\/expressometro.mx\/index.php\/2024\/09\/23\/uaemex-invitada-de-honor-en-la-15-feria-del-libro-de-las-ciencias-sociales-y-las-humanidades-de-el-colegio-mexiquense\/#respond"]}]},{"@type":"WebPage","@id":"https:\/\/expressometro.mx\/index.php\/2024\/09\/23\/uaemex-invitada-de-honor-en-la-15-feria-del-libro-de-las-ciencias-sociales-y-las-humanidades-de-el-colegio-mexiquense\/","url":"https:\/\/expressometro.mx\/index.php\/2024\/09\/23\/uaemex-invitada-de-honor-en-la-15-feria-del-libro-de-las-ciencias-sociales-y-las-humanidades-de-el-colegio-mexiquense\/","name":"UAEM\u00e9x, INVITADA DE HONOR EN LA 15\u00b0 FERIA DEL LIBRO DE LAS CIENCIAS SOCIALES Y LAS HUMANIDADES DE EL COLEGIO MEXIQUENSE - Expresso Metropolitano","isPartOf":{"@id":"https:\/\/expressometro.mx\/#website"},"primaryImageOfPage":{"@id":"https:\/\/expressometro.mx\/index.php\/2024\/09\/23\/uaemex-invitada-de-honor-en-la-15-feria-del-libro-de-las-ciencias-sociales-y-las-humanidades-de-el-colegio-mexiquense\/#primaryimage"},"image":{"@id":"https:\/\/expressometro.mx\/index.php\/2024\/09\/23\/uaemex-invitada-de-honor-en-la-15-feria-del-libro-de-las-ciencias-sociales-y-las-humanidades-de-el-colegio-mexiquense\/#primaryimage"},"thumbnailUrl":"https:\/\/expressometro.mx\/wp-content\/uploads\/2024\/10\/WhatsApp-Image-2024-10-03-at-9.57.48-AM.jpeg","datePublished":"2024-09-23T15:53:37+00:00","dateModified":"2024-10-03T16:00:44+00:00","breadcrumb":{"@id":"https:\/\/expressometro.mx\/index.php\/2024\/09\/23\/uaemex-invitada-de-honor-en-la-15-feria-del-libro-de-las-ciencias-sociales-y-las-humanidades-de-el-colegio-mexiquense\/#breadcrumb"},"inLanguage":"es","potentialAction":[{"@type":"ReadAction","target":["https:\/\/expressometro.mx\/index.php\/2024\/09\/23\/uaemex-invitada-de-honor-en-la-15-feria-del-libro-de-las-ciencias-sociales-y-las-humanidades-de-el-colegio-mexiquense\/"]}]},{"@type":"ImageObject","inLanguage":"es","@id":"https:\/\/expressometro.mx\/index.php\/2024\/09\/23\/uaemex-invitada-de-honor-en-la-15-feria-del-libro-de-las-ciencias-sociales-y-las-humanidades-de-el-colegio-mexiquense\/#primaryimage","url":"https:\/\/expressometro.mx\/wp-content\/uploads\/2024\/10\/WhatsApp-Image-2024-10-03-at-9.57.48-AM.jpeg","contentUrl":"https:\/\/expressometro.mx\/wp-content\/uploads\/2024\/10\/WhatsApp-Image-2024-10-03-at-9.57.48-AM.jpeg","width":800,"height":533},{"@type":"BreadcrumbList","@id":"https:\/\/expressometro.mx\/index.php\/2024\/09\/23\/uaemex-invitada-de-honor-en-la-15-feria-del-libro-de-las-ciencias-sociales-y-las-humanidades-de-el-colegio-mexiquense\/#breadcrumb","itemListElement":[{"@type":"ListItem","position":1,"name":"Inicio","item":"https:\/\/expressometro.mx\/"},{"@type":"ListItem","position":2,"name":"UAEM\u00e9x, INVITADA DE HONOR EN LA 15\u00b0 FERIA DEL LIBRO DE LAS CIENCIAS SOCIALES Y LAS HUMANIDADES DE EL COLEGIO MEXIQUENSE"}]},{"@type":"WebSite","@id":"https:\/\/expressometro.mx\/#website","url":"https:\/\/expressometro.mx\/","name":"Expresso Metropolitano","description":"Periodismo comprometido, informaci\u00f3n, investigaci\u00f3n y an\u00e1lisis","publisher":{"@id":"https:\/\/expressometro.mx\/#organization"},"potentialAction":[{"@type":"SearchAction","target":{"@type":"EntryPoint","urlTemplate":"https:\/\/expressometro.mx\/?s={search_term_string}"},"query-input":{"@type":"PropertyValueSpecification","valueRequired":true,"valueName":"search_term_string"}}],"inLanguage":"es"},{"@type":"Organization","@id":"https:\/\/expressometro.mx\/#organization","name":"Expresso Metropolitano","url":"https:\/\/expressometro.mx\/","logo":{"@type":"ImageObject","inLanguage":"es","@id":"https:\/\/expressometro.mx\/#\/schema\/logo\/image\/","url":"https:\/\/expressometro.mx\/wp-content\/uploads\/2019\/07\/cropped-Logo-Expresso-Metropolitano-1-1.jpeg","contentUrl":"https:\/\/expressometro.mx\/wp-content\/uploads\/2019\/07\/cropped-Logo-Expresso-Metropolitano-1-1.jpeg","width":290,"height":73,"caption":"Expresso Metropolitano"},"image":{"@id":"https:\/\/expressometro.mx\/#\/schema\/logo\/image\/"}},{"@type":"Person","@id":"https:\/\/expressometro.mx\/#\/schema\/person\/efa971b4a0664db8ed5c22b1b0dd2f5d","name":"Expresso Metropolitano","image":{"@type":"ImageObject","inLanguage":"es","@id":"https:\/\/secure.gravatar.com\/avatar\/a89f802b8de18c6952f223c88d3d106e9e3679839f4e25a02f4a6cc2ae6ba3b3?s=96&d=mm&r=g","url":"https:\/\/secure.gravatar.com\/avatar\/a89f802b8de18c6952f223c88d3d106e9e3679839f4e25a02f4a6cc2ae6ba3b3?s=96&d=mm&r=g","contentUrl":"https:\/\/secure.gravatar.com\/avatar\/a89f802b8de18c6952f223c88d3d106e9e3679839f4e25a02f4a6cc2ae6ba3b3?s=96&d=mm&r=g","caption":"Expresso Metropolitano"},"url":"https:\/\/expressometro.mx\/index.php\/author\/diego\/"}]}},"amp_enabled":true,"_links":{"self":[{"href":"https:\/\/expressometro.mx\/index.php\/wp-json\/wp\/v2\/posts\/10143","targetHints":{"allow":["GET"]}}],"collection":[{"href":"https:\/\/expressometro.mx\/index.php\/wp-json\/wp\/v2\/posts"}],"about":[{"href":"https:\/\/expressometro.mx\/index.php\/wp-json\/wp\/v2\/types\/post"}],"author":[{"embeddable":true,"href":"https:\/\/expressometro.mx\/index.php\/wp-json\/wp\/v2\/users\/1"}],"replies":[{"embeddable":true,"href":"https:\/\/expressometro.mx\/index.php\/wp-json\/wp\/v2\/comments?post=10143"}],"version-history":[{"count":1,"href":"https:\/\/expressometro.mx\/index.php\/wp-json\/wp\/v2\/posts\/10143\/revisions"}],"predecessor-version":[{"id":10147,"href":"https:\/\/expressometro.mx\/index.php\/wp-json\/wp\/v2\/posts\/10143\/revisions\/10147"}],"wp:featuredmedia":[{"embeddable":true,"href":"https:\/\/expressometro.mx\/index.php\/wp-json\/wp\/v2\/media\/10145"}],"wp:attachment":[{"href":"https:\/\/expressometro.mx\/index.php\/wp-json\/wp\/v2\/media?parent=10143"}],"wp:term":[{"taxonomy":"category","embeddable":true,"href":"https:\/\/expressometro.mx\/index.php\/wp-json\/wp\/v2\/categories?post=10143"},{"taxonomy":"post_tag","embeddable":true,"href":"https:\/\/expressometro.mx\/index.php\/wp-json\/wp\/v2\/tags?post=10143"}],"curies":[{"name":"wp","href":"https:\/\/api.w.org\/{rel}","templated":true}]}}