{"id":1013,"date":"2019-10-28T15:12:57","date_gmt":"2019-10-28T21:12:57","guid":{"rendered":"http:\/\/expressometro.mx\/?p=1013"},"modified":"2019-10-29T15:14:17","modified_gmt":"2019-10-29T21:14:17","slug":"inicia-caem-obra-de-drenaje-sanitario-en-beneficio-de-mexiquenses-de-san-felipe-del-progreso","status":"publish","type":"post","link":"https:\/\/expressometro.mx\/index.php\/2019\/10\/28\/inicia-caem-obra-de-drenaje-sanitario-en-beneficio-de-mexiquenses-de-san-felipe-del-progreso\/","title":{"rendered":"INICIA CAEM OBRA DE DRENAJE SANITARIO EN BENEFICIO DE MEXIQUENSES DE SAN FELIPE DEL PROGRESO"},"content":{"rendered":"\n<p>&nbsp;Con el objetivo de mejorar la calidad de vida de los habitantes del municipio de San Felipe del Progreso, la Comisi\u00f3n del Agua del Estado de M\u00e9xico (CAEM), inici\u00f3 los trabajos del drenaje sanitario en el Barrio de Tepetitl\u00e1n, Emilio Portes Gil.<\/p>\n\n\n\n<p>Con una inversi\u00f3n bipartita de poco m\u00e1s de 9 millones de pesos, de los gobiernos federal y estatal, se construir\u00e1n m\u00e1s 5 mil metros lineales de tuber\u00eda, de entre 30 y 45 cent\u00edmetros, as\u00ed como pozos de visita, lo que permitir\u00e1 mayor eficiencia en el desalojo de aguas residuales de la comunidad para prevenir enfermedades en mil 32 habitantes.<\/p>\n\n\n\n<p>El encargado de la Vocal\u00eda Ejecutiva de la CAEM, Francisco N\u00fa\u00f1ez Escudero, y el Presidente municipal de San Felipe del Progreso, Alejandro Tenorio Esquivel, dieron el banderazo inicial de la obra.<\/p>\n\n\n\n<p>En su intervenci\u00f3n, N\u00fa\u00f1ez Escudero refiri\u00f3 que hay tres servicios b\u00e1sicos indispensables para una comunidad, el agua, la electricidad y el drenaje, lo que favorece el fortalecimiento de condiciones salubres y de oportunidades para las familias mexiquenses.<\/p>\n\n\n\n<p>Asimismo, la CAEM don\u00f3 80 metros de tuber\u00eda para la instalaci\u00f3n del drenaje sanitario en el Centro de Salud, Barrio Tepetitl\u00e1n, Emilio Portes Gil, de dicho municipio.<\/p>\n\n\n\n<p>En el evento, estuvieron presentes vecinos de la localidad, el cuerpo edilicio del Ayuntamiento de San Felipe del Progreso y funcionarios de la CAEM.<\/p>\n","protected":false},"excerpt":{"rendered":"<p>&nbsp;Con el objetivo de mejorar la calidad de vida de los habitantes del municipio de San Felipe del Progreso, la Comisi\u00f3n del Agua del Estado de M\u00e9xico (CAEM), inici\u00f3 los trabajos del drenaje sanitario en el Barrio de Tepetitl\u00e1n, Emilio Portes Gil. Con una inversi\u00f3n bipartita de poco m\u00e1s de 9 millones de pesos, de los gobiernos federal y estatal, se construir\u00e1n m\u00e1s 5 mil metros lineales de tuber\u00eda, de entre 30 y 45 cent\u00edmetros, as\u00ed como pozos de visita, lo que permitir\u00e1 mayor eficiencia en el desalojo de aguas&hellip;<\/p>\n","protected":false},"author":1,"featured_media":1014,"comment_status":"open","ping_status":"open","sticky":false,"template":"","format":"standard","meta":{"footnotes":""},"categories":[8,5],"tags":[],"class_list":["post-1013","post","type-post","status-publish","format-standard","has-post-thumbnail","hentry","category-medio-ambiente","category-salud"],"yoast_head":"<!-- This site is optimized with the Yoast SEO plugin v27.5 - https:\/\/yoast.com\/product\/yoast-seo-wordpress\/ -->\n<title>INICIA CAEM OBRA DE DRENAJE SANITARIO EN BENEFICIO DE MEXIQUENSES DE SAN FELIPE DEL PROGRESO - Expresso Metropolitano<\/title>\n<meta name=\"robots\" content=\"index, follow, max-snippet:-1, max-image-preview:large, max-video-preview:-1\" \/>\n<link rel=\"canonical\" href=\"https:\/\/expressometro.mx\/index.php\/2019\/10\/28\/inicia-caem-obra-de-drenaje-sanitario-en-beneficio-de-mexiquenses-de-san-felipe-del-progreso\/\" \/>\n<meta property=\"og:locale\" content=\"es_MX\" \/>\n<meta property=\"og:type\" content=\"article\" \/>\n<meta property=\"og:title\" content=\"INICIA CAEM OBRA DE DRENAJE SANITARIO EN BENEFICIO DE MEXIQUENSES DE SAN FELIPE DEL PROGRESO - Expresso Metropolitano\" \/>\n<meta property=\"og:description\" content=\"&nbsp;Con el objetivo de mejorar la calidad de vida de los habitantes del municipio de San Felipe del Progreso, la Comisi\u00f3n del Agua del Estado de M\u00e9xico (CAEM), inici\u00f3 los trabajos del drenaje sanitario en el Barrio de Tepetitl\u00e1n, Emilio Portes Gil. Con una inversi\u00f3n bipartita de poco m\u00e1s de 9 millones de pesos, de los gobiernos federal y estatal, se construir\u00e1n m\u00e1s 5 mil metros lineales de tuber\u00eda, de entre 30 y 45 cent\u00edmetros, as\u00ed como pozos de visita, lo que permitir\u00e1 mayor eficiencia en el desalojo de aguas&hellip;\" \/>\n<meta property=\"og:url\" content=\"https:\/\/expressometro.mx\/index.php\/2019\/10\/28\/inicia-caem-obra-de-drenaje-sanitario-en-beneficio-de-mexiquenses-de-san-felipe-del-progreso\/\" \/>\n<meta property=\"og:site_name\" content=\"Expresso Metropolitano\" \/>\n<meta property=\"article:published_time\" content=\"2019-10-28T21:12:57+00:00\" \/>\n<meta property=\"article:modified_time\" content=\"2019-10-29T21:14:17+00:00\" \/>\n<meta property=\"og:image\" content=\"https:\/\/expressometro.mx\/wp-content\/uploads\/2019\/10\/w2_10167_3.jpg\" \/>\n\t<meta property=\"og:image:width\" content=\"1920\" \/>\n\t<meta property=\"og:image:height\" content=\"1080\" \/>\n\t<meta property=\"og:image:type\" content=\"image\/jpeg\" \/>\n<meta name=\"author\" content=\"Expresso Metropolitano\" \/>\n<meta name=\"twitter:label1\" content=\"Escrito por\" \/>\n\t<meta name=\"twitter:data1\" content=\"Expresso Metropolitano\" \/>\n\t<meta name=\"twitter:label2\" content=\"Tiempo de lectura\" \/>\n\t<meta name=\"twitter:data2\" content=\"1 minuto\" \/>\n<script type=\"application\/ld+json\" class=\"yoast-schema-graph\">{\"@context\":\"https:\\\/\\\/schema.org\",\"@graph\":[{\"@type\":\"Article\",\"@id\":\"https:\\\/\\\/expressometro.mx\\\/index.php\\\/2019\\\/10\\\/28\\\/inicia-caem-obra-de-drenaje-sanitario-en-beneficio-de-mexiquenses-de-san-felipe-del-progreso\\\/#article\",\"isPartOf\":{\"@id\":\"https:\\\/\\\/expressometro.mx\\\/index.php\\\/2019\\\/10\\\/28\\\/inicia-caem-obra-de-drenaje-sanitario-en-beneficio-de-mexiquenses-de-san-felipe-del-progreso\\\/\"},\"author\":{\"name\":\"Expresso Metropolitano\",\"@id\":\"https:\\\/\\\/expressometro.mx\\\/#\\\/schema\\\/person\\\/efa971b4a0664db8ed5c22b1b0dd2f5d\"},\"headline\":\"INICIA CAEM OBRA DE DRENAJE SANITARIO EN BENEFICIO DE MEXIQUENSES DE SAN FELIPE DEL PROGRESO\",\"datePublished\":\"2019-10-28T21:12:57+00:00\",\"dateModified\":\"2019-10-29T21:14:17+00:00\",\"mainEntityOfPage\":{\"@id\":\"https:\\\/\\\/expressometro.mx\\\/index.php\\\/2019\\\/10\\\/28\\\/inicia-caem-obra-de-drenaje-sanitario-en-beneficio-de-mexiquenses-de-san-felipe-del-progreso\\\/\"},\"wordCount\":247,\"commentCount\":0,\"publisher\":{\"@id\":\"https:\\\/\\\/expressometro.mx\\\/#organization\"},\"image\":{\"@id\":\"https:\\\/\\\/expressometro.mx\\\/index.php\\\/2019\\\/10\\\/28\\\/inicia-caem-obra-de-drenaje-sanitario-en-beneficio-de-mexiquenses-de-san-felipe-del-progreso\\\/#primaryimage\"},\"thumbnailUrl\":\"https:\\\/\\\/expressometro.mx\\\/wp-content\\\/uploads\\\/2019\\\/10\\\/w2_10167_3.jpg\",\"articleSection\":[\"Medio ambiente\",\"Salud\"],\"inLanguage\":\"es\",\"potentialAction\":[{\"@type\":\"CommentAction\",\"name\":\"Comment\",\"target\":[\"https:\\\/\\\/expressometro.mx\\\/index.php\\\/2019\\\/10\\\/28\\\/inicia-caem-obra-de-drenaje-sanitario-en-beneficio-de-mexiquenses-de-san-felipe-del-progreso\\\/#respond\"]}]},{\"@type\":\"WebPage\",\"@id\":\"https:\\\/\\\/expressometro.mx\\\/index.php\\\/2019\\\/10\\\/28\\\/inicia-caem-obra-de-drenaje-sanitario-en-beneficio-de-mexiquenses-de-san-felipe-del-progreso\\\/\",\"url\":\"https:\\\/\\\/expressometro.mx\\\/index.php\\\/2019\\\/10\\\/28\\\/inicia-caem-obra-de-drenaje-sanitario-en-beneficio-de-mexiquenses-de-san-felipe-del-progreso\\\/\",\"name\":\"INICIA CAEM OBRA DE DRENAJE SANITARIO EN BENEFICIO DE MEXIQUENSES DE SAN FELIPE DEL PROGRESO - Expresso Metropolitano\",\"isPartOf\":{\"@id\":\"https:\\\/\\\/expressometro.mx\\\/#website\"},\"primaryImageOfPage\":{\"@id\":\"https:\\\/\\\/expressometro.mx\\\/index.php\\\/2019\\\/10\\\/28\\\/inicia-caem-obra-de-drenaje-sanitario-en-beneficio-de-mexiquenses-de-san-felipe-del-progreso\\\/#primaryimage\"},\"image\":{\"@id\":\"https:\\\/\\\/expressometro.mx\\\/index.php\\\/2019\\\/10\\\/28\\\/inicia-caem-obra-de-drenaje-sanitario-en-beneficio-de-mexiquenses-de-san-felipe-del-progreso\\\/#primaryimage\"},\"thumbnailUrl\":\"https:\\\/\\\/expressometro.mx\\\/wp-content\\\/uploads\\\/2019\\\/10\\\/w2_10167_3.jpg\",\"datePublished\":\"2019-10-28T21:12:57+00:00\",\"dateModified\":\"2019-10-29T21:14:17+00:00\",\"breadcrumb\":{\"@id\":\"https:\\\/\\\/expressometro.mx\\\/index.php\\\/2019\\\/10\\\/28\\\/inicia-caem-obra-de-drenaje-sanitario-en-beneficio-de-mexiquenses-de-san-felipe-del-progreso\\\/#breadcrumb\"},\"inLanguage\":\"es\",\"potentialAction\":[{\"@type\":\"ReadAction\",\"target\":[\"https:\\\/\\\/expressometro.mx\\\/index.php\\\/2019\\\/10\\\/28\\\/inicia-caem-obra-de-drenaje-sanitario-en-beneficio-de-mexiquenses-de-san-felipe-del-progreso\\\/\"]}]},{\"@type\":\"ImageObject\",\"inLanguage\":\"es\",\"@id\":\"https:\\\/\\\/expressometro.mx\\\/index.php\\\/2019\\\/10\\\/28\\\/inicia-caem-obra-de-drenaje-sanitario-en-beneficio-de-mexiquenses-de-san-felipe-del-progreso\\\/#primaryimage\",\"url\":\"https:\\\/\\\/expressometro.mx\\\/wp-content\\\/uploads\\\/2019\\\/10\\\/w2_10167_3.jpg\",\"contentUrl\":\"https:\\\/\\\/expressometro.mx\\\/wp-content\\\/uploads\\\/2019\\\/10\\\/w2_10167_3.jpg\",\"width\":1920,\"height\":1080},{\"@type\":\"BreadcrumbList\",\"@id\":\"https:\\\/\\\/expressometro.mx\\\/index.php\\\/2019\\\/10\\\/28\\\/inicia-caem-obra-de-drenaje-sanitario-en-beneficio-de-mexiquenses-de-san-felipe-del-progreso\\\/#breadcrumb\",\"itemListElement\":[{\"@type\":\"ListItem\",\"position\":1,\"name\":\"Inicio\",\"item\":\"https:\\\/\\\/expressometro.mx\\\/\"},{\"@type\":\"ListItem\",\"position\":2,\"name\":\"INICIA CAEM OBRA DE DRENAJE SANITARIO EN BENEFICIO DE MEXIQUENSES DE SAN FELIPE DEL PROGRESO\"}]},{\"@type\":\"WebSite\",\"@id\":\"https:\\\/\\\/expressometro.mx\\\/#website\",\"url\":\"https:\\\/\\\/expressometro.mx\\\/\",\"name\":\"Expresso Metropolitano\",\"description\":\"Periodismo comprometido, informaci\u00f3n, investigaci\u00f3n y an\u00e1lisis\",\"publisher\":{\"@id\":\"https:\\\/\\\/expressometro.mx\\\/#organization\"},\"potentialAction\":[{\"@type\":\"SearchAction\",\"target\":{\"@type\":\"EntryPoint\",\"urlTemplate\":\"https:\\\/\\\/expressometro.mx\\\/?s={search_term_string}\"},\"query-input\":{\"@type\":\"PropertyValueSpecification\",\"valueRequired\":true,\"valueName\":\"search_term_string\"}}],\"inLanguage\":\"es\"},{\"@type\":\"Organization\",\"@id\":\"https:\\\/\\\/expressometro.mx\\\/#organization\",\"name\":\"Expresso Metropolitano\",\"url\":\"https:\\\/\\\/expressometro.mx\\\/\",\"logo\":{\"@type\":\"ImageObject\",\"inLanguage\":\"es\",\"@id\":\"https:\\\/\\\/expressometro.mx\\\/#\\\/schema\\\/logo\\\/image\\\/\",\"url\":\"https:\\\/\\\/expressometro.mx\\\/wp-content\\\/uploads\\\/2019\\\/07\\\/cropped-Logo-Expresso-Metropolitano-1-1.jpeg\",\"contentUrl\":\"https:\\\/\\\/expressometro.mx\\\/wp-content\\\/uploads\\\/2019\\\/07\\\/cropped-Logo-Expresso-Metropolitano-1-1.jpeg\",\"width\":290,\"height\":73,\"caption\":\"Expresso Metropolitano\"},\"image\":{\"@id\":\"https:\\\/\\\/expressometro.mx\\\/#\\\/schema\\\/logo\\\/image\\\/\"}},{\"@type\":\"Person\",\"@id\":\"https:\\\/\\\/expressometro.mx\\\/#\\\/schema\\\/person\\\/efa971b4a0664db8ed5c22b1b0dd2f5d\",\"name\":\"Expresso Metropolitano\",\"image\":{\"@type\":\"ImageObject\",\"inLanguage\":\"es\",\"@id\":\"https:\\\/\\\/secure.gravatar.com\\\/avatar\\\/a89f802b8de18c6952f223c88d3d106e9e3679839f4e25a02f4a6cc2ae6ba3b3?s=96&d=mm&r=g\",\"url\":\"https:\\\/\\\/secure.gravatar.com\\\/avatar\\\/a89f802b8de18c6952f223c88d3d106e9e3679839f4e25a02f4a6cc2ae6ba3b3?s=96&d=mm&r=g\",\"contentUrl\":\"https:\\\/\\\/secure.gravatar.com\\\/avatar\\\/a89f802b8de18c6952f223c88d3d106e9e3679839f4e25a02f4a6cc2ae6ba3b3?s=96&d=mm&r=g\",\"caption\":\"Expresso Metropolitano\"},\"url\":\"https:\\\/\\\/expressometro.mx\\\/index.php\\\/author\\\/diego\\\/\"}]}<\/script>\n<!-- \/ Yoast SEO plugin. -->","yoast_head_json":{"title":"INICIA CAEM OBRA DE DRENAJE SANITARIO EN BENEFICIO DE MEXIQUENSES DE SAN FELIPE DEL PROGRESO - Expresso Metropolitano","robots":{"index":"index","follow":"follow","max-snippet":"max-snippet:-1","max-image-preview":"max-image-preview:large","max-video-preview":"max-video-preview:-1"},"canonical":"https:\/\/expressometro.mx\/index.php\/2019\/10\/28\/inicia-caem-obra-de-drenaje-sanitario-en-beneficio-de-mexiquenses-de-san-felipe-del-progreso\/","og_locale":"es_MX","og_type":"article","og_title":"INICIA CAEM OBRA DE DRENAJE SANITARIO EN BENEFICIO DE MEXIQUENSES DE SAN FELIPE DEL PROGRESO - Expresso Metropolitano","og_description":"&nbsp;Con el objetivo de mejorar la calidad de vida de los habitantes del municipio de San Felipe del Progreso, la Comisi\u00f3n del Agua del Estado de M\u00e9xico (CAEM), inici\u00f3 los trabajos del drenaje sanitario en el Barrio de Tepetitl\u00e1n, Emilio Portes Gil. Con una inversi\u00f3n bipartita de poco m\u00e1s de 9 millones de pesos, de los gobiernos federal y estatal, se construir\u00e1n m\u00e1s 5 mil metros lineales de tuber\u00eda, de entre 30 y 45 cent\u00edmetros, as\u00ed como pozos de visita, lo que permitir\u00e1 mayor eficiencia en el desalojo de aguas&hellip;","og_url":"https:\/\/expressometro.mx\/index.php\/2019\/10\/28\/inicia-caem-obra-de-drenaje-sanitario-en-beneficio-de-mexiquenses-de-san-felipe-del-progreso\/","og_site_name":"Expresso Metropolitano","article_published_time":"2019-10-28T21:12:57+00:00","article_modified_time":"2019-10-29T21:14:17+00:00","og_image":[{"width":1920,"height":1080,"url":"https:\/\/expressometro.mx\/wp-content\/uploads\/2019\/10\/w2_10167_3.jpg","type":"image\/jpeg"}],"author":"Expresso Metropolitano","twitter_misc":{"Escrito por":"Expresso Metropolitano","Tiempo de lectura":"1 minuto"},"schema":{"@context":"https:\/\/schema.org","@graph":[{"@type":"Article","@id":"https:\/\/expressometro.mx\/index.php\/2019\/10\/28\/inicia-caem-obra-de-drenaje-sanitario-en-beneficio-de-mexiquenses-de-san-felipe-del-progreso\/#article","isPartOf":{"@id":"https:\/\/expressometro.mx\/index.php\/2019\/10\/28\/inicia-caem-obra-de-drenaje-sanitario-en-beneficio-de-mexiquenses-de-san-felipe-del-progreso\/"},"author":{"name":"Expresso Metropolitano","@id":"https:\/\/expressometro.mx\/#\/schema\/person\/efa971b4a0664db8ed5c22b1b0dd2f5d"},"headline":"INICIA CAEM OBRA DE DRENAJE SANITARIO EN BENEFICIO DE MEXIQUENSES DE SAN FELIPE DEL PROGRESO","datePublished":"2019-10-28T21:12:57+00:00","dateModified":"2019-10-29T21:14:17+00:00","mainEntityOfPage":{"@id":"https:\/\/expressometro.mx\/index.php\/2019\/10\/28\/inicia-caem-obra-de-drenaje-sanitario-en-beneficio-de-mexiquenses-de-san-felipe-del-progreso\/"},"wordCount":247,"commentCount":0,"publisher":{"@id":"https:\/\/expressometro.mx\/#organization"},"image":{"@id":"https:\/\/expressometro.mx\/index.php\/2019\/10\/28\/inicia-caem-obra-de-drenaje-sanitario-en-beneficio-de-mexiquenses-de-san-felipe-del-progreso\/#primaryimage"},"thumbnailUrl":"https:\/\/expressometro.mx\/wp-content\/uploads\/2019\/10\/w2_10167_3.jpg","articleSection":["Medio ambiente","Salud"],"inLanguage":"es","potentialAction":[{"@type":"CommentAction","name":"Comment","target":["https:\/\/expressometro.mx\/index.php\/2019\/10\/28\/inicia-caem-obra-de-drenaje-sanitario-en-beneficio-de-mexiquenses-de-san-felipe-del-progreso\/#respond"]}]},{"@type":"WebPage","@id":"https:\/\/expressometro.mx\/index.php\/2019\/10\/28\/inicia-caem-obra-de-drenaje-sanitario-en-beneficio-de-mexiquenses-de-san-felipe-del-progreso\/","url":"https:\/\/expressometro.mx\/index.php\/2019\/10\/28\/inicia-caem-obra-de-drenaje-sanitario-en-beneficio-de-mexiquenses-de-san-felipe-del-progreso\/","name":"INICIA CAEM OBRA DE DRENAJE SANITARIO EN BENEFICIO DE MEXIQUENSES DE SAN FELIPE DEL PROGRESO - Expresso Metropolitano","isPartOf":{"@id":"https:\/\/expressometro.mx\/#website"},"primaryImageOfPage":{"@id":"https:\/\/expressometro.mx\/index.php\/2019\/10\/28\/inicia-caem-obra-de-drenaje-sanitario-en-beneficio-de-mexiquenses-de-san-felipe-del-progreso\/#primaryimage"},"image":{"@id":"https:\/\/expressometro.mx\/index.php\/2019\/10\/28\/inicia-caem-obra-de-drenaje-sanitario-en-beneficio-de-mexiquenses-de-san-felipe-del-progreso\/#primaryimage"},"thumbnailUrl":"https:\/\/expressometro.mx\/wp-content\/uploads\/2019\/10\/w2_10167_3.jpg","datePublished":"2019-10-28T21:12:57+00:00","dateModified":"2019-10-29T21:14:17+00:00","breadcrumb":{"@id":"https:\/\/expressometro.mx\/index.php\/2019\/10\/28\/inicia-caem-obra-de-drenaje-sanitario-en-beneficio-de-mexiquenses-de-san-felipe-del-progreso\/#breadcrumb"},"inLanguage":"es","potentialAction":[{"@type":"ReadAction","target":["https:\/\/expressometro.mx\/index.php\/2019\/10\/28\/inicia-caem-obra-de-drenaje-sanitario-en-beneficio-de-mexiquenses-de-san-felipe-del-progreso\/"]}]},{"@type":"ImageObject","inLanguage":"es","@id":"https:\/\/expressometro.mx\/index.php\/2019\/10\/28\/inicia-caem-obra-de-drenaje-sanitario-en-beneficio-de-mexiquenses-de-san-felipe-del-progreso\/#primaryimage","url":"https:\/\/expressometro.mx\/wp-content\/uploads\/2019\/10\/w2_10167_3.jpg","contentUrl":"https:\/\/expressometro.mx\/wp-content\/uploads\/2019\/10\/w2_10167_3.jpg","width":1920,"height":1080},{"@type":"BreadcrumbList","@id":"https:\/\/expressometro.mx\/index.php\/2019\/10\/28\/inicia-caem-obra-de-drenaje-sanitario-en-beneficio-de-mexiquenses-de-san-felipe-del-progreso\/#breadcrumb","itemListElement":[{"@type":"ListItem","position":1,"name":"Inicio","item":"https:\/\/expressometro.mx\/"},{"@type":"ListItem","position":2,"name":"INICIA CAEM OBRA DE DRENAJE SANITARIO EN BENEFICIO DE MEXIQUENSES DE SAN FELIPE DEL PROGRESO"}]},{"@type":"WebSite","@id":"https:\/\/expressometro.mx\/#website","url":"https:\/\/expressometro.mx\/","name":"Expresso Metropolitano","description":"Periodismo comprometido, informaci\u00f3n, investigaci\u00f3n y an\u00e1lisis","publisher":{"@id":"https:\/\/expressometro.mx\/#organization"},"potentialAction":[{"@type":"SearchAction","target":{"@type":"EntryPoint","urlTemplate":"https:\/\/expressometro.mx\/?s={search_term_string}"},"query-input":{"@type":"PropertyValueSpecification","valueRequired":true,"valueName":"search_term_string"}}],"inLanguage":"es"},{"@type":"Organization","@id":"https:\/\/expressometro.mx\/#organization","name":"Expresso Metropolitano","url":"https:\/\/expressometro.mx\/","logo":{"@type":"ImageObject","inLanguage":"es","@id":"https:\/\/expressometro.mx\/#\/schema\/logo\/image\/","url":"https:\/\/expressometro.mx\/wp-content\/uploads\/2019\/07\/cropped-Logo-Expresso-Metropolitano-1-1.jpeg","contentUrl":"https:\/\/expressometro.mx\/wp-content\/uploads\/2019\/07\/cropped-Logo-Expresso-Metropolitano-1-1.jpeg","width":290,"height":73,"caption":"Expresso Metropolitano"},"image":{"@id":"https:\/\/expressometro.mx\/#\/schema\/logo\/image\/"}},{"@type":"Person","@id":"https:\/\/expressometro.mx\/#\/schema\/person\/efa971b4a0664db8ed5c22b1b0dd2f5d","name":"Expresso Metropolitano","image":{"@type":"ImageObject","inLanguage":"es","@id":"https:\/\/secure.gravatar.com\/avatar\/a89f802b8de18c6952f223c88d3d106e9e3679839f4e25a02f4a6cc2ae6ba3b3?s=96&d=mm&r=g","url":"https:\/\/secure.gravatar.com\/avatar\/a89f802b8de18c6952f223c88d3d106e9e3679839f4e25a02f4a6cc2ae6ba3b3?s=96&d=mm&r=g","contentUrl":"https:\/\/secure.gravatar.com\/avatar\/a89f802b8de18c6952f223c88d3d106e9e3679839f4e25a02f4a6cc2ae6ba3b3?s=96&d=mm&r=g","caption":"Expresso Metropolitano"},"url":"https:\/\/expressometro.mx\/index.php\/author\/diego\/"}]}},"amp_enabled":true,"_links":{"self":[{"href":"https:\/\/expressometro.mx\/index.php\/wp-json\/wp\/v2\/posts\/1013","targetHints":{"allow":["GET"]}}],"collection":[{"href":"https:\/\/expressometro.mx\/index.php\/wp-json\/wp\/v2\/posts"}],"about":[{"href":"https:\/\/expressometro.mx\/index.php\/wp-json\/wp\/v2\/types\/post"}],"author":[{"embeddable":true,"href":"https:\/\/expressometro.mx\/index.php\/wp-json\/wp\/v2\/users\/1"}],"replies":[{"embeddable":true,"href":"https:\/\/expressometro.mx\/index.php\/wp-json\/wp\/v2\/comments?post=1013"}],"version-history":[{"count":1,"href":"https:\/\/expressometro.mx\/index.php\/wp-json\/wp\/v2\/posts\/1013\/revisions"}],"predecessor-version":[{"id":1015,"href":"https:\/\/expressometro.mx\/index.php\/wp-json\/wp\/v2\/posts\/1013\/revisions\/1015"}],"wp:featuredmedia":[{"embeddable":true,"href":"https:\/\/expressometro.mx\/index.php\/wp-json\/wp\/v2\/media\/1014"}],"wp:attachment":[{"href":"https:\/\/expressometro.mx\/index.php\/wp-json\/wp\/v2\/media?parent=1013"}],"wp:term":[{"taxonomy":"category","embeddable":true,"href":"https:\/\/expressometro.mx\/index.php\/wp-json\/wp\/v2\/categories?post=1013"},{"taxonomy":"post_tag","embeddable":true,"href":"https:\/\/expressometro.mx\/index.php\/wp-json\/wp\/v2\/tags?post=1013"}],"curies":[{"name":"wp","href":"https:\/\/api.w.org\/{rel}","templated":true}]}}