{"id":10120,"date":"2024-09-16T08:51:33","date_gmt":"2024-09-16T14:51:33","guid":{"rendered":"https:\/\/expressometro.mx\/?p=10120"},"modified":"2024-10-03T09:00:42","modified_gmt":"2024-10-03T15:00:42","slug":"uaemex-fiel-promotora-de-valores-civicos-y-patrioticos-entre-su-comunidad-universitaria","status":"publish","type":"post","link":"https:\/\/expressometro.mx\/index.php\/2024\/09\/16\/uaemex-fiel-promotora-de-valores-civicos-y-patrioticos-entre-su-comunidad-universitaria\/","title":{"rendered":"UAEM\u00e9x, FIEL PROMOTORA DE VALORES C\u00cdVICOS Y PATRI\u00d3TICOS ENTRE SU COMUNIDAD UNIVERSITARIA"},"content":{"rendered":"\n<p>* El rector de la UAEM\u00e9x, Carlos Eduardo Barrera D\u00edaz encabez\u00f3 la ceremonia de Abanderamiento y Entrega de Grados al Contingente C\u00edvico y Deportivo Universitario.<\/p>\n\n\n\n<p>* Barrera D\u00edaz entreg\u00f3 17 grados, de los cuales, cuatro integrantes del Contingente recibieron el cargo de subteniente, dos de instructor, cuatro de sargento primero, dos de sargento segundo y cinco de cabo.<\/p>\n\n\n\n<p>El rector de la Universidad Aut\u00f3noma del Estado de M\u00e9xico (UAEM\u00e9x), Carlos Eduardo Barrera D\u00edaz encabez\u00f3 la ceremonia de Abanderamiento y Entrega de Grados al Contingente C\u00edvico y Deportivo Universitario en el Patio del Centenario del Edificio de Rector\u00eda.<\/p>\n\n\n\n<p>Barrera D\u00edaz entreg\u00f3 al Contingente que participar\u00e1 en el desfile c\u00edvico militar conmemorativo al 214\u00b0 aniversario del inicio de la Independencia de M\u00e9xico, la bandera Nacional, la bandera institucional y el bander\u00edn a la escolta e integrantes de este conjunto.<\/p>\n\n\n\n<figure class=\"wp-block-image size-large\"><img decoding=\"async\" width=\"720\" height=\"480\" src=\"https:\/\/expressometro.mx\/wp-content\/uploads\/2024\/10\/WhatsApp-Image-2024-10-03-at-8.52.33-AM-720x480.jpeg\" alt=\"\" class=\"wp-image-10123\" srcset=\"https:\/\/expressometro.mx\/wp-content\/uploads\/2024\/10\/WhatsApp-Image-2024-10-03-at-8.52.33-AM-720x480.jpeg 720w, https:\/\/expressometro.mx\/wp-content\/uploads\/2024\/10\/WhatsApp-Image-2024-10-03-at-8.52.33-AM-548x365.jpeg 548w, https:\/\/expressometro.mx\/wp-content\/uploads\/2024\/10\/WhatsApp-Image-2024-10-03-at-8.52.33-AM-768x512.jpeg 768w, https:\/\/expressometro.mx\/wp-content\/uploads\/2024\/10\/WhatsApp-Image-2024-10-03-at-8.52.33-AM.jpeg 800w\" sizes=\"(max-width: 720px) 100vw, 720px\" \/><\/figure>\n\n\n\n<p>\u201cLos exhort\u00f3 a respetar y enaltecer con honor los s\u00edmbolos patrios y universitarios de esta instituci\u00f3n verde y oro, representarlos dignamente ser\u00e1 su tarea como integrantes de la comunidad universitaria, contamos con ustedes para continuar haciendo historia y seguir forjando la grandeza de M\u00e9xico\u201d, puntualiz\u00f3 Barrera D\u00edaz.<\/p>\n\n\n\n<p>Asimismo, hizo entrega de 17 grados, de los cuales, cuatro integrantes del Contingente recibieron el cargo de subteniente, dos de instructor, cuatro de sargento primero, dos de sargento segundo y cinco de cabo.<\/p>\n\n\n\n<p>Frente a integrantes del Gabinete Universitario y del Colegio de Directores, el secretario de Rector\u00eda, Marco Aurelio Cienfuegos Terr\u00f3n destac\u00f3 que la UAEM\u00e9x, como m\u00e1ximo centro del saber mexiquense, es fiel promotora de los valores c\u00edvicos y patri\u00f3ticos, por lo cual ha cultivado entre su comunidad un esp\u00edritu inquebrantable de lucha, con la convicci\u00f3n de que la reflexi\u00f3n cr\u00edtica y propuestas constructivas han impulsado las m\u00e1s grandes transformaciones en el pa\u00eds.<\/p>\n\n\n\n<p>En este sentido, resalt\u00f3 que, en el marco de las celebraciones de la independencia mexicana, es necesario recordar los sacrificios individuales y colectivos del pueblo, as\u00ed como apreciar el valor de la libertad, por lo que la UAEM\u00e9x le conf\u00eda a este contingente la gran responsabilidad de representar sus principios y autonom\u00eda de manera digna.<\/p>\n\n\n\n<p>\u201cSu desempe\u00f1o les ha merecido esta oportunidad de mostrar a las y los mexiquenses que en la M\u00e1xima Casa de Estudios mexiquense existe amor por la patria, respeto a los s\u00edmbolos patrios y honor hacia los pr\u00f3ceres que nos heredaron esta naci\u00f3n\u201d, puntualiz\u00f3.<\/p>\n","protected":false},"excerpt":{"rendered":"<p>El rector de la UAEM\u00e9x, Carlos Eduardo Barrera D\u00edaz encabez\u00f3 la ceremonia de Abanderamiento y Entrega de Grados al Contingente C\u00edvico y Deportivo Universitario.<\/p>\n","protected":false},"author":1,"featured_media":10122,"comment_status":"open","ping_status":"open","sticky":false,"template":"","format":"standard","meta":{"footnotes":""},"categories":[108,3,1],"tags":[313,1982,86,82],"class_list":["post-10120","post","type-post","status-publish","format-standard","has-post-thumbnail","hentry","category-educacion","category-gobierno","category-otros","tag-carlos-eduardo-barrera-diaz","tag-edomex","tag-gem","tag-uaemex"],"yoast_head":"<!-- This site is optimized with the Yoast SEO plugin v27.4 - https:\/\/yoast.com\/product\/yoast-seo-wordpress\/ -->\n<title>UAEM\u00e9x, FIEL PROMOTORA DE VALORES C\u00cdVICOS Y PATRI\u00d3TICOS ENTRE SU COMUNIDAD UNIVERSITARIA - Expresso Metropolitano<\/title>\n<meta name=\"robots\" content=\"index, follow, max-snippet:-1, max-image-preview:large, max-video-preview:-1\" \/>\n<link rel=\"canonical\" href=\"https:\/\/expressometro.mx\/index.php\/2024\/09\/16\/uaemex-fiel-promotora-de-valores-civicos-y-patrioticos-entre-su-comunidad-universitaria\/\" \/>\n<meta property=\"og:locale\" content=\"es_MX\" \/>\n<meta property=\"og:type\" content=\"article\" \/>\n<meta property=\"og:title\" content=\"UAEM\u00e9x, FIEL PROMOTORA DE VALORES C\u00cdVICOS Y PATRI\u00d3TICOS ENTRE SU COMUNIDAD UNIVERSITARIA - Expresso Metropolitano\" \/>\n<meta property=\"og:description\" content=\"El rector de la UAEM\u00e9x, Carlos Eduardo Barrera D\u00edaz encabez\u00f3 la ceremonia de Abanderamiento y Entrega de Grados al Contingente C\u00edvico y Deportivo Universitario.\" \/>\n<meta property=\"og:url\" content=\"https:\/\/expressometro.mx\/index.php\/2024\/09\/16\/uaemex-fiel-promotora-de-valores-civicos-y-patrioticos-entre-su-comunidad-universitaria\/\" \/>\n<meta property=\"og:site_name\" content=\"Expresso Metropolitano\" \/>\n<meta property=\"article:published_time\" content=\"2024-09-16T14:51:33+00:00\" \/>\n<meta property=\"article:modified_time\" content=\"2024-10-03T15:00:42+00:00\" \/>\n<meta property=\"og:image\" content=\"http:\/\/expressometro.mx\/wp-content\/uploads\/2024\/10\/WhatsApp-Image-2024-10-03-at-8.52.06-AM.jpeg\" \/>\n\t<meta property=\"og:image:width\" content=\"800\" \/>\n\t<meta property=\"og:image:height\" content=\"533\" \/>\n\t<meta property=\"og:image:type\" content=\"image\/jpeg\" \/>\n<meta name=\"author\" content=\"Expresso Metropolitano\" \/>\n<meta name=\"twitter:label1\" content=\"Escrito por\" \/>\n\t<meta name=\"twitter:data1\" content=\"Expresso Metropolitano\" \/>\n\t<meta name=\"twitter:label2\" content=\"Tiempo de lectura\" \/>\n\t<meta name=\"twitter:data2\" content=\"3 minutos\" \/>\n<script type=\"application\/ld+json\" class=\"yoast-schema-graph\">{\"@context\":\"https:\\\/\\\/schema.org\",\"@graph\":[{\"@type\":\"Article\",\"@id\":\"https:\\\/\\\/expressometro.mx\\\/index.php\\\/2024\\\/09\\\/16\\\/uaemex-fiel-promotora-de-valores-civicos-y-patrioticos-entre-su-comunidad-universitaria\\\/#article\",\"isPartOf\":{\"@id\":\"https:\\\/\\\/expressometro.mx\\\/index.php\\\/2024\\\/09\\\/16\\\/uaemex-fiel-promotora-de-valores-civicos-y-patrioticos-entre-su-comunidad-universitaria\\\/\"},\"author\":{\"name\":\"Expresso Metropolitano\",\"@id\":\"https:\\\/\\\/expressometro.mx\\\/#\\\/schema\\\/person\\\/efa971b4a0664db8ed5c22b1b0dd2f5d\"},\"headline\":\"UAEM\u00e9x, FIEL PROMOTORA DE VALORES C\u00cdVICOS Y PATRI\u00d3TICOS ENTRE SU COMUNIDAD UNIVERSITARIA\",\"datePublished\":\"2024-09-16T14:51:33+00:00\",\"dateModified\":\"2024-10-03T15:00:42+00:00\",\"mainEntityOfPage\":{\"@id\":\"https:\\\/\\\/expressometro.mx\\\/index.php\\\/2024\\\/09\\\/16\\\/uaemex-fiel-promotora-de-valores-civicos-y-patrioticos-entre-su-comunidad-universitaria\\\/\"},\"wordCount\":434,\"commentCount\":0,\"publisher\":{\"@id\":\"https:\\\/\\\/expressometro.mx\\\/#organization\"},\"image\":{\"@id\":\"https:\\\/\\\/expressometro.mx\\\/index.php\\\/2024\\\/09\\\/16\\\/uaemex-fiel-promotora-de-valores-civicos-y-patrioticos-entre-su-comunidad-universitaria\\\/#primaryimage\"},\"thumbnailUrl\":\"https:\\\/\\\/expressometro.mx\\\/wp-content\\\/uploads\\\/2024\\\/10\\\/WhatsApp-Image-2024-10-03-at-8.52.06-AM.jpeg\",\"keywords\":[\"Carlos Eduardo Barrera D\u00edaz\",\"Edomex\",\"GEM\",\"UAEMex\"],\"articleSection\":[\"Educaci\u00f3n\",\"Gobierno\",\"Otros\"],\"inLanguage\":\"es\",\"potentialAction\":[{\"@type\":\"CommentAction\",\"name\":\"Comment\",\"target\":[\"https:\\\/\\\/expressometro.mx\\\/index.php\\\/2024\\\/09\\\/16\\\/uaemex-fiel-promotora-de-valores-civicos-y-patrioticos-entre-su-comunidad-universitaria\\\/#respond\"]}]},{\"@type\":\"WebPage\",\"@id\":\"https:\\\/\\\/expressometro.mx\\\/index.php\\\/2024\\\/09\\\/16\\\/uaemex-fiel-promotora-de-valores-civicos-y-patrioticos-entre-su-comunidad-universitaria\\\/\",\"url\":\"https:\\\/\\\/expressometro.mx\\\/index.php\\\/2024\\\/09\\\/16\\\/uaemex-fiel-promotora-de-valores-civicos-y-patrioticos-entre-su-comunidad-universitaria\\\/\",\"name\":\"UAEM\u00e9x, FIEL PROMOTORA DE VALORES C\u00cdVICOS Y PATRI\u00d3TICOS ENTRE SU COMUNIDAD UNIVERSITARIA - Expresso Metropolitano\",\"isPartOf\":{\"@id\":\"https:\\\/\\\/expressometro.mx\\\/#website\"},\"primaryImageOfPage\":{\"@id\":\"https:\\\/\\\/expressometro.mx\\\/index.php\\\/2024\\\/09\\\/16\\\/uaemex-fiel-promotora-de-valores-civicos-y-patrioticos-entre-su-comunidad-universitaria\\\/#primaryimage\"},\"image\":{\"@id\":\"https:\\\/\\\/expressometro.mx\\\/index.php\\\/2024\\\/09\\\/16\\\/uaemex-fiel-promotora-de-valores-civicos-y-patrioticos-entre-su-comunidad-universitaria\\\/#primaryimage\"},\"thumbnailUrl\":\"https:\\\/\\\/expressometro.mx\\\/wp-content\\\/uploads\\\/2024\\\/10\\\/WhatsApp-Image-2024-10-03-at-8.52.06-AM.jpeg\",\"datePublished\":\"2024-09-16T14:51:33+00:00\",\"dateModified\":\"2024-10-03T15:00:42+00:00\",\"breadcrumb\":{\"@id\":\"https:\\\/\\\/expressometro.mx\\\/index.php\\\/2024\\\/09\\\/16\\\/uaemex-fiel-promotora-de-valores-civicos-y-patrioticos-entre-su-comunidad-universitaria\\\/#breadcrumb\"},\"inLanguage\":\"es\",\"potentialAction\":[{\"@type\":\"ReadAction\",\"target\":[\"https:\\\/\\\/expressometro.mx\\\/index.php\\\/2024\\\/09\\\/16\\\/uaemex-fiel-promotora-de-valores-civicos-y-patrioticos-entre-su-comunidad-universitaria\\\/\"]}]},{\"@type\":\"ImageObject\",\"inLanguage\":\"es\",\"@id\":\"https:\\\/\\\/expressometro.mx\\\/index.php\\\/2024\\\/09\\\/16\\\/uaemex-fiel-promotora-de-valores-civicos-y-patrioticos-entre-su-comunidad-universitaria\\\/#primaryimage\",\"url\":\"https:\\\/\\\/expressometro.mx\\\/wp-content\\\/uploads\\\/2024\\\/10\\\/WhatsApp-Image-2024-10-03-at-8.52.06-AM.jpeg\",\"contentUrl\":\"https:\\\/\\\/expressometro.mx\\\/wp-content\\\/uploads\\\/2024\\\/10\\\/WhatsApp-Image-2024-10-03-at-8.52.06-AM.jpeg\",\"width\":800,\"height\":533},{\"@type\":\"BreadcrumbList\",\"@id\":\"https:\\\/\\\/expressometro.mx\\\/index.php\\\/2024\\\/09\\\/16\\\/uaemex-fiel-promotora-de-valores-civicos-y-patrioticos-entre-su-comunidad-universitaria\\\/#breadcrumb\",\"itemListElement\":[{\"@type\":\"ListItem\",\"position\":1,\"name\":\"Inicio\",\"item\":\"https:\\\/\\\/expressometro.mx\\\/\"},{\"@type\":\"ListItem\",\"position\":2,\"name\":\"UAEM\u00e9x, FIEL PROMOTORA DE VALORES C\u00cdVICOS Y PATRI\u00d3TICOS ENTRE SU COMUNIDAD UNIVERSITARIA\"}]},{\"@type\":\"WebSite\",\"@id\":\"https:\\\/\\\/expressometro.mx\\\/#website\",\"url\":\"https:\\\/\\\/expressometro.mx\\\/\",\"name\":\"Expresso Metropolitano\",\"description\":\"Periodismo comprometido, informaci\u00f3n, investigaci\u00f3n y an\u00e1lisis\",\"publisher\":{\"@id\":\"https:\\\/\\\/expressometro.mx\\\/#organization\"},\"potentialAction\":[{\"@type\":\"SearchAction\",\"target\":{\"@type\":\"EntryPoint\",\"urlTemplate\":\"https:\\\/\\\/expressometro.mx\\\/?s={search_term_string}\"},\"query-input\":{\"@type\":\"PropertyValueSpecification\",\"valueRequired\":true,\"valueName\":\"search_term_string\"}}],\"inLanguage\":\"es\"},{\"@type\":\"Organization\",\"@id\":\"https:\\\/\\\/expressometro.mx\\\/#organization\",\"name\":\"Expresso Metropolitano\",\"url\":\"https:\\\/\\\/expressometro.mx\\\/\",\"logo\":{\"@type\":\"ImageObject\",\"inLanguage\":\"es\",\"@id\":\"https:\\\/\\\/expressometro.mx\\\/#\\\/schema\\\/logo\\\/image\\\/\",\"url\":\"https:\\\/\\\/expressometro.mx\\\/wp-content\\\/uploads\\\/2019\\\/07\\\/cropped-Logo-Expresso-Metropolitano-1-1.jpeg\",\"contentUrl\":\"https:\\\/\\\/expressometro.mx\\\/wp-content\\\/uploads\\\/2019\\\/07\\\/cropped-Logo-Expresso-Metropolitano-1-1.jpeg\",\"width\":290,\"height\":73,\"caption\":\"Expresso Metropolitano\"},\"image\":{\"@id\":\"https:\\\/\\\/expressometro.mx\\\/#\\\/schema\\\/logo\\\/image\\\/\"}},{\"@type\":\"Person\",\"@id\":\"https:\\\/\\\/expressometro.mx\\\/#\\\/schema\\\/person\\\/efa971b4a0664db8ed5c22b1b0dd2f5d\",\"name\":\"Expresso Metropolitano\",\"image\":{\"@type\":\"ImageObject\",\"inLanguage\":\"es\",\"@id\":\"https:\\\/\\\/secure.gravatar.com\\\/avatar\\\/a89f802b8de18c6952f223c88d3d106e9e3679839f4e25a02f4a6cc2ae6ba3b3?s=96&d=mm&r=g\",\"url\":\"https:\\\/\\\/secure.gravatar.com\\\/avatar\\\/a89f802b8de18c6952f223c88d3d106e9e3679839f4e25a02f4a6cc2ae6ba3b3?s=96&d=mm&r=g\",\"contentUrl\":\"https:\\\/\\\/secure.gravatar.com\\\/avatar\\\/a89f802b8de18c6952f223c88d3d106e9e3679839f4e25a02f4a6cc2ae6ba3b3?s=96&d=mm&r=g\",\"caption\":\"Expresso Metropolitano\"},\"url\":\"https:\\\/\\\/expressometro.mx\\\/index.php\\\/author\\\/diego\\\/\"}]}<\/script>\n<!-- \/ Yoast SEO plugin. -->","yoast_head_json":{"title":"UAEM\u00e9x, FIEL PROMOTORA DE VALORES C\u00cdVICOS Y PATRI\u00d3TICOS ENTRE SU COMUNIDAD UNIVERSITARIA - Expresso Metropolitano","robots":{"index":"index","follow":"follow","max-snippet":"max-snippet:-1","max-image-preview":"max-image-preview:large","max-video-preview":"max-video-preview:-1"},"canonical":"https:\/\/expressometro.mx\/index.php\/2024\/09\/16\/uaemex-fiel-promotora-de-valores-civicos-y-patrioticos-entre-su-comunidad-universitaria\/","og_locale":"es_MX","og_type":"article","og_title":"UAEM\u00e9x, FIEL PROMOTORA DE VALORES C\u00cdVICOS Y PATRI\u00d3TICOS ENTRE SU COMUNIDAD UNIVERSITARIA - Expresso Metropolitano","og_description":"El rector de la UAEM\u00e9x, Carlos Eduardo Barrera D\u00edaz encabez\u00f3 la ceremonia de Abanderamiento y Entrega de Grados al Contingente C\u00edvico y Deportivo Universitario.","og_url":"https:\/\/expressometro.mx\/index.php\/2024\/09\/16\/uaemex-fiel-promotora-de-valores-civicos-y-patrioticos-entre-su-comunidad-universitaria\/","og_site_name":"Expresso Metropolitano","article_published_time":"2024-09-16T14:51:33+00:00","article_modified_time":"2024-10-03T15:00:42+00:00","og_image":[{"width":800,"height":533,"url":"http:\/\/expressometro.mx\/wp-content\/uploads\/2024\/10\/WhatsApp-Image-2024-10-03-at-8.52.06-AM.jpeg","type":"image\/jpeg"}],"author":"Expresso Metropolitano","twitter_misc":{"Escrito por":"Expresso Metropolitano","Tiempo de lectura":"3 minutos"},"schema":{"@context":"https:\/\/schema.org","@graph":[{"@type":"Article","@id":"https:\/\/expressometro.mx\/index.php\/2024\/09\/16\/uaemex-fiel-promotora-de-valores-civicos-y-patrioticos-entre-su-comunidad-universitaria\/#article","isPartOf":{"@id":"https:\/\/expressometro.mx\/index.php\/2024\/09\/16\/uaemex-fiel-promotora-de-valores-civicos-y-patrioticos-entre-su-comunidad-universitaria\/"},"author":{"name":"Expresso Metropolitano","@id":"https:\/\/expressometro.mx\/#\/schema\/person\/efa971b4a0664db8ed5c22b1b0dd2f5d"},"headline":"UAEM\u00e9x, FIEL PROMOTORA DE VALORES C\u00cdVICOS Y PATRI\u00d3TICOS ENTRE SU COMUNIDAD UNIVERSITARIA","datePublished":"2024-09-16T14:51:33+00:00","dateModified":"2024-10-03T15:00:42+00:00","mainEntityOfPage":{"@id":"https:\/\/expressometro.mx\/index.php\/2024\/09\/16\/uaemex-fiel-promotora-de-valores-civicos-y-patrioticos-entre-su-comunidad-universitaria\/"},"wordCount":434,"commentCount":0,"publisher":{"@id":"https:\/\/expressometro.mx\/#organization"},"image":{"@id":"https:\/\/expressometro.mx\/index.php\/2024\/09\/16\/uaemex-fiel-promotora-de-valores-civicos-y-patrioticos-entre-su-comunidad-universitaria\/#primaryimage"},"thumbnailUrl":"https:\/\/expressometro.mx\/wp-content\/uploads\/2024\/10\/WhatsApp-Image-2024-10-03-at-8.52.06-AM.jpeg","keywords":["Carlos Eduardo Barrera D\u00edaz","Edomex","GEM","UAEMex"],"articleSection":["Educaci\u00f3n","Gobierno","Otros"],"inLanguage":"es","potentialAction":[{"@type":"CommentAction","name":"Comment","target":["https:\/\/expressometro.mx\/index.php\/2024\/09\/16\/uaemex-fiel-promotora-de-valores-civicos-y-patrioticos-entre-su-comunidad-universitaria\/#respond"]}]},{"@type":"WebPage","@id":"https:\/\/expressometro.mx\/index.php\/2024\/09\/16\/uaemex-fiel-promotora-de-valores-civicos-y-patrioticos-entre-su-comunidad-universitaria\/","url":"https:\/\/expressometro.mx\/index.php\/2024\/09\/16\/uaemex-fiel-promotora-de-valores-civicos-y-patrioticos-entre-su-comunidad-universitaria\/","name":"UAEM\u00e9x, FIEL PROMOTORA DE VALORES C\u00cdVICOS Y PATRI\u00d3TICOS ENTRE SU COMUNIDAD UNIVERSITARIA - Expresso Metropolitano","isPartOf":{"@id":"https:\/\/expressometro.mx\/#website"},"primaryImageOfPage":{"@id":"https:\/\/expressometro.mx\/index.php\/2024\/09\/16\/uaemex-fiel-promotora-de-valores-civicos-y-patrioticos-entre-su-comunidad-universitaria\/#primaryimage"},"image":{"@id":"https:\/\/expressometro.mx\/index.php\/2024\/09\/16\/uaemex-fiel-promotora-de-valores-civicos-y-patrioticos-entre-su-comunidad-universitaria\/#primaryimage"},"thumbnailUrl":"https:\/\/expressometro.mx\/wp-content\/uploads\/2024\/10\/WhatsApp-Image-2024-10-03-at-8.52.06-AM.jpeg","datePublished":"2024-09-16T14:51:33+00:00","dateModified":"2024-10-03T15:00:42+00:00","breadcrumb":{"@id":"https:\/\/expressometro.mx\/index.php\/2024\/09\/16\/uaemex-fiel-promotora-de-valores-civicos-y-patrioticos-entre-su-comunidad-universitaria\/#breadcrumb"},"inLanguage":"es","potentialAction":[{"@type":"ReadAction","target":["https:\/\/expressometro.mx\/index.php\/2024\/09\/16\/uaemex-fiel-promotora-de-valores-civicos-y-patrioticos-entre-su-comunidad-universitaria\/"]}]},{"@type":"ImageObject","inLanguage":"es","@id":"https:\/\/expressometro.mx\/index.php\/2024\/09\/16\/uaemex-fiel-promotora-de-valores-civicos-y-patrioticos-entre-su-comunidad-universitaria\/#primaryimage","url":"https:\/\/expressometro.mx\/wp-content\/uploads\/2024\/10\/WhatsApp-Image-2024-10-03-at-8.52.06-AM.jpeg","contentUrl":"https:\/\/expressometro.mx\/wp-content\/uploads\/2024\/10\/WhatsApp-Image-2024-10-03-at-8.52.06-AM.jpeg","width":800,"height":533},{"@type":"BreadcrumbList","@id":"https:\/\/expressometro.mx\/index.php\/2024\/09\/16\/uaemex-fiel-promotora-de-valores-civicos-y-patrioticos-entre-su-comunidad-universitaria\/#breadcrumb","itemListElement":[{"@type":"ListItem","position":1,"name":"Inicio","item":"https:\/\/expressometro.mx\/"},{"@type":"ListItem","position":2,"name":"UAEM\u00e9x, FIEL PROMOTORA DE VALORES C\u00cdVICOS Y PATRI\u00d3TICOS ENTRE SU COMUNIDAD UNIVERSITARIA"}]},{"@type":"WebSite","@id":"https:\/\/expressometro.mx\/#website","url":"https:\/\/expressometro.mx\/","name":"Expresso Metropolitano","description":"Periodismo comprometido, informaci\u00f3n, investigaci\u00f3n y an\u00e1lisis","publisher":{"@id":"https:\/\/expressometro.mx\/#organization"},"potentialAction":[{"@type":"SearchAction","target":{"@type":"EntryPoint","urlTemplate":"https:\/\/expressometro.mx\/?s={search_term_string}"},"query-input":{"@type":"PropertyValueSpecification","valueRequired":true,"valueName":"search_term_string"}}],"inLanguage":"es"},{"@type":"Organization","@id":"https:\/\/expressometro.mx\/#organization","name":"Expresso Metropolitano","url":"https:\/\/expressometro.mx\/","logo":{"@type":"ImageObject","inLanguage":"es","@id":"https:\/\/expressometro.mx\/#\/schema\/logo\/image\/","url":"https:\/\/expressometro.mx\/wp-content\/uploads\/2019\/07\/cropped-Logo-Expresso-Metropolitano-1-1.jpeg","contentUrl":"https:\/\/expressometro.mx\/wp-content\/uploads\/2019\/07\/cropped-Logo-Expresso-Metropolitano-1-1.jpeg","width":290,"height":73,"caption":"Expresso Metropolitano"},"image":{"@id":"https:\/\/expressometro.mx\/#\/schema\/logo\/image\/"}},{"@type":"Person","@id":"https:\/\/expressometro.mx\/#\/schema\/person\/efa971b4a0664db8ed5c22b1b0dd2f5d","name":"Expresso Metropolitano","image":{"@type":"ImageObject","inLanguage":"es","@id":"https:\/\/secure.gravatar.com\/avatar\/a89f802b8de18c6952f223c88d3d106e9e3679839f4e25a02f4a6cc2ae6ba3b3?s=96&d=mm&r=g","url":"https:\/\/secure.gravatar.com\/avatar\/a89f802b8de18c6952f223c88d3d106e9e3679839f4e25a02f4a6cc2ae6ba3b3?s=96&d=mm&r=g","contentUrl":"https:\/\/secure.gravatar.com\/avatar\/a89f802b8de18c6952f223c88d3d106e9e3679839f4e25a02f4a6cc2ae6ba3b3?s=96&d=mm&r=g","caption":"Expresso Metropolitano"},"url":"https:\/\/expressometro.mx\/index.php\/author\/diego\/"}]}},"amp_enabled":true,"_links":{"self":[{"href":"https:\/\/expressometro.mx\/index.php\/wp-json\/wp\/v2\/posts\/10120","targetHints":{"allow":["GET"]}}],"collection":[{"href":"https:\/\/expressometro.mx\/index.php\/wp-json\/wp\/v2\/posts"}],"about":[{"href":"https:\/\/expressometro.mx\/index.php\/wp-json\/wp\/v2\/types\/post"}],"author":[{"embeddable":true,"href":"https:\/\/expressometro.mx\/index.php\/wp-json\/wp\/v2\/users\/1"}],"replies":[{"embeddable":true,"href":"https:\/\/expressometro.mx\/index.php\/wp-json\/wp\/v2\/comments?post=10120"}],"version-history":[{"count":1,"href":"https:\/\/expressometro.mx\/index.php\/wp-json\/wp\/v2\/posts\/10120\/revisions"}],"predecessor-version":[{"id":10124,"href":"https:\/\/expressometro.mx\/index.php\/wp-json\/wp\/v2\/posts\/10120\/revisions\/10124"}],"wp:featuredmedia":[{"embeddable":true,"href":"https:\/\/expressometro.mx\/index.php\/wp-json\/wp\/v2\/media\/10122"}],"wp:attachment":[{"href":"https:\/\/expressometro.mx\/index.php\/wp-json\/wp\/v2\/media?parent=10120"}],"wp:term":[{"taxonomy":"category","embeddable":true,"href":"https:\/\/expressometro.mx\/index.php\/wp-json\/wp\/v2\/categories?post=10120"},{"taxonomy":"post_tag","embeddable":true,"href":"https:\/\/expressometro.mx\/index.php\/wp-json\/wp\/v2\/tags?post=10120"}],"curies":[{"name":"wp","href":"https:\/\/api.w.org\/{rel}","templated":true}]}}