{"id":10114,"date":"2024-09-12T08:45:54","date_gmt":"2024-09-12T14:45:54","guid":{"rendered":"https:\/\/expressometro.mx\/?p=10114"},"modified":"2024-10-03T08:49:09","modified_gmt":"2024-10-03T14:49:09","slug":"profesionales-en-economia-fundamentales-para-la-enfrentar-los-desafios-actuales-y-futuros-cebd","status":"publish","type":"post","link":"https:\/\/expressometro.mx\/index.php\/2024\/09\/12\/profesionales-en-economia-fundamentales-para-la-enfrentar-los-desafios-actuales-y-futuros-cebd\/","title":{"rendered":"PROFESIONALES EN ECONOM\u00cdA, FUNDAMENTALES PARA LA ENFRENTAR LOS DESAF\u00cdOS ACTUALES Y FUTUROS: CEBD"},"content":{"rendered":"\n<p>* El rector de la UAEM\u00e9x, Carlos Eduardo Barrera D\u00edaz, encabez\u00f3 la lectura del primer informe anual de actividades de la directora de la Facultad de Econom\u00eda, Sandra Ochoa D\u00edaz.<\/p>\n\n\n\n<p>* Barrera D\u00edaz hizo entrega del Laboratorio Digital de Idiomas con 20 equipos de c\u00f3mputo, 15 sillas y 15 computadoras para personal administrativo, una Presea \u201cIgnacio Manuel Altamirano Basilio\u201d 2024, as\u00ed como trabajos de reparaci\u00f3n, mantenimiento e impermeabilizaci\u00f3n en este espacio acad\u00e9mico.<\/p>\n\n\n\n<p>La formaci\u00f3n de profesionales en las ciencias econ\u00f3micas proporciona las herramientas necesarias para conocer los mercados, el crecimiento econ\u00f3mico sostenible y equitativo, as\u00ed como las tendencias globales, lo que permite tomar decisiones informadas y predecir oportunidades y desaf\u00edos actuales y futuros, asever\u00f3 el rector de la Universidad Aut\u00f3noma del Estado de M\u00e9xico (UAEM\u00e9x), Carlos Eduardo Barrera D\u00edaz, durante la lectura del primer informe anual de actividades de la directora de la Facultad de Econom\u00eda, Sandra Ochoa D\u00edaz.<\/p>\n\n\n\n<p>Previo a este ejercicio de transparencia, Barrera D\u00edaz hizo entrega del Laboratorio Digital de Idiomas, equipado con 20 computadoras de \u00faltima generaci\u00f3n; 15 sillas y 15 equipos de c\u00f3mputo para el personal administrativo, as\u00ed como trabajos de reparaci\u00f3n de piso en tres edificios, mantenimiento a instalaciones hidrosanitarias en dos edificios e impermeabilizaci\u00f3n del Edificio \u201cA\u201d en beneficio de la comunidad de este espacio acad\u00e9mico.<\/p>\n\n\n\n<figure class=\"wp-block-image size-large\"><img decoding=\"async\" width=\"720\" height=\"480\" src=\"https:\/\/expressometro.mx\/wp-content\/uploads\/2024\/10\/WhatsApp-Image-2024-10-03-at-8.47.43-AM-720x480.jpeg\" alt=\"\" class=\"wp-image-10117\" srcset=\"https:\/\/expressometro.mx\/wp-content\/uploads\/2024\/10\/WhatsApp-Image-2024-10-03-at-8.47.43-AM-720x480.jpeg 720w, https:\/\/expressometro.mx\/wp-content\/uploads\/2024\/10\/WhatsApp-Image-2024-10-03-at-8.47.43-AM-548x365.jpeg 548w, https:\/\/expressometro.mx\/wp-content\/uploads\/2024\/10\/WhatsApp-Image-2024-10-03-at-8.47.43-AM-768x512.jpeg 768w, https:\/\/expressometro.mx\/wp-content\/uploads\/2024\/10\/WhatsApp-Image-2024-10-03-at-8.47.43-AM.jpeg 800w\" sizes=\"(max-width: 720px) 100vw, 720px\" \/><\/figure>\n\n\n\n<p>En el Auditorio \u201cCarlos Marx\u201d de la Facultad de Econom\u00eda, el rector de la M\u00e1xima Casa de Estudios mexiquense coment\u00f3 que este espacio universitario destaca por la formaci\u00f3n de estudiantes de excelencia, entregando una Presea al M\u00e9rito Universitario \u201cIgnacio Manuel Altamirano Basilio\u201d 2024 a la estudiante de doctorado Alicia Mart\u00ednez Lara.<\/p>\n\n\n\n<p>En este marco, Barrera D\u00edaz puntualiz\u00f3 que tres de las cuatro licenciaturas que ofrece este espacio acad\u00e9mico est\u00e1n acreditadas por el Consejo Nacional de Acreditaci\u00f3n de la Ciencia Econ\u00f3mica (CONACE) -Econom\u00eda, Relaciones Econ\u00f3micas Internacionales y Actuar\u00eda-, representando un gran acierto para la consolidaci\u00f3n de una instituci\u00f3n de prestigio y calidad educativa.<\/p>\n\n\n\n<p>Detall\u00f3 que los programas de estudios avanzados como la Maestr\u00eda en Estudios Sustentables, Regionales y Metropolitanos; el Doctorado en Estudios para el Desarrollo Humano y el Doctorado en Ciencias Econ\u00f3mico-Administrativas forman parte del Sistema Nacional de Posgrados (SNP) del Consejo Nacional de Humanidades, Ciencias y Tecnolog\u00edas (Conahcyt).<\/p>\n\n\n\n<p>Asimismo, el rector de la Aut\u00f3noma mexiquense reconoci\u00f3 a este espacio universitario por operar como Centro evaluador del Consejo Nacional de Normalizaci\u00f3n y Certificaci\u00f3n de Competencias Laborales (CONOCER), brindando capacitaci\u00f3n y certificaci\u00f3n en el Est\u00e1ndar de Competencia EC0105 \u201cAtenci\u00f3n al ciudadano en el sector p\u00fablico\u201d a las y los servidores universitarios y p\u00fablico en general.<\/p>\n\n\n\n<p>En su intervenci\u00f3n, Ochoa D\u00edaz explic\u00f3 que la Facultad de Econom\u00eda est\u00e1 conformada por una matr\u00edcula de mil 895 estudiantes, que en su totalidad cuentan con el Sistema Institucional de Tutor\u00eda Acad\u00e9mica, servicio que brinda mejores oportunidades y aprovechamiento acad\u00e9mico durante su formaci\u00f3n profesional, y 161 docentes que participan en siete cuerpos acad\u00e9micos reconocidos por la Secretar\u00eda de Educaci\u00f3n P\u00fablica (SEP).<\/p>\n\n\n\n<p>Al acto asistieron la secretar\u00eda de Planeaci\u00f3n y Desarrollo Institucional, Mar\u00eda Esther Aurora Contreras Lara Vega; la profesora consejera universitaria, Delia Esperanza Garc\u00eda Vences; el alumno consejero universitario, Luis Amando Peralta P\u00e9rez; ex directores de este espacio acad\u00e9mico; integrantes del Gabinete Universitario y del Colegio de Directores, as\u00ed como la comunidad verde y oro.<\/p>\n","protected":false},"excerpt":{"rendered":"<p>El rector de la UAEM\u00e9x, Carlos Eduardo Barrera D\u00edaz, encabez\u00f3 la lectura del primer informe anual de actividades de la directora de la Facultad de Econom\u00eda, Sandra Ochoa D\u00edaz.<\/p>\n","protected":false},"author":1,"featured_media":10116,"comment_status":"open","ping_status":"open","sticky":false,"template":"","format":"standard","meta":{"footnotes":""},"categories":[108,4,3,1],"tags":[313,1982,86,82],"class_list":["post-10114","post","type-post","status-publish","format-standard","has-post-thumbnail","hentry","category-educacion","category-finanzas","category-gobierno","category-otros","tag-carlos-eduardo-barrera-diaz","tag-edomex","tag-gem","tag-uaemex"],"yoast_head":"<!-- This site is optimized with the Yoast SEO plugin v27.4 - https:\/\/yoast.com\/product\/yoast-seo-wordpress\/ -->\n<title>PROFESIONALES EN ECONOM\u00cdA, FUNDAMENTALES PARA LA ENFRENTAR LOS DESAF\u00cdOS ACTUALES Y FUTUROS: CEBD - Expresso Metropolitano<\/title>\n<meta name=\"robots\" content=\"index, follow, max-snippet:-1, max-image-preview:large, max-video-preview:-1\" \/>\n<link rel=\"canonical\" href=\"https:\/\/expressometro.mx\/index.php\/2024\/09\/12\/profesionales-en-economia-fundamentales-para-la-enfrentar-los-desafios-actuales-y-futuros-cebd\/\" \/>\n<meta property=\"og:locale\" content=\"es_MX\" \/>\n<meta property=\"og:type\" content=\"article\" \/>\n<meta property=\"og:title\" content=\"PROFESIONALES EN ECONOM\u00cdA, FUNDAMENTALES PARA LA ENFRENTAR LOS DESAF\u00cdOS ACTUALES Y FUTUROS: CEBD - Expresso Metropolitano\" \/>\n<meta property=\"og:description\" content=\"El rector de la UAEM\u00e9x, Carlos Eduardo Barrera D\u00edaz, encabez\u00f3 la lectura del primer informe anual de actividades de la directora de la Facultad de Econom\u00eda, Sandra Ochoa D\u00edaz.\" \/>\n<meta property=\"og:url\" content=\"https:\/\/expressometro.mx\/index.php\/2024\/09\/12\/profesionales-en-economia-fundamentales-para-la-enfrentar-los-desafios-actuales-y-futuros-cebd\/\" \/>\n<meta property=\"og:site_name\" content=\"Expresso Metropolitano\" \/>\n<meta property=\"article:published_time\" content=\"2024-09-12T14:45:54+00:00\" \/>\n<meta property=\"article:modified_time\" content=\"2024-10-03T14:49:09+00:00\" \/>\n<meta property=\"og:image\" content=\"http:\/\/expressometro.mx\/wp-content\/uploads\/2024\/10\/WhatsApp-Image-2024-10-03-at-8.46.42-AM.jpeg\" \/>\n\t<meta property=\"og:image:width\" content=\"800\" \/>\n\t<meta property=\"og:image:height\" content=\"533\" \/>\n\t<meta property=\"og:image:type\" content=\"image\/jpeg\" \/>\n<meta name=\"author\" content=\"Expresso Metropolitano\" \/>\n<meta name=\"twitter:label1\" content=\"Escrito por\" \/>\n\t<meta name=\"twitter:data1\" content=\"Expresso Metropolitano\" \/>\n\t<meta name=\"twitter:label2\" content=\"Tiempo de lectura\" \/>\n\t<meta name=\"twitter:data2\" content=\"3 minutos\" \/>\n<script type=\"application\/ld+json\" class=\"yoast-schema-graph\">{\"@context\":\"https:\\\/\\\/schema.org\",\"@graph\":[{\"@type\":\"Article\",\"@id\":\"https:\\\/\\\/expressometro.mx\\\/index.php\\\/2024\\\/09\\\/12\\\/profesionales-en-economia-fundamentales-para-la-enfrentar-los-desafios-actuales-y-futuros-cebd\\\/#article\",\"isPartOf\":{\"@id\":\"https:\\\/\\\/expressometro.mx\\\/index.php\\\/2024\\\/09\\\/12\\\/profesionales-en-economia-fundamentales-para-la-enfrentar-los-desafios-actuales-y-futuros-cebd\\\/\"},\"author\":{\"name\":\"Expresso Metropolitano\",\"@id\":\"https:\\\/\\\/expressometro.mx\\\/#\\\/schema\\\/person\\\/efa971b4a0664db8ed5c22b1b0dd2f5d\"},\"headline\":\"PROFESIONALES EN ECONOM\u00cdA, FUNDAMENTALES PARA LA ENFRENTAR LOS DESAF\u00cdOS ACTUALES Y FUTUROS: CEBD\",\"datePublished\":\"2024-09-12T14:45:54+00:00\",\"dateModified\":\"2024-10-03T14:49:09+00:00\",\"mainEntityOfPage\":{\"@id\":\"https:\\\/\\\/expressometro.mx\\\/index.php\\\/2024\\\/09\\\/12\\\/profesionales-en-economia-fundamentales-para-la-enfrentar-los-desafios-actuales-y-futuros-cebd\\\/\"},\"wordCount\":605,\"commentCount\":0,\"publisher\":{\"@id\":\"https:\\\/\\\/expressometro.mx\\\/#organization\"},\"image\":{\"@id\":\"https:\\\/\\\/expressometro.mx\\\/index.php\\\/2024\\\/09\\\/12\\\/profesionales-en-economia-fundamentales-para-la-enfrentar-los-desafios-actuales-y-futuros-cebd\\\/#primaryimage\"},\"thumbnailUrl\":\"https:\\\/\\\/expressometro.mx\\\/wp-content\\\/uploads\\\/2024\\\/10\\\/WhatsApp-Image-2024-10-03-at-8.46.42-AM.jpeg\",\"keywords\":[\"Carlos Eduardo Barrera D\u00edaz\",\"Edomex\",\"GEM\",\"UAEMex\"],\"articleSection\":[\"Educaci\u00f3n\",\"Finanzas\",\"Gobierno\",\"Otros\"],\"inLanguage\":\"es\",\"potentialAction\":[{\"@type\":\"CommentAction\",\"name\":\"Comment\",\"target\":[\"https:\\\/\\\/expressometro.mx\\\/index.php\\\/2024\\\/09\\\/12\\\/profesionales-en-economia-fundamentales-para-la-enfrentar-los-desafios-actuales-y-futuros-cebd\\\/#respond\"]}]},{\"@type\":\"WebPage\",\"@id\":\"https:\\\/\\\/expressometro.mx\\\/index.php\\\/2024\\\/09\\\/12\\\/profesionales-en-economia-fundamentales-para-la-enfrentar-los-desafios-actuales-y-futuros-cebd\\\/\",\"url\":\"https:\\\/\\\/expressometro.mx\\\/index.php\\\/2024\\\/09\\\/12\\\/profesionales-en-economia-fundamentales-para-la-enfrentar-los-desafios-actuales-y-futuros-cebd\\\/\",\"name\":\"PROFESIONALES EN ECONOM\u00cdA, FUNDAMENTALES PARA LA ENFRENTAR LOS DESAF\u00cdOS ACTUALES Y FUTUROS: CEBD - Expresso Metropolitano\",\"isPartOf\":{\"@id\":\"https:\\\/\\\/expressometro.mx\\\/#website\"},\"primaryImageOfPage\":{\"@id\":\"https:\\\/\\\/expressometro.mx\\\/index.php\\\/2024\\\/09\\\/12\\\/profesionales-en-economia-fundamentales-para-la-enfrentar-los-desafios-actuales-y-futuros-cebd\\\/#primaryimage\"},\"image\":{\"@id\":\"https:\\\/\\\/expressometro.mx\\\/index.php\\\/2024\\\/09\\\/12\\\/profesionales-en-economia-fundamentales-para-la-enfrentar-los-desafios-actuales-y-futuros-cebd\\\/#primaryimage\"},\"thumbnailUrl\":\"https:\\\/\\\/expressometro.mx\\\/wp-content\\\/uploads\\\/2024\\\/10\\\/WhatsApp-Image-2024-10-03-at-8.46.42-AM.jpeg\",\"datePublished\":\"2024-09-12T14:45:54+00:00\",\"dateModified\":\"2024-10-03T14:49:09+00:00\",\"breadcrumb\":{\"@id\":\"https:\\\/\\\/expressometro.mx\\\/index.php\\\/2024\\\/09\\\/12\\\/profesionales-en-economia-fundamentales-para-la-enfrentar-los-desafios-actuales-y-futuros-cebd\\\/#breadcrumb\"},\"inLanguage\":\"es\",\"potentialAction\":[{\"@type\":\"ReadAction\",\"target\":[\"https:\\\/\\\/expressometro.mx\\\/index.php\\\/2024\\\/09\\\/12\\\/profesionales-en-economia-fundamentales-para-la-enfrentar-los-desafios-actuales-y-futuros-cebd\\\/\"]}]},{\"@type\":\"ImageObject\",\"inLanguage\":\"es\",\"@id\":\"https:\\\/\\\/expressometro.mx\\\/index.php\\\/2024\\\/09\\\/12\\\/profesionales-en-economia-fundamentales-para-la-enfrentar-los-desafios-actuales-y-futuros-cebd\\\/#primaryimage\",\"url\":\"https:\\\/\\\/expressometro.mx\\\/wp-content\\\/uploads\\\/2024\\\/10\\\/WhatsApp-Image-2024-10-03-at-8.46.42-AM.jpeg\",\"contentUrl\":\"https:\\\/\\\/expressometro.mx\\\/wp-content\\\/uploads\\\/2024\\\/10\\\/WhatsApp-Image-2024-10-03-at-8.46.42-AM.jpeg\",\"width\":800,\"height\":533},{\"@type\":\"BreadcrumbList\",\"@id\":\"https:\\\/\\\/expressometro.mx\\\/index.php\\\/2024\\\/09\\\/12\\\/profesionales-en-economia-fundamentales-para-la-enfrentar-los-desafios-actuales-y-futuros-cebd\\\/#breadcrumb\",\"itemListElement\":[{\"@type\":\"ListItem\",\"position\":1,\"name\":\"Inicio\",\"item\":\"https:\\\/\\\/expressometro.mx\\\/\"},{\"@type\":\"ListItem\",\"position\":2,\"name\":\"PROFESIONALES EN ECONOM\u00cdA, FUNDAMENTALES PARA LA ENFRENTAR LOS DESAF\u00cdOS ACTUALES Y FUTUROS: CEBD\"}]},{\"@type\":\"WebSite\",\"@id\":\"https:\\\/\\\/expressometro.mx\\\/#website\",\"url\":\"https:\\\/\\\/expressometro.mx\\\/\",\"name\":\"Expresso Metropolitano\",\"description\":\"Periodismo comprometido, informaci\u00f3n, investigaci\u00f3n y an\u00e1lisis\",\"publisher\":{\"@id\":\"https:\\\/\\\/expressometro.mx\\\/#organization\"},\"potentialAction\":[{\"@type\":\"SearchAction\",\"target\":{\"@type\":\"EntryPoint\",\"urlTemplate\":\"https:\\\/\\\/expressometro.mx\\\/?s={search_term_string}\"},\"query-input\":{\"@type\":\"PropertyValueSpecification\",\"valueRequired\":true,\"valueName\":\"search_term_string\"}}],\"inLanguage\":\"es\"},{\"@type\":\"Organization\",\"@id\":\"https:\\\/\\\/expressometro.mx\\\/#organization\",\"name\":\"Expresso Metropolitano\",\"url\":\"https:\\\/\\\/expressometro.mx\\\/\",\"logo\":{\"@type\":\"ImageObject\",\"inLanguage\":\"es\",\"@id\":\"https:\\\/\\\/expressometro.mx\\\/#\\\/schema\\\/logo\\\/image\\\/\",\"url\":\"https:\\\/\\\/expressometro.mx\\\/wp-content\\\/uploads\\\/2019\\\/07\\\/cropped-Logo-Expresso-Metropolitano-1-1.jpeg\",\"contentUrl\":\"https:\\\/\\\/expressometro.mx\\\/wp-content\\\/uploads\\\/2019\\\/07\\\/cropped-Logo-Expresso-Metropolitano-1-1.jpeg\",\"width\":290,\"height\":73,\"caption\":\"Expresso Metropolitano\"},\"image\":{\"@id\":\"https:\\\/\\\/expressometro.mx\\\/#\\\/schema\\\/logo\\\/image\\\/\"}},{\"@type\":\"Person\",\"@id\":\"https:\\\/\\\/expressometro.mx\\\/#\\\/schema\\\/person\\\/efa971b4a0664db8ed5c22b1b0dd2f5d\",\"name\":\"Expresso Metropolitano\",\"image\":{\"@type\":\"ImageObject\",\"inLanguage\":\"es\",\"@id\":\"https:\\\/\\\/secure.gravatar.com\\\/avatar\\\/a89f802b8de18c6952f223c88d3d106e9e3679839f4e25a02f4a6cc2ae6ba3b3?s=96&d=mm&r=g\",\"url\":\"https:\\\/\\\/secure.gravatar.com\\\/avatar\\\/a89f802b8de18c6952f223c88d3d106e9e3679839f4e25a02f4a6cc2ae6ba3b3?s=96&d=mm&r=g\",\"contentUrl\":\"https:\\\/\\\/secure.gravatar.com\\\/avatar\\\/a89f802b8de18c6952f223c88d3d106e9e3679839f4e25a02f4a6cc2ae6ba3b3?s=96&d=mm&r=g\",\"caption\":\"Expresso Metropolitano\"},\"url\":\"https:\\\/\\\/expressometro.mx\\\/index.php\\\/author\\\/diego\\\/\"}]}<\/script>\n<!-- \/ Yoast SEO plugin. -->","yoast_head_json":{"title":"PROFESIONALES EN ECONOM\u00cdA, FUNDAMENTALES PARA LA ENFRENTAR LOS DESAF\u00cdOS ACTUALES Y FUTUROS: CEBD - Expresso Metropolitano","robots":{"index":"index","follow":"follow","max-snippet":"max-snippet:-1","max-image-preview":"max-image-preview:large","max-video-preview":"max-video-preview:-1"},"canonical":"https:\/\/expressometro.mx\/index.php\/2024\/09\/12\/profesionales-en-economia-fundamentales-para-la-enfrentar-los-desafios-actuales-y-futuros-cebd\/","og_locale":"es_MX","og_type":"article","og_title":"PROFESIONALES EN ECONOM\u00cdA, FUNDAMENTALES PARA LA ENFRENTAR LOS DESAF\u00cdOS ACTUALES Y FUTUROS: CEBD - Expresso Metropolitano","og_description":"El rector de la UAEM\u00e9x, Carlos Eduardo Barrera D\u00edaz, encabez\u00f3 la lectura del primer informe anual de actividades de la directora de la Facultad de Econom\u00eda, Sandra Ochoa D\u00edaz.","og_url":"https:\/\/expressometro.mx\/index.php\/2024\/09\/12\/profesionales-en-economia-fundamentales-para-la-enfrentar-los-desafios-actuales-y-futuros-cebd\/","og_site_name":"Expresso Metropolitano","article_published_time":"2024-09-12T14:45:54+00:00","article_modified_time":"2024-10-03T14:49:09+00:00","og_image":[{"width":800,"height":533,"url":"http:\/\/expressometro.mx\/wp-content\/uploads\/2024\/10\/WhatsApp-Image-2024-10-03-at-8.46.42-AM.jpeg","type":"image\/jpeg"}],"author":"Expresso Metropolitano","twitter_misc":{"Escrito por":"Expresso Metropolitano","Tiempo de lectura":"3 minutos"},"schema":{"@context":"https:\/\/schema.org","@graph":[{"@type":"Article","@id":"https:\/\/expressometro.mx\/index.php\/2024\/09\/12\/profesionales-en-economia-fundamentales-para-la-enfrentar-los-desafios-actuales-y-futuros-cebd\/#article","isPartOf":{"@id":"https:\/\/expressometro.mx\/index.php\/2024\/09\/12\/profesionales-en-economia-fundamentales-para-la-enfrentar-los-desafios-actuales-y-futuros-cebd\/"},"author":{"name":"Expresso Metropolitano","@id":"https:\/\/expressometro.mx\/#\/schema\/person\/efa971b4a0664db8ed5c22b1b0dd2f5d"},"headline":"PROFESIONALES EN ECONOM\u00cdA, FUNDAMENTALES PARA LA ENFRENTAR LOS DESAF\u00cdOS ACTUALES Y FUTUROS: CEBD","datePublished":"2024-09-12T14:45:54+00:00","dateModified":"2024-10-03T14:49:09+00:00","mainEntityOfPage":{"@id":"https:\/\/expressometro.mx\/index.php\/2024\/09\/12\/profesionales-en-economia-fundamentales-para-la-enfrentar-los-desafios-actuales-y-futuros-cebd\/"},"wordCount":605,"commentCount":0,"publisher":{"@id":"https:\/\/expressometro.mx\/#organization"},"image":{"@id":"https:\/\/expressometro.mx\/index.php\/2024\/09\/12\/profesionales-en-economia-fundamentales-para-la-enfrentar-los-desafios-actuales-y-futuros-cebd\/#primaryimage"},"thumbnailUrl":"https:\/\/expressometro.mx\/wp-content\/uploads\/2024\/10\/WhatsApp-Image-2024-10-03-at-8.46.42-AM.jpeg","keywords":["Carlos Eduardo Barrera D\u00edaz","Edomex","GEM","UAEMex"],"articleSection":["Educaci\u00f3n","Finanzas","Gobierno","Otros"],"inLanguage":"es","potentialAction":[{"@type":"CommentAction","name":"Comment","target":["https:\/\/expressometro.mx\/index.php\/2024\/09\/12\/profesionales-en-economia-fundamentales-para-la-enfrentar-los-desafios-actuales-y-futuros-cebd\/#respond"]}]},{"@type":"WebPage","@id":"https:\/\/expressometro.mx\/index.php\/2024\/09\/12\/profesionales-en-economia-fundamentales-para-la-enfrentar-los-desafios-actuales-y-futuros-cebd\/","url":"https:\/\/expressometro.mx\/index.php\/2024\/09\/12\/profesionales-en-economia-fundamentales-para-la-enfrentar-los-desafios-actuales-y-futuros-cebd\/","name":"PROFESIONALES EN ECONOM\u00cdA, FUNDAMENTALES PARA LA ENFRENTAR LOS DESAF\u00cdOS ACTUALES Y FUTUROS: CEBD - Expresso Metropolitano","isPartOf":{"@id":"https:\/\/expressometro.mx\/#website"},"primaryImageOfPage":{"@id":"https:\/\/expressometro.mx\/index.php\/2024\/09\/12\/profesionales-en-economia-fundamentales-para-la-enfrentar-los-desafios-actuales-y-futuros-cebd\/#primaryimage"},"image":{"@id":"https:\/\/expressometro.mx\/index.php\/2024\/09\/12\/profesionales-en-economia-fundamentales-para-la-enfrentar-los-desafios-actuales-y-futuros-cebd\/#primaryimage"},"thumbnailUrl":"https:\/\/expressometro.mx\/wp-content\/uploads\/2024\/10\/WhatsApp-Image-2024-10-03-at-8.46.42-AM.jpeg","datePublished":"2024-09-12T14:45:54+00:00","dateModified":"2024-10-03T14:49:09+00:00","breadcrumb":{"@id":"https:\/\/expressometro.mx\/index.php\/2024\/09\/12\/profesionales-en-economia-fundamentales-para-la-enfrentar-los-desafios-actuales-y-futuros-cebd\/#breadcrumb"},"inLanguage":"es","potentialAction":[{"@type":"ReadAction","target":["https:\/\/expressometro.mx\/index.php\/2024\/09\/12\/profesionales-en-economia-fundamentales-para-la-enfrentar-los-desafios-actuales-y-futuros-cebd\/"]}]},{"@type":"ImageObject","inLanguage":"es","@id":"https:\/\/expressometro.mx\/index.php\/2024\/09\/12\/profesionales-en-economia-fundamentales-para-la-enfrentar-los-desafios-actuales-y-futuros-cebd\/#primaryimage","url":"https:\/\/expressometro.mx\/wp-content\/uploads\/2024\/10\/WhatsApp-Image-2024-10-03-at-8.46.42-AM.jpeg","contentUrl":"https:\/\/expressometro.mx\/wp-content\/uploads\/2024\/10\/WhatsApp-Image-2024-10-03-at-8.46.42-AM.jpeg","width":800,"height":533},{"@type":"BreadcrumbList","@id":"https:\/\/expressometro.mx\/index.php\/2024\/09\/12\/profesionales-en-economia-fundamentales-para-la-enfrentar-los-desafios-actuales-y-futuros-cebd\/#breadcrumb","itemListElement":[{"@type":"ListItem","position":1,"name":"Inicio","item":"https:\/\/expressometro.mx\/"},{"@type":"ListItem","position":2,"name":"PROFESIONALES EN ECONOM\u00cdA, FUNDAMENTALES PARA LA ENFRENTAR LOS DESAF\u00cdOS ACTUALES Y FUTUROS: CEBD"}]},{"@type":"WebSite","@id":"https:\/\/expressometro.mx\/#website","url":"https:\/\/expressometro.mx\/","name":"Expresso Metropolitano","description":"Periodismo comprometido, informaci\u00f3n, investigaci\u00f3n y an\u00e1lisis","publisher":{"@id":"https:\/\/expressometro.mx\/#organization"},"potentialAction":[{"@type":"SearchAction","target":{"@type":"EntryPoint","urlTemplate":"https:\/\/expressometro.mx\/?s={search_term_string}"},"query-input":{"@type":"PropertyValueSpecification","valueRequired":true,"valueName":"search_term_string"}}],"inLanguage":"es"},{"@type":"Organization","@id":"https:\/\/expressometro.mx\/#organization","name":"Expresso Metropolitano","url":"https:\/\/expressometro.mx\/","logo":{"@type":"ImageObject","inLanguage":"es","@id":"https:\/\/expressometro.mx\/#\/schema\/logo\/image\/","url":"https:\/\/expressometro.mx\/wp-content\/uploads\/2019\/07\/cropped-Logo-Expresso-Metropolitano-1-1.jpeg","contentUrl":"https:\/\/expressometro.mx\/wp-content\/uploads\/2019\/07\/cropped-Logo-Expresso-Metropolitano-1-1.jpeg","width":290,"height":73,"caption":"Expresso Metropolitano"},"image":{"@id":"https:\/\/expressometro.mx\/#\/schema\/logo\/image\/"}},{"@type":"Person","@id":"https:\/\/expressometro.mx\/#\/schema\/person\/efa971b4a0664db8ed5c22b1b0dd2f5d","name":"Expresso Metropolitano","image":{"@type":"ImageObject","inLanguage":"es","@id":"https:\/\/secure.gravatar.com\/avatar\/a89f802b8de18c6952f223c88d3d106e9e3679839f4e25a02f4a6cc2ae6ba3b3?s=96&d=mm&r=g","url":"https:\/\/secure.gravatar.com\/avatar\/a89f802b8de18c6952f223c88d3d106e9e3679839f4e25a02f4a6cc2ae6ba3b3?s=96&d=mm&r=g","contentUrl":"https:\/\/secure.gravatar.com\/avatar\/a89f802b8de18c6952f223c88d3d106e9e3679839f4e25a02f4a6cc2ae6ba3b3?s=96&d=mm&r=g","caption":"Expresso Metropolitano"},"url":"https:\/\/expressometro.mx\/index.php\/author\/diego\/"}]}},"amp_enabled":true,"_links":{"self":[{"href":"https:\/\/expressometro.mx\/index.php\/wp-json\/wp\/v2\/posts\/10114","targetHints":{"allow":["GET"]}}],"collection":[{"href":"https:\/\/expressometro.mx\/index.php\/wp-json\/wp\/v2\/posts"}],"about":[{"href":"https:\/\/expressometro.mx\/index.php\/wp-json\/wp\/v2\/types\/post"}],"author":[{"embeddable":true,"href":"https:\/\/expressometro.mx\/index.php\/wp-json\/wp\/v2\/users\/1"}],"replies":[{"embeddable":true,"href":"https:\/\/expressometro.mx\/index.php\/wp-json\/wp\/v2\/comments?post=10114"}],"version-history":[{"count":1,"href":"https:\/\/expressometro.mx\/index.php\/wp-json\/wp\/v2\/posts\/10114\/revisions"}],"predecessor-version":[{"id":10118,"href":"https:\/\/expressometro.mx\/index.php\/wp-json\/wp\/v2\/posts\/10114\/revisions\/10118"}],"wp:featuredmedia":[{"embeddable":true,"href":"https:\/\/expressometro.mx\/index.php\/wp-json\/wp\/v2\/media\/10116"}],"wp:attachment":[{"href":"https:\/\/expressometro.mx\/index.php\/wp-json\/wp\/v2\/media?parent=10114"}],"wp:term":[{"taxonomy":"category","embeddable":true,"href":"https:\/\/expressometro.mx\/index.php\/wp-json\/wp\/v2\/categories?post=10114"},{"taxonomy":"post_tag","embeddable":true,"href":"https:\/\/expressometro.mx\/index.php\/wp-json\/wp\/v2\/tags?post=10114"}],"curies":[{"name":"wp","href":"https:\/\/api.w.org\/{rel}","templated":true}]}}