{"id":10102,"date":"2024-09-04T08:28:25","date_gmt":"2024-09-04T14:28:25","guid":{"rendered":"https:\/\/expressometro.mx\/?p=10102"},"modified":"2024-10-03T08:35:11","modified_gmt":"2024-10-03T14:35:11","slug":"uaemex-refuerza-su-compromiso-con-la-sociedad-a-traves-de-la-formacion-de-profesionales-en-agronomia","status":"publish","type":"post","link":"https:\/\/expressometro.mx\/index.php\/2024\/09\/04\/uaemex-refuerza-su-compromiso-con-la-sociedad-a-traves-de-la-formacion-de-profesionales-en-agronomia\/","title":{"rendered":"UAEM\u00e9x REFUERZA SU COMPROMISO CON LA SOCIEDAD, A TRAV\u00c9S DE LA FORMACI\u00d3N DE PROFESIONALES EN AGRONOM\u00cdA"},"content":{"rendered":"\n<p>* El rector de la UAEM\u00e9x, Carlos Eduardo Barrera D\u00edaz, encabez\u00f3 el segundo informe anual de actividades del director de la Facultad de Ciencias Agr\u00edcolas, Gaspar Estrada Campuzano.<\/p>\n\n\n\n<p>La Facultad de Ciencias Agr\u00edcolas adquiere gran responsabilidad con la sociedad, al formar a las y los ingenieros agr\u00f3nomos, pues el Estado de M\u00e9xico es un importante productor de ma\u00edz en el pa\u00eds; adem\u00e1s, los productos agr\u00edcolas sientan las bases de las econom\u00edas locales, asever\u00f3 el rector de la Universidad Aut\u00f3noma del Estado de M\u00e9xico (UAEM\u00e9x), Carlos Eduardo Barrera D\u00edaz, durante la lectura del segundo informe anual de actividades del director de este espacio universitario, Gaspar Estrada Campuzano.<\/p>\n\n\n\n<p>Previo a este ejercicio de transparencia, Barrera D\u00edaz hizo entrega de 20 equipos de c\u00f3mputo de \u00faltima generaci\u00f3n y 20 sillas para personal administrativo, 415 pupitres, el mantenimiento de tres edificios, 40 protecciones de herrer\u00eda, un sistema de videovigilancia, habilitaci\u00f3n de telefon\u00eda IP y conexi\u00f3n a internet; asimismo, entreg\u00f3 un tractor podador y una fertilizadora tipo pulpo, en beneficio de la comunidad universitaria de este espacio acad\u00e9mico.<\/p>\n\n\n\n<figure class=\"wp-block-image size-large\"><img decoding=\"async\" width=\"840\" height=\"420\" src=\"https:\/\/expressometro.mx\/wp-content\/uploads\/2024\/10\/WhatsApp-Image-2024-10-03-at-8.33.17-AM-840x420.jpeg\" alt=\"\" class=\"wp-image-10105\" srcset=\"https:\/\/expressometro.mx\/wp-content\/uploads\/2024\/10\/WhatsApp-Image-2024-10-03-at-8.33.17-AM-840x420.jpeg 840w, https:\/\/expressometro.mx\/wp-content\/uploads\/2024\/10\/WhatsApp-Image-2024-10-03-at-8.33.17-AM-660x330.jpeg 660w, https:\/\/expressometro.mx\/wp-content\/uploads\/2024\/10\/WhatsApp-Image-2024-10-03-at-8.33.17-AM-768x384.jpeg 768w, https:\/\/expressometro.mx\/wp-content\/uploads\/2024\/10\/WhatsApp-Image-2024-10-03-at-8.33.17-AM.jpeg 1024w\" sizes=\"(max-width: 840px) 100vw, 840px\" \/><\/figure>\n\n\n\n<p>En el Auditorio \u201cIng. Francisco Escobedo Gonz\u00e1lez\u201d, el rector de la M\u00e1xima Casa de Estudios mexiquense, acompa\u00f1ado de la secretaria de Planeaci\u00f3n y Desarrollo Institucional, Mar\u00eda Esther Aurora Contreras Lara Vega; entreg\u00f3 tres preseas al M\u00e9rito Estudiantil \u201cIgnacio Manuel Altamirano Basilio\u201d 2024, as\u00ed como un reconocimiento a la atleta universitaria Isis Kendra S\u00e1nchez Lara, por obtener medalla de bronce en la pasada Universiada Nacional 2024, celebrada en Aguascalientes.<\/p>\n\n\n\n<p>Barrera D\u00edaz coment\u00f3 que con apoyo de la empresa Aspros y del Centro Internacional de Mejoramiento de Ma\u00edz y Trigo (CIMMyT), se sigue trabajando por segundo a\u00f1o, en la Plataforma de Transferencia Tecnol\u00f3gica, que en una muestra de aproximadamente 12 hect\u00e1reas permite tener mejores rendimientos de producci\u00f3n agr\u00edcola de forma sostenible.<\/p>\n\n\n\n<p>En este marco, resalt\u00f3 que este espacio acad\u00e9mico destaca por su calidad educativa, pues sus tres programas de Licenciatura -Ingeniero Agr\u00f3nomo Fitotecnista, Ingeniero Industrial e Ingeniero en Floricultura- se encuentran reconocidos y acreditados por el Comit\u00e9 Mexicano de Acreditaci\u00f3n de la Educaci\u00f3n Agron\u00f3mica, A.C.; adem\u00e1s, las dos maestr\u00edas, el doctorado y la especialidad en Floricultura que ofrece forman parte del Sistema Nacional de Posgrados (SNP) del&nbsp; Consejo Nacional de Humanidades, Ciencias y Tecnolog\u00edas (Conahcyt).<\/p>\n\n\n\n<p>Asimismo, el rector de la Aut\u00f3noma mexiquense destac\u00f3 la excelencia acad\u00e9mica de la comunidad docente de la Facultad de Ciencias Agr\u00edcolas, pues oper\u00f3 16 proyectos de investigaci\u00f3n y dos proyectos acad\u00e9micos, produjo dos libros, 17 cap\u00edtulos de libro, 17 ponencias internacionales, cinco art\u00edculos nacionales y 23 internacionales, as\u00ed como un proyecto del \u00e1rea de biotecnolog\u00eda que se encuentra tramitando una patente.<\/p>\n\n\n\n<p>En su intervenci\u00f3n, Estrada Campuzano explic\u00f3 que, en este segundo a\u00f1o de gesti\u00f3n, la matr\u00edcula estudiantil se conform\u00f3 por mil 192 estudiantes, la cual present\u00f3 un incremento de 9.6 por ciento y que, en su totalidad, cuentan con el Programa Institucional de Tutor\u00eda Acad\u00e9mica, servicio que les brinda mejores oportunidades y aprovechamiento acad\u00e9mico durante su formaci\u00f3n profesional.<\/p>\n\n\n\n<p>Al acto asistieron el profesor consejero de gobierno, Jes\u00fas Hern\u00e1ndez \u00c1vila; la alumna consejera universitaria, Montserrat P\u00e9rez Retana; ex directores de este espacio acad\u00e9mico; invitados e invitadas de las secretar\u00edas del Campo y de Agricultura y Desarrollo Rural del Estado de M\u00e9xico; integrantes del Gabinete Universitario y del Colegio de Directores, as\u00ed como comunidad verde y oro.<\/p>\n","protected":false},"excerpt":{"rendered":"<p>El rector de la UAEM\u00e9x, Carlos Eduardo Barrera D\u00edaz, encabez\u00f3 el segundo informe anual de actividades del director de la Facultad de Ciencias Agr\u00edcolas, Gaspar Estrada Campuzano.<\/p>\n","protected":false},"author":1,"featured_media":10104,"comment_status":"open","ping_status":"open","sticky":false,"template":"","format":"standard","meta":{"footnotes":""},"categories":[108,3,8,1],"tags":[313,1982,86,82],"class_list":["post-10102","post","type-post","status-publish","format-standard","has-post-thumbnail","hentry","category-educacion","category-gobierno","category-medio-ambiente","category-otros","tag-carlos-eduardo-barrera-diaz","tag-edomex","tag-gem","tag-uaemex"],"yoast_head":"<!-- This site is optimized with the Yoast SEO plugin v27.4 - https:\/\/yoast.com\/product\/yoast-seo-wordpress\/ -->\n<title>UAEM\u00e9x REFUERZA SU COMPROMISO CON LA SOCIEDAD, A TRAV\u00c9S DE LA FORMACI\u00d3N DE PROFESIONALES EN AGRONOM\u00cdA - Expresso Metropolitano<\/title>\n<meta name=\"robots\" content=\"index, follow, max-snippet:-1, max-image-preview:large, max-video-preview:-1\" \/>\n<link rel=\"canonical\" href=\"https:\/\/expressometro.mx\/index.php\/2024\/09\/04\/uaemex-refuerza-su-compromiso-con-la-sociedad-a-traves-de-la-formacion-de-profesionales-en-agronomia\/\" \/>\n<meta property=\"og:locale\" content=\"es_MX\" \/>\n<meta property=\"og:type\" content=\"article\" \/>\n<meta property=\"og:title\" content=\"UAEM\u00e9x REFUERZA SU COMPROMISO CON LA SOCIEDAD, A TRAV\u00c9S DE LA FORMACI\u00d3N DE PROFESIONALES EN AGRONOM\u00cdA - Expresso Metropolitano\" \/>\n<meta property=\"og:description\" content=\"El rector de la UAEM\u00e9x, Carlos Eduardo Barrera D\u00edaz, encabez\u00f3 el segundo informe anual de actividades del director de la Facultad de Ciencias Agr\u00edcolas, Gaspar Estrada Campuzano.\" \/>\n<meta property=\"og:url\" content=\"https:\/\/expressometro.mx\/index.php\/2024\/09\/04\/uaemex-refuerza-su-compromiso-con-la-sociedad-a-traves-de-la-formacion-de-profesionales-en-agronomia\/\" \/>\n<meta property=\"og:site_name\" content=\"Expresso Metropolitano\" \/>\n<meta property=\"article:published_time\" content=\"2024-09-04T14:28:25+00:00\" \/>\n<meta property=\"article:modified_time\" content=\"2024-10-03T14:35:11+00:00\" \/>\n<meta property=\"og:image\" content=\"http:\/\/expressometro.mx\/wp-content\/uploads\/2024\/10\/WhatsApp-Image-2024-10-03-at-8.33.05-AM.jpeg\" \/>\n\t<meta property=\"og:image:width\" content=\"800\" \/>\n\t<meta property=\"og:image:height\" content=\"496\" \/>\n\t<meta property=\"og:image:type\" content=\"image\/jpeg\" \/>\n<meta name=\"author\" content=\"Expresso Metropolitano\" \/>\n<meta name=\"twitter:label1\" content=\"Escrito por\" \/>\n\t<meta name=\"twitter:data1\" content=\"Expresso Metropolitano\" \/>\n\t<meta name=\"twitter:label2\" content=\"Tiempo de lectura\" \/>\n\t<meta name=\"twitter:data2\" content=\"3 minutos\" \/>\n<script type=\"application\/ld+json\" class=\"yoast-schema-graph\">{\"@context\":\"https:\\\/\\\/schema.org\",\"@graph\":[{\"@type\":\"Article\",\"@id\":\"https:\\\/\\\/expressometro.mx\\\/index.php\\\/2024\\\/09\\\/04\\\/uaemex-refuerza-su-compromiso-con-la-sociedad-a-traves-de-la-formacion-de-profesionales-en-agronomia\\\/#article\",\"isPartOf\":{\"@id\":\"https:\\\/\\\/expressometro.mx\\\/index.php\\\/2024\\\/09\\\/04\\\/uaemex-refuerza-su-compromiso-con-la-sociedad-a-traves-de-la-formacion-de-profesionales-en-agronomia\\\/\"},\"author\":{\"name\":\"Expresso Metropolitano\",\"@id\":\"https:\\\/\\\/expressometro.mx\\\/#\\\/schema\\\/person\\\/efa971b4a0664db8ed5c22b1b0dd2f5d\"},\"headline\":\"UAEM\u00e9x REFUERZA SU COMPROMISO CON LA SOCIEDAD, A TRAV\u00c9S DE LA FORMACI\u00d3N DE PROFESIONALES EN AGRONOM\u00cdA\",\"datePublished\":\"2024-09-04T14:28:25+00:00\",\"dateModified\":\"2024-10-03T14:35:11+00:00\",\"mainEntityOfPage\":{\"@id\":\"https:\\\/\\\/expressometro.mx\\\/index.php\\\/2024\\\/09\\\/04\\\/uaemex-refuerza-su-compromiso-con-la-sociedad-a-traves-de-la-formacion-de-profesionales-en-agronomia\\\/\"},\"wordCount\":616,\"commentCount\":0,\"publisher\":{\"@id\":\"https:\\\/\\\/expressometro.mx\\\/#organization\"},\"image\":{\"@id\":\"https:\\\/\\\/expressometro.mx\\\/index.php\\\/2024\\\/09\\\/04\\\/uaemex-refuerza-su-compromiso-con-la-sociedad-a-traves-de-la-formacion-de-profesionales-en-agronomia\\\/#primaryimage\"},\"thumbnailUrl\":\"https:\\\/\\\/expressometro.mx\\\/wp-content\\\/uploads\\\/2024\\\/10\\\/WhatsApp-Image-2024-10-03-at-8.33.05-AM.jpeg\",\"keywords\":[\"Carlos Eduardo Barrera D\u00edaz\",\"Edomex\",\"GEM\",\"UAEMex\"],\"articleSection\":[\"Educaci\u00f3n\",\"Gobierno\",\"Medio ambiente\",\"Otros\"],\"inLanguage\":\"es\",\"potentialAction\":[{\"@type\":\"CommentAction\",\"name\":\"Comment\",\"target\":[\"https:\\\/\\\/expressometro.mx\\\/index.php\\\/2024\\\/09\\\/04\\\/uaemex-refuerza-su-compromiso-con-la-sociedad-a-traves-de-la-formacion-de-profesionales-en-agronomia\\\/#respond\"]}]},{\"@type\":\"WebPage\",\"@id\":\"https:\\\/\\\/expressometro.mx\\\/index.php\\\/2024\\\/09\\\/04\\\/uaemex-refuerza-su-compromiso-con-la-sociedad-a-traves-de-la-formacion-de-profesionales-en-agronomia\\\/\",\"url\":\"https:\\\/\\\/expressometro.mx\\\/index.php\\\/2024\\\/09\\\/04\\\/uaemex-refuerza-su-compromiso-con-la-sociedad-a-traves-de-la-formacion-de-profesionales-en-agronomia\\\/\",\"name\":\"UAEM\u00e9x REFUERZA SU COMPROMISO CON LA SOCIEDAD, A TRAV\u00c9S DE LA FORMACI\u00d3N DE PROFESIONALES EN AGRONOM\u00cdA - Expresso Metropolitano\",\"isPartOf\":{\"@id\":\"https:\\\/\\\/expressometro.mx\\\/#website\"},\"primaryImageOfPage\":{\"@id\":\"https:\\\/\\\/expressometro.mx\\\/index.php\\\/2024\\\/09\\\/04\\\/uaemex-refuerza-su-compromiso-con-la-sociedad-a-traves-de-la-formacion-de-profesionales-en-agronomia\\\/#primaryimage\"},\"image\":{\"@id\":\"https:\\\/\\\/expressometro.mx\\\/index.php\\\/2024\\\/09\\\/04\\\/uaemex-refuerza-su-compromiso-con-la-sociedad-a-traves-de-la-formacion-de-profesionales-en-agronomia\\\/#primaryimage\"},\"thumbnailUrl\":\"https:\\\/\\\/expressometro.mx\\\/wp-content\\\/uploads\\\/2024\\\/10\\\/WhatsApp-Image-2024-10-03-at-8.33.05-AM.jpeg\",\"datePublished\":\"2024-09-04T14:28:25+00:00\",\"dateModified\":\"2024-10-03T14:35:11+00:00\",\"breadcrumb\":{\"@id\":\"https:\\\/\\\/expressometro.mx\\\/index.php\\\/2024\\\/09\\\/04\\\/uaemex-refuerza-su-compromiso-con-la-sociedad-a-traves-de-la-formacion-de-profesionales-en-agronomia\\\/#breadcrumb\"},\"inLanguage\":\"es\",\"potentialAction\":[{\"@type\":\"ReadAction\",\"target\":[\"https:\\\/\\\/expressometro.mx\\\/index.php\\\/2024\\\/09\\\/04\\\/uaemex-refuerza-su-compromiso-con-la-sociedad-a-traves-de-la-formacion-de-profesionales-en-agronomia\\\/\"]}]},{\"@type\":\"ImageObject\",\"inLanguage\":\"es\",\"@id\":\"https:\\\/\\\/expressometro.mx\\\/index.php\\\/2024\\\/09\\\/04\\\/uaemex-refuerza-su-compromiso-con-la-sociedad-a-traves-de-la-formacion-de-profesionales-en-agronomia\\\/#primaryimage\",\"url\":\"https:\\\/\\\/expressometro.mx\\\/wp-content\\\/uploads\\\/2024\\\/10\\\/WhatsApp-Image-2024-10-03-at-8.33.05-AM.jpeg\",\"contentUrl\":\"https:\\\/\\\/expressometro.mx\\\/wp-content\\\/uploads\\\/2024\\\/10\\\/WhatsApp-Image-2024-10-03-at-8.33.05-AM.jpeg\",\"width\":800,\"height\":496},{\"@type\":\"BreadcrumbList\",\"@id\":\"https:\\\/\\\/expressometro.mx\\\/index.php\\\/2024\\\/09\\\/04\\\/uaemex-refuerza-su-compromiso-con-la-sociedad-a-traves-de-la-formacion-de-profesionales-en-agronomia\\\/#breadcrumb\",\"itemListElement\":[{\"@type\":\"ListItem\",\"position\":1,\"name\":\"Inicio\",\"item\":\"https:\\\/\\\/expressometro.mx\\\/\"},{\"@type\":\"ListItem\",\"position\":2,\"name\":\"UAEM\u00e9x REFUERZA SU COMPROMISO CON LA SOCIEDAD, A TRAV\u00c9S DE LA FORMACI\u00d3N DE PROFESIONALES EN AGRONOM\u00cdA\"}]},{\"@type\":\"WebSite\",\"@id\":\"https:\\\/\\\/expressometro.mx\\\/#website\",\"url\":\"https:\\\/\\\/expressometro.mx\\\/\",\"name\":\"Expresso Metropolitano\",\"description\":\"Periodismo comprometido, informaci\u00f3n, investigaci\u00f3n y an\u00e1lisis\",\"publisher\":{\"@id\":\"https:\\\/\\\/expressometro.mx\\\/#organization\"},\"potentialAction\":[{\"@type\":\"SearchAction\",\"target\":{\"@type\":\"EntryPoint\",\"urlTemplate\":\"https:\\\/\\\/expressometro.mx\\\/?s={search_term_string}\"},\"query-input\":{\"@type\":\"PropertyValueSpecification\",\"valueRequired\":true,\"valueName\":\"search_term_string\"}}],\"inLanguage\":\"es\"},{\"@type\":\"Organization\",\"@id\":\"https:\\\/\\\/expressometro.mx\\\/#organization\",\"name\":\"Expresso Metropolitano\",\"url\":\"https:\\\/\\\/expressometro.mx\\\/\",\"logo\":{\"@type\":\"ImageObject\",\"inLanguage\":\"es\",\"@id\":\"https:\\\/\\\/expressometro.mx\\\/#\\\/schema\\\/logo\\\/image\\\/\",\"url\":\"https:\\\/\\\/expressometro.mx\\\/wp-content\\\/uploads\\\/2019\\\/07\\\/cropped-Logo-Expresso-Metropolitano-1-1.jpeg\",\"contentUrl\":\"https:\\\/\\\/expressometro.mx\\\/wp-content\\\/uploads\\\/2019\\\/07\\\/cropped-Logo-Expresso-Metropolitano-1-1.jpeg\",\"width\":290,\"height\":73,\"caption\":\"Expresso Metropolitano\"},\"image\":{\"@id\":\"https:\\\/\\\/expressometro.mx\\\/#\\\/schema\\\/logo\\\/image\\\/\"}},{\"@type\":\"Person\",\"@id\":\"https:\\\/\\\/expressometro.mx\\\/#\\\/schema\\\/person\\\/efa971b4a0664db8ed5c22b1b0dd2f5d\",\"name\":\"Expresso Metropolitano\",\"image\":{\"@type\":\"ImageObject\",\"inLanguage\":\"es\",\"@id\":\"https:\\\/\\\/secure.gravatar.com\\\/avatar\\\/a89f802b8de18c6952f223c88d3d106e9e3679839f4e25a02f4a6cc2ae6ba3b3?s=96&d=mm&r=g\",\"url\":\"https:\\\/\\\/secure.gravatar.com\\\/avatar\\\/a89f802b8de18c6952f223c88d3d106e9e3679839f4e25a02f4a6cc2ae6ba3b3?s=96&d=mm&r=g\",\"contentUrl\":\"https:\\\/\\\/secure.gravatar.com\\\/avatar\\\/a89f802b8de18c6952f223c88d3d106e9e3679839f4e25a02f4a6cc2ae6ba3b3?s=96&d=mm&r=g\",\"caption\":\"Expresso Metropolitano\"},\"url\":\"https:\\\/\\\/expressometro.mx\\\/index.php\\\/author\\\/diego\\\/\"}]}<\/script>\n<!-- \/ Yoast SEO plugin. -->","yoast_head_json":{"title":"UAEM\u00e9x REFUERZA SU COMPROMISO CON LA SOCIEDAD, A TRAV\u00c9S DE LA FORMACI\u00d3N DE PROFESIONALES EN AGRONOM\u00cdA - Expresso Metropolitano","robots":{"index":"index","follow":"follow","max-snippet":"max-snippet:-1","max-image-preview":"max-image-preview:large","max-video-preview":"max-video-preview:-1"},"canonical":"https:\/\/expressometro.mx\/index.php\/2024\/09\/04\/uaemex-refuerza-su-compromiso-con-la-sociedad-a-traves-de-la-formacion-de-profesionales-en-agronomia\/","og_locale":"es_MX","og_type":"article","og_title":"UAEM\u00e9x REFUERZA SU COMPROMISO CON LA SOCIEDAD, A TRAV\u00c9S DE LA FORMACI\u00d3N DE PROFESIONALES EN AGRONOM\u00cdA - Expresso Metropolitano","og_description":"El rector de la UAEM\u00e9x, Carlos Eduardo Barrera D\u00edaz, encabez\u00f3 el segundo informe anual de actividades del director de la Facultad de Ciencias Agr\u00edcolas, Gaspar Estrada Campuzano.","og_url":"https:\/\/expressometro.mx\/index.php\/2024\/09\/04\/uaemex-refuerza-su-compromiso-con-la-sociedad-a-traves-de-la-formacion-de-profesionales-en-agronomia\/","og_site_name":"Expresso Metropolitano","article_published_time":"2024-09-04T14:28:25+00:00","article_modified_time":"2024-10-03T14:35:11+00:00","og_image":[{"width":800,"height":496,"url":"http:\/\/expressometro.mx\/wp-content\/uploads\/2024\/10\/WhatsApp-Image-2024-10-03-at-8.33.05-AM.jpeg","type":"image\/jpeg"}],"author":"Expresso Metropolitano","twitter_misc":{"Escrito por":"Expresso Metropolitano","Tiempo de lectura":"3 minutos"},"schema":{"@context":"https:\/\/schema.org","@graph":[{"@type":"Article","@id":"https:\/\/expressometro.mx\/index.php\/2024\/09\/04\/uaemex-refuerza-su-compromiso-con-la-sociedad-a-traves-de-la-formacion-de-profesionales-en-agronomia\/#article","isPartOf":{"@id":"https:\/\/expressometro.mx\/index.php\/2024\/09\/04\/uaemex-refuerza-su-compromiso-con-la-sociedad-a-traves-de-la-formacion-de-profesionales-en-agronomia\/"},"author":{"name":"Expresso Metropolitano","@id":"https:\/\/expressometro.mx\/#\/schema\/person\/efa971b4a0664db8ed5c22b1b0dd2f5d"},"headline":"UAEM\u00e9x REFUERZA SU COMPROMISO CON LA SOCIEDAD, A TRAV\u00c9S DE LA FORMACI\u00d3N DE PROFESIONALES EN AGRONOM\u00cdA","datePublished":"2024-09-04T14:28:25+00:00","dateModified":"2024-10-03T14:35:11+00:00","mainEntityOfPage":{"@id":"https:\/\/expressometro.mx\/index.php\/2024\/09\/04\/uaemex-refuerza-su-compromiso-con-la-sociedad-a-traves-de-la-formacion-de-profesionales-en-agronomia\/"},"wordCount":616,"commentCount":0,"publisher":{"@id":"https:\/\/expressometro.mx\/#organization"},"image":{"@id":"https:\/\/expressometro.mx\/index.php\/2024\/09\/04\/uaemex-refuerza-su-compromiso-con-la-sociedad-a-traves-de-la-formacion-de-profesionales-en-agronomia\/#primaryimage"},"thumbnailUrl":"https:\/\/expressometro.mx\/wp-content\/uploads\/2024\/10\/WhatsApp-Image-2024-10-03-at-8.33.05-AM.jpeg","keywords":["Carlos Eduardo Barrera D\u00edaz","Edomex","GEM","UAEMex"],"articleSection":["Educaci\u00f3n","Gobierno","Medio ambiente","Otros"],"inLanguage":"es","potentialAction":[{"@type":"CommentAction","name":"Comment","target":["https:\/\/expressometro.mx\/index.php\/2024\/09\/04\/uaemex-refuerza-su-compromiso-con-la-sociedad-a-traves-de-la-formacion-de-profesionales-en-agronomia\/#respond"]}]},{"@type":"WebPage","@id":"https:\/\/expressometro.mx\/index.php\/2024\/09\/04\/uaemex-refuerza-su-compromiso-con-la-sociedad-a-traves-de-la-formacion-de-profesionales-en-agronomia\/","url":"https:\/\/expressometro.mx\/index.php\/2024\/09\/04\/uaemex-refuerza-su-compromiso-con-la-sociedad-a-traves-de-la-formacion-de-profesionales-en-agronomia\/","name":"UAEM\u00e9x REFUERZA SU COMPROMISO CON LA SOCIEDAD, A TRAV\u00c9S DE LA FORMACI\u00d3N DE PROFESIONALES EN AGRONOM\u00cdA - Expresso Metropolitano","isPartOf":{"@id":"https:\/\/expressometro.mx\/#website"},"primaryImageOfPage":{"@id":"https:\/\/expressometro.mx\/index.php\/2024\/09\/04\/uaemex-refuerza-su-compromiso-con-la-sociedad-a-traves-de-la-formacion-de-profesionales-en-agronomia\/#primaryimage"},"image":{"@id":"https:\/\/expressometro.mx\/index.php\/2024\/09\/04\/uaemex-refuerza-su-compromiso-con-la-sociedad-a-traves-de-la-formacion-de-profesionales-en-agronomia\/#primaryimage"},"thumbnailUrl":"https:\/\/expressometro.mx\/wp-content\/uploads\/2024\/10\/WhatsApp-Image-2024-10-03-at-8.33.05-AM.jpeg","datePublished":"2024-09-04T14:28:25+00:00","dateModified":"2024-10-03T14:35:11+00:00","breadcrumb":{"@id":"https:\/\/expressometro.mx\/index.php\/2024\/09\/04\/uaemex-refuerza-su-compromiso-con-la-sociedad-a-traves-de-la-formacion-de-profesionales-en-agronomia\/#breadcrumb"},"inLanguage":"es","potentialAction":[{"@type":"ReadAction","target":["https:\/\/expressometro.mx\/index.php\/2024\/09\/04\/uaemex-refuerza-su-compromiso-con-la-sociedad-a-traves-de-la-formacion-de-profesionales-en-agronomia\/"]}]},{"@type":"ImageObject","inLanguage":"es","@id":"https:\/\/expressometro.mx\/index.php\/2024\/09\/04\/uaemex-refuerza-su-compromiso-con-la-sociedad-a-traves-de-la-formacion-de-profesionales-en-agronomia\/#primaryimage","url":"https:\/\/expressometro.mx\/wp-content\/uploads\/2024\/10\/WhatsApp-Image-2024-10-03-at-8.33.05-AM.jpeg","contentUrl":"https:\/\/expressometro.mx\/wp-content\/uploads\/2024\/10\/WhatsApp-Image-2024-10-03-at-8.33.05-AM.jpeg","width":800,"height":496},{"@type":"BreadcrumbList","@id":"https:\/\/expressometro.mx\/index.php\/2024\/09\/04\/uaemex-refuerza-su-compromiso-con-la-sociedad-a-traves-de-la-formacion-de-profesionales-en-agronomia\/#breadcrumb","itemListElement":[{"@type":"ListItem","position":1,"name":"Inicio","item":"https:\/\/expressometro.mx\/"},{"@type":"ListItem","position":2,"name":"UAEM\u00e9x REFUERZA SU COMPROMISO CON LA SOCIEDAD, A TRAV\u00c9S DE LA FORMACI\u00d3N DE PROFESIONALES EN AGRONOM\u00cdA"}]},{"@type":"WebSite","@id":"https:\/\/expressometro.mx\/#website","url":"https:\/\/expressometro.mx\/","name":"Expresso Metropolitano","description":"Periodismo comprometido, informaci\u00f3n, investigaci\u00f3n y an\u00e1lisis","publisher":{"@id":"https:\/\/expressometro.mx\/#organization"},"potentialAction":[{"@type":"SearchAction","target":{"@type":"EntryPoint","urlTemplate":"https:\/\/expressometro.mx\/?s={search_term_string}"},"query-input":{"@type":"PropertyValueSpecification","valueRequired":true,"valueName":"search_term_string"}}],"inLanguage":"es"},{"@type":"Organization","@id":"https:\/\/expressometro.mx\/#organization","name":"Expresso Metropolitano","url":"https:\/\/expressometro.mx\/","logo":{"@type":"ImageObject","inLanguage":"es","@id":"https:\/\/expressometro.mx\/#\/schema\/logo\/image\/","url":"https:\/\/expressometro.mx\/wp-content\/uploads\/2019\/07\/cropped-Logo-Expresso-Metropolitano-1-1.jpeg","contentUrl":"https:\/\/expressometro.mx\/wp-content\/uploads\/2019\/07\/cropped-Logo-Expresso-Metropolitano-1-1.jpeg","width":290,"height":73,"caption":"Expresso Metropolitano"},"image":{"@id":"https:\/\/expressometro.mx\/#\/schema\/logo\/image\/"}},{"@type":"Person","@id":"https:\/\/expressometro.mx\/#\/schema\/person\/efa971b4a0664db8ed5c22b1b0dd2f5d","name":"Expresso Metropolitano","image":{"@type":"ImageObject","inLanguage":"es","@id":"https:\/\/secure.gravatar.com\/avatar\/a89f802b8de18c6952f223c88d3d106e9e3679839f4e25a02f4a6cc2ae6ba3b3?s=96&d=mm&r=g","url":"https:\/\/secure.gravatar.com\/avatar\/a89f802b8de18c6952f223c88d3d106e9e3679839f4e25a02f4a6cc2ae6ba3b3?s=96&d=mm&r=g","contentUrl":"https:\/\/secure.gravatar.com\/avatar\/a89f802b8de18c6952f223c88d3d106e9e3679839f4e25a02f4a6cc2ae6ba3b3?s=96&d=mm&r=g","caption":"Expresso Metropolitano"},"url":"https:\/\/expressometro.mx\/index.php\/author\/diego\/"}]}},"amp_enabled":true,"_links":{"self":[{"href":"https:\/\/expressometro.mx\/index.php\/wp-json\/wp\/v2\/posts\/10102","targetHints":{"allow":["GET"]}}],"collection":[{"href":"https:\/\/expressometro.mx\/index.php\/wp-json\/wp\/v2\/posts"}],"about":[{"href":"https:\/\/expressometro.mx\/index.php\/wp-json\/wp\/v2\/types\/post"}],"author":[{"embeddable":true,"href":"https:\/\/expressometro.mx\/index.php\/wp-json\/wp\/v2\/users\/1"}],"replies":[{"embeddable":true,"href":"https:\/\/expressometro.mx\/index.php\/wp-json\/wp\/v2\/comments?post=10102"}],"version-history":[{"count":1,"href":"https:\/\/expressometro.mx\/index.php\/wp-json\/wp\/v2\/posts\/10102\/revisions"}],"predecessor-version":[{"id":10106,"href":"https:\/\/expressometro.mx\/index.php\/wp-json\/wp\/v2\/posts\/10102\/revisions\/10106"}],"wp:featuredmedia":[{"embeddable":true,"href":"https:\/\/expressometro.mx\/index.php\/wp-json\/wp\/v2\/media\/10104"}],"wp:attachment":[{"href":"https:\/\/expressometro.mx\/index.php\/wp-json\/wp\/v2\/media?parent=10102"}],"wp:term":[{"taxonomy":"category","embeddable":true,"href":"https:\/\/expressometro.mx\/index.php\/wp-json\/wp\/v2\/categories?post=10102"},{"taxonomy":"post_tag","embeddable":true,"href":"https:\/\/expressometro.mx\/index.php\/wp-json\/wp\/v2\/tags?post=10102"}],"curies":[{"name":"wp","href":"https:\/\/api.w.org\/{rel}","templated":true}]}}