{"id":1010,"date":"2019-10-28T15:10:03","date_gmt":"2019-10-28T21:10:03","guid":{"rendered":"http:\/\/expressometro.mx\/?p=1010"},"modified":"2019-10-29T15:12:24","modified_gmt":"2019-10-29T21:12:24","slug":"registra-edomex-disminucion-en-robo-en-transporte-publico-y-robo-de-vehiculo-alfredo-del-mazo","status":"publish","type":"post","link":"https:\/\/expressometro.mx\/index.php\/2019\/10\/28\/registra-edomex-disminucion-en-robo-en-transporte-publico-y-robo-de-vehiculo-alfredo-del-mazo\/","title":{"rendered":"REGISTRA EDOM\u00c9X DISMINUCI\u00d3N EN ROBO EN TRANSPORTE P\u00daBLICO Y ROBO DE VEH\u00cdCULO: ALFREDO DEL MAZO"},"content":{"rendered":"\n<p>El Gobernador Alfredo Del Mazo Maza asegur\u00f3 que, producto del trabajo que realiza su administraci\u00f3n para ofrecer mayor seguridad a los mexiquenses, durante las \u00faltimas cinco semanas se ha conseguido disminuir el robo en el transporte p\u00fablico en el Estado de M\u00e9xico, adem\u00e1s de que tambi\u00e9n se redujo en 8 por ciento el robo de veh\u00edculo.<\/p>\n\n\n\n<p>Asegur\u00f3 que a trav\u00e9s de diversos despliegues de seguridad, de la regularizaci\u00f3n de concesiones del transporte p\u00fablico y del empleo de la tecnolog\u00eda en unidades de transporte, el Gobierno mexiquense hace frente a este delito, una de las exigencias m\u00e1s sentidas y recurrentes de la ciudadan\u00eda.<\/p>\n\n\n\n<p>\u201cEl robo a transporte p\u00fablico es de lo que m\u00e1s sufren las familias mexiquenses y ah\u00ed todos debemos hacer un gran esfuerzo para poder brindar un mejor servicio. Hemos logrado disminuir en m\u00e1s de 8 por ciento el robo a veh\u00edculo, por ejemplo, llevamos cinco semanas seguidas con disminuciones en el robo a transporte p\u00fablico.<\/p>\n\n\n\n<p>\u201cY se los digo porque todos los d\u00edas tenemos permanentemente reuniones para darle seguimiento a los temas, ahorita vengo justamente de una de ellas y ha ido disminuyendo, poco a poco, en estas \u00faltimas cinco semanas, cuando menos, el robo al transporte p\u00fablico\u201d, puntualiz\u00f3.<\/p>\n\n\n\n<p>En el banderazo de salida de 50 unidades ecol\u00f3gicas de transporte, equipadas con kit de seguridad, Del Mazo Maza destac\u00f3 que en el Valle de M\u00e9xico se realizan m\u00e1s de 34 millones de viajes diarios, de los cuales, 17 millones se dan en 58 municipios mexiquenses, y de ellos pr\u00e1cticamente el 60 por ciento se hacen en unidades de transporte p\u00fablico.<\/p>\n\n\n\n<p>Por ello, el mandatario estatal consider\u00f3 indispensable fortalecer la seguridad de los pasajeros, en especial en esta zona que registra la mayor cantidad de traslados, a trav\u00e9s de la modernizaci\u00f3n de unidades con dispositivos de seguridad, como c\u00e1maras de videovigilancia, botones de p\u00e1nico o sistemas GPS, as\u00ed como mediante la revisi\u00f3n de concesiones, de las cuales se han regularizado 99 mil a la fecha, as\u00ed como operativos con perspectiva de g\u00e9nero que alienten la denuncia.<\/p>\n\n\n\n<p>\u201cNos ayudan a inhibir, primero que nada, porque el delincuente que se sube a una unidad y ve que tiene una c\u00e1mara prefiere subirse a otra que no la tiene, porque sabe que aunque pueda cometer un delito ah\u00ed, su imagen queda grabada y esa imagen nos permite, el d\u00eda de ma\u00f1ana, darle seguimiento a la denuncia y poder dar con los delincuentes que est\u00e1n cometiendo estos delitos\u201d, extern\u00f3.<\/p>\n\n\n\n<p>En la Unidad Deportiva \u201cLuis Donaldo Colosio\u201d, donde salud\u00f3 a l\u00edderes transportistas, operadoras y operadores de unidades que cubren rutas en la regi\u00f3n oriente del estado, as\u00ed como a funcionarios p\u00fablicos, Alfredo Del Mazo record\u00f3 que en la estrategia de seguridad, el Edom\u00e9x est\u00e1 coordinado con el Gobierno de la Ciudad de M\u00e9xico para compartir informaci\u00f3n o trabajo de inteligencia que permita capturar criminales, y subray\u00f3 que tanto los polic\u00edas del estado como los de la capital del pa\u00eds, pueden cruzar los l\u00edmites territoriales para perseguir delincuentes.<\/p>\n\n\n\n<p>Del Mazo Maza dio a conocer que actualmente m\u00e1s de 12 mil 400 unidades de transporte p\u00fablico ya tienen instalados sus sistemas de videovigilancia, y que algunas de \u00e9stas operan en alguno de los mil 200 corredores de distintas regiones del estado,&nbsp; donde ayudan a inhibir la delincuencia.<\/p>\n\n\n\n<p>Destac\u00f3 que tambi\u00e9n se han realizado 880 operativos para revisar concesiones y licencias, adem\u00e1s de que se han renovado m\u00e1s de 40 mil unidades que ten\u00edan 10 o m\u00e1s a\u00f1os de antig\u00fcedad, por unidades nuevas, que contribuyen al cuidado ambiental.<\/p>\n\n\n\n<p>\u201cLas unidades que se cambian a unidades de gas natural, por ejemplo, como las que est\u00e1n aqu\u00ed entreg\u00e1ndose el d\u00eda de hoy, tienen un ahorro de combustible, en el consumo de combustible de casi el 50 por ciento. Me dec\u00eda Beatriz que pr\u00e1cticamente en seis meses, siete meses, se paga la inversi\u00f3n para hacer el cambio a unidades de gas, y esto adem\u00e1s del ahorro que genera en el consumo de energ\u00eda, lo que disminuye a la contaminaci\u00f3n y por supuesto la eficiencia que se da a estas unidades de transporte\u201d, extern\u00f3.<\/p>\n\n\n\n<p>Alfredo Del Mazo, acompa\u00f1ado por los Secretarios de Movilidad y de Obra P\u00fablica, Raymundo Mart\u00ednez Carbajal y Rafael D\u00edaz Leal Barrueta, respectivamente, as\u00ed como por Beatriz Oviedo P\u00e9rez, Presidenta de la Coordinaci\u00f3n de Organizaciones para el Mejoramiento del Transporte y el Alcalde de Valle de Chalco, Francisco Tenorio Contreras, dio el banderazo de salida a 25 vagonetas de gas natural, de la empresa Autotransportes Unidos del Sureste, 15 vagonetas Urvan, de Sitios Unidos y Rutas del Distrito de Valle de Xico, y 10 taxis de Autotransportes Colectivos Radio Taxis de Atlautla.<\/p>\n\n\n\n<p>Beatriz Oviedo P\u00e9rez, Presidenta de la Coordinaci\u00f3n de Organizaciones para el Mejoramiento del Transporte refrend\u00f3 el compromiso de esta organizaci\u00f3n para caminar de la mano con las pol\u00edticas de la Secretar\u00eda de Movilidad, y consider\u00f3 que la modernizaci\u00f3n de este parque vehicular es una obligaci\u00f3n y necesidad de los transportistas y las autoridades, ya que ambos velan por el bien com\u00fan de los mexiquenses.<\/p>\n\n\n\n<p>Raymundo Mart\u00ednez Carbajal, Secretario de Movilidad, afirm\u00f3 que el prop\u00f3sito de estas acciones es agilizar&nbsp; el traslado de quienes utilizan este servicio como medio de transporte, a la par de ofrecerles trayectos seguros, e indic\u00f3 que tambi\u00e9n se integran los aportes de los transportistas en el trabajo que hace el observatorio ciudadano, para la confirmaci\u00f3n&nbsp; de pol\u00edticas en esta materia.<\/p>\n","protected":false},"excerpt":{"rendered":"<p>El Gobernador Alfredo Del Mazo Maza asegur\u00f3 que, producto del trabajo que realiza su administraci\u00f3n para ofrecer mayor seguridad a los mexiquenses, durante las \u00faltimas cinco semanas se ha conseguido disminuir el robo en el transporte p\u00fablico en el Estado de M\u00e9xico, adem\u00e1s de que tambi\u00e9n se redujo en 8 por ciento el robo de veh\u00edculo. Asegur\u00f3 que a trav\u00e9s de diversos despliegues de seguridad, de la regularizaci\u00f3n de concesiones del transporte p\u00fablico y del empleo de la tecnolog\u00eda en unidades de transporte, el Gobierno mexiquense hace frente a este&hellip;<\/p>\n","protected":false},"author":1,"featured_media":1011,"comment_status":"open","ping_status":"open","sticky":false,"template":"","format":"standard","meta":{"footnotes":""},"categories":[3,6],"tags":[],"class_list":["post-1010","post","type-post","status-publish","format-standard","has-post-thumbnail","hentry","category-gobierno","category-seguridad"],"yoast_head":"<!-- This site is optimized with the Yoast SEO plugin v27.4 - https:\/\/yoast.com\/product\/yoast-seo-wordpress\/ -->\n<title>REGISTRA EDOM\u00c9X DISMINUCI\u00d3N EN ROBO EN TRANSPORTE P\u00daBLICO Y ROBO DE VEH\u00cdCULO: ALFREDO DEL MAZO - Expresso Metropolitano<\/title>\n<meta name=\"robots\" content=\"index, follow, max-snippet:-1, max-image-preview:large, max-video-preview:-1\" \/>\n<link rel=\"canonical\" href=\"https:\/\/expressometro.mx\/index.php\/2019\/10\/28\/registra-edomex-disminucion-en-robo-en-transporte-publico-y-robo-de-vehiculo-alfredo-del-mazo\/\" \/>\n<meta property=\"og:locale\" content=\"es_MX\" \/>\n<meta property=\"og:type\" content=\"article\" \/>\n<meta property=\"og:title\" content=\"REGISTRA EDOM\u00c9X DISMINUCI\u00d3N EN ROBO EN TRANSPORTE P\u00daBLICO Y ROBO DE VEH\u00cdCULO: ALFREDO DEL MAZO - Expresso Metropolitano\" \/>\n<meta property=\"og:description\" content=\"El Gobernador Alfredo Del Mazo Maza asegur\u00f3 que, producto del trabajo que realiza su administraci\u00f3n para ofrecer mayor seguridad a los mexiquenses, durante las \u00faltimas cinco semanas se ha conseguido disminuir el robo en el transporte p\u00fablico en el Estado de M\u00e9xico, adem\u00e1s de que tambi\u00e9n se redujo en 8 por ciento el robo de veh\u00edculo. Asegur\u00f3 que a trav\u00e9s de diversos despliegues de seguridad, de la regularizaci\u00f3n de concesiones del transporte p\u00fablico y del empleo de la tecnolog\u00eda en unidades de transporte, el Gobierno mexiquense hace frente a este&hellip;\" \/>\n<meta property=\"og:url\" content=\"https:\/\/expressometro.mx\/index.php\/2019\/10\/28\/registra-edomex-disminucion-en-robo-en-transporte-publico-y-robo-de-vehiculo-alfredo-del-mazo\/\" \/>\n<meta property=\"og:site_name\" content=\"Expresso Metropolitano\" \/>\n<meta property=\"article:published_time\" content=\"2019-10-28T21:10:03+00:00\" \/>\n<meta property=\"article:modified_time\" content=\"2019-10-29T21:12:24+00:00\" \/>\n<meta property=\"og:image\" content=\"https:\/\/expressometro.mx\/wp-content\/uploads\/2019\/10\/w2_10171_10.jpg\" \/>\n\t<meta property=\"og:image:width\" content=\"2214\" \/>\n\t<meta property=\"og:image:height\" content=\"1536\" \/>\n\t<meta property=\"og:image:type\" content=\"image\/jpeg\" \/>\n<meta name=\"author\" content=\"Expresso Metropolitano\" \/>\n<meta name=\"twitter:label1\" content=\"Escrito por\" \/>\n\t<meta name=\"twitter:data1\" content=\"Expresso Metropolitano\" \/>\n\t<meta name=\"twitter:label2\" content=\"Tiempo de lectura\" \/>\n\t<meta name=\"twitter:data2\" content=\"5 minutos\" \/>\n<script type=\"application\/ld+json\" class=\"yoast-schema-graph\">{\"@context\":\"https:\\\/\\\/schema.org\",\"@graph\":[{\"@type\":\"Article\",\"@id\":\"https:\\\/\\\/expressometro.mx\\\/index.php\\\/2019\\\/10\\\/28\\\/registra-edomex-disminucion-en-robo-en-transporte-publico-y-robo-de-vehiculo-alfredo-del-mazo\\\/#article\",\"isPartOf\":{\"@id\":\"https:\\\/\\\/expressometro.mx\\\/index.php\\\/2019\\\/10\\\/28\\\/registra-edomex-disminucion-en-robo-en-transporte-publico-y-robo-de-vehiculo-alfredo-del-mazo\\\/\"},\"author\":{\"name\":\"Expresso Metropolitano\",\"@id\":\"https:\\\/\\\/expressometro.mx\\\/#\\\/schema\\\/person\\\/efa971b4a0664db8ed5c22b1b0dd2f5d\"},\"headline\":\"REGISTRA EDOM\u00c9X DISMINUCI\u00d3N EN ROBO EN TRANSPORTE P\u00daBLICO Y ROBO DE VEH\u00cdCULO: ALFREDO DEL MAZO\",\"datePublished\":\"2019-10-28T21:10:03+00:00\",\"dateModified\":\"2019-10-29T21:12:24+00:00\",\"mainEntityOfPage\":{\"@id\":\"https:\\\/\\\/expressometro.mx\\\/index.php\\\/2019\\\/10\\\/28\\\/registra-edomex-disminucion-en-robo-en-transporte-publico-y-robo-de-vehiculo-alfredo-del-mazo\\\/\"},\"wordCount\":972,\"commentCount\":0,\"publisher\":{\"@id\":\"https:\\\/\\\/expressometro.mx\\\/#organization\"},\"image\":{\"@id\":\"https:\\\/\\\/expressometro.mx\\\/index.php\\\/2019\\\/10\\\/28\\\/registra-edomex-disminucion-en-robo-en-transporte-publico-y-robo-de-vehiculo-alfredo-del-mazo\\\/#primaryimage\"},\"thumbnailUrl\":\"https:\\\/\\\/expressometro.mx\\\/wp-content\\\/uploads\\\/2019\\\/10\\\/w2_10171_10.jpg\",\"articleSection\":[\"Gobierno\",\"Seguridad\"],\"inLanguage\":\"es\",\"potentialAction\":[{\"@type\":\"CommentAction\",\"name\":\"Comment\",\"target\":[\"https:\\\/\\\/expressometro.mx\\\/index.php\\\/2019\\\/10\\\/28\\\/registra-edomex-disminucion-en-robo-en-transporte-publico-y-robo-de-vehiculo-alfredo-del-mazo\\\/#respond\"]}]},{\"@type\":\"WebPage\",\"@id\":\"https:\\\/\\\/expressometro.mx\\\/index.php\\\/2019\\\/10\\\/28\\\/registra-edomex-disminucion-en-robo-en-transporte-publico-y-robo-de-vehiculo-alfredo-del-mazo\\\/\",\"url\":\"https:\\\/\\\/expressometro.mx\\\/index.php\\\/2019\\\/10\\\/28\\\/registra-edomex-disminucion-en-robo-en-transporte-publico-y-robo-de-vehiculo-alfredo-del-mazo\\\/\",\"name\":\"REGISTRA EDOM\u00c9X DISMINUCI\u00d3N EN ROBO EN TRANSPORTE P\u00daBLICO Y ROBO DE VEH\u00cdCULO: ALFREDO DEL MAZO - Expresso Metropolitano\",\"isPartOf\":{\"@id\":\"https:\\\/\\\/expressometro.mx\\\/#website\"},\"primaryImageOfPage\":{\"@id\":\"https:\\\/\\\/expressometro.mx\\\/index.php\\\/2019\\\/10\\\/28\\\/registra-edomex-disminucion-en-robo-en-transporte-publico-y-robo-de-vehiculo-alfredo-del-mazo\\\/#primaryimage\"},\"image\":{\"@id\":\"https:\\\/\\\/expressometro.mx\\\/index.php\\\/2019\\\/10\\\/28\\\/registra-edomex-disminucion-en-robo-en-transporte-publico-y-robo-de-vehiculo-alfredo-del-mazo\\\/#primaryimage\"},\"thumbnailUrl\":\"https:\\\/\\\/expressometro.mx\\\/wp-content\\\/uploads\\\/2019\\\/10\\\/w2_10171_10.jpg\",\"datePublished\":\"2019-10-28T21:10:03+00:00\",\"dateModified\":\"2019-10-29T21:12:24+00:00\",\"breadcrumb\":{\"@id\":\"https:\\\/\\\/expressometro.mx\\\/index.php\\\/2019\\\/10\\\/28\\\/registra-edomex-disminucion-en-robo-en-transporte-publico-y-robo-de-vehiculo-alfredo-del-mazo\\\/#breadcrumb\"},\"inLanguage\":\"es\",\"potentialAction\":[{\"@type\":\"ReadAction\",\"target\":[\"https:\\\/\\\/expressometro.mx\\\/index.php\\\/2019\\\/10\\\/28\\\/registra-edomex-disminucion-en-robo-en-transporte-publico-y-robo-de-vehiculo-alfredo-del-mazo\\\/\"]}]},{\"@type\":\"ImageObject\",\"inLanguage\":\"es\",\"@id\":\"https:\\\/\\\/expressometro.mx\\\/index.php\\\/2019\\\/10\\\/28\\\/registra-edomex-disminucion-en-robo-en-transporte-publico-y-robo-de-vehiculo-alfredo-del-mazo\\\/#primaryimage\",\"url\":\"https:\\\/\\\/expressometro.mx\\\/wp-content\\\/uploads\\\/2019\\\/10\\\/w2_10171_10.jpg\",\"contentUrl\":\"https:\\\/\\\/expressometro.mx\\\/wp-content\\\/uploads\\\/2019\\\/10\\\/w2_10171_10.jpg\",\"width\":2214,\"height\":1536},{\"@type\":\"BreadcrumbList\",\"@id\":\"https:\\\/\\\/expressometro.mx\\\/index.php\\\/2019\\\/10\\\/28\\\/registra-edomex-disminucion-en-robo-en-transporte-publico-y-robo-de-vehiculo-alfredo-del-mazo\\\/#breadcrumb\",\"itemListElement\":[{\"@type\":\"ListItem\",\"position\":1,\"name\":\"Inicio\",\"item\":\"https:\\\/\\\/expressometro.mx\\\/\"},{\"@type\":\"ListItem\",\"position\":2,\"name\":\"REGISTRA EDOM\u00c9X DISMINUCI\u00d3N EN ROBO EN TRANSPORTE P\u00daBLICO Y ROBO DE VEH\u00cdCULO: ALFREDO DEL MAZO\"}]},{\"@type\":\"WebSite\",\"@id\":\"https:\\\/\\\/expressometro.mx\\\/#website\",\"url\":\"https:\\\/\\\/expressometro.mx\\\/\",\"name\":\"Expresso Metropolitano\",\"description\":\"Periodismo comprometido, informaci\u00f3n, investigaci\u00f3n y an\u00e1lisis\",\"publisher\":{\"@id\":\"https:\\\/\\\/expressometro.mx\\\/#organization\"},\"potentialAction\":[{\"@type\":\"SearchAction\",\"target\":{\"@type\":\"EntryPoint\",\"urlTemplate\":\"https:\\\/\\\/expressometro.mx\\\/?s={search_term_string}\"},\"query-input\":{\"@type\":\"PropertyValueSpecification\",\"valueRequired\":true,\"valueName\":\"search_term_string\"}}],\"inLanguage\":\"es\"},{\"@type\":\"Organization\",\"@id\":\"https:\\\/\\\/expressometro.mx\\\/#organization\",\"name\":\"Expresso Metropolitano\",\"url\":\"https:\\\/\\\/expressometro.mx\\\/\",\"logo\":{\"@type\":\"ImageObject\",\"inLanguage\":\"es\",\"@id\":\"https:\\\/\\\/expressometro.mx\\\/#\\\/schema\\\/logo\\\/image\\\/\",\"url\":\"https:\\\/\\\/expressometro.mx\\\/wp-content\\\/uploads\\\/2019\\\/07\\\/cropped-Logo-Expresso-Metropolitano-1-1.jpeg\",\"contentUrl\":\"https:\\\/\\\/expressometro.mx\\\/wp-content\\\/uploads\\\/2019\\\/07\\\/cropped-Logo-Expresso-Metropolitano-1-1.jpeg\",\"width\":290,\"height\":73,\"caption\":\"Expresso Metropolitano\"},\"image\":{\"@id\":\"https:\\\/\\\/expressometro.mx\\\/#\\\/schema\\\/logo\\\/image\\\/\"}},{\"@type\":\"Person\",\"@id\":\"https:\\\/\\\/expressometro.mx\\\/#\\\/schema\\\/person\\\/efa971b4a0664db8ed5c22b1b0dd2f5d\",\"name\":\"Expresso Metropolitano\",\"image\":{\"@type\":\"ImageObject\",\"inLanguage\":\"es\",\"@id\":\"https:\\\/\\\/secure.gravatar.com\\\/avatar\\\/a89f802b8de18c6952f223c88d3d106e9e3679839f4e25a02f4a6cc2ae6ba3b3?s=96&d=mm&r=g\",\"url\":\"https:\\\/\\\/secure.gravatar.com\\\/avatar\\\/a89f802b8de18c6952f223c88d3d106e9e3679839f4e25a02f4a6cc2ae6ba3b3?s=96&d=mm&r=g\",\"contentUrl\":\"https:\\\/\\\/secure.gravatar.com\\\/avatar\\\/a89f802b8de18c6952f223c88d3d106e9e3679839f4e25a02f4a6cc2ae6ba3b3?s=96&d=mm&r=g\",\"caption\":\"Expresso Metropolitano\"},\"url\":\"https:\\\/\\\/expressometro.mx\\\/index.php\\\/author\\\/diego\\\/\"}]}<\/script>\n<!-- \/ Yoast SEO plugin. -->","yoast_head_json":{"title":"REGISTRA EDOM\u00c9X DISMINUCI\u00d3N EN ROBO EN TRANSPORTE P\u00daBLICO Y ROBO DE VEH\u00cdCULO: ALFREDO DEL MAZO - Expresso Metropolitano","robots":{"index":"index","follow":"follow","max-snippet":"max-snippet:-1","max-image-preview":"max-image-preview:large","max-video-preview":"max-video-preview:-1"},"canonical":"https:\/\/expressometro.mx\/index.php\/2019\/10\/28\/registra-edomex-disminucion-en-robo-en-transporte-publico-y-robo-de-vehiculo-alfredo-del-mazo\/","og_locale":"es_MX","og_type":"article","og_title":"REGISTRA EDOM\u00c9X DISMINUCI\u00d3N EN ROBO EN TRANSPORTE P\u00daBLICO Y ROBO DE VEH\u00cdCULO: ALFREDO DEL MAZO - Expresso Metropolitano","og_description":"El Gobernador Alfredo Del Mazo Maza asegur\u00f3 que, producto del trabajo que realiza su administraci\u00f3n para ofrecer mayor seguridad a los mexiquenses, durante las \u00faltimas cinco semanas se ha conseguido disminuir el robo en el transporte p\u00fablico en el Estado de M\u00e9xico, adem\u00e1s de que tambi\u00e9n se redujo en 8 por ciento el robo de veh\u00edculo. Asegur\u00f3 que a trav\u00e9s de diversos despliegues de seguridad, de la regularizaci\u00f3n de concesiones del transporte p\u00fablico y del empleo de la tecnolog\u00eda en unidades de transporte, el Gobierno mexiquense hace frente a este&hellip;","og_url":"https:\/\/expressometro.mx\/index.php\/2019\/10\/28\/registra-edomex-disminucion-en-robo-en-transporte-publico-y-robo-de-vehiculo-alfredo-del-mazo\/","og_site_name":"Expresso Metropolitano","article_published_time":"2019-10-28T21:10:03+00:00","article_modified_time":"2019-10-29T21:12:24+00:00","og_image":[{"width":2214,"height":1536,"url":"https:\/\/expressometro.mx\/wp-content\/uploads\/2019\/10\/w2_10171_10.jpg","type":"image\/jpeg"}],"author":"Expresso Metropolitano","twitter_misc":{"Escrito por":"Expresso Metropolitano","Tiempo de lectura":"5 minutos"},"schema":{"@context":"https:\/\/schema.org","@graph":[{"@type":"Article","@id":"https:\/\/expressometro.mx\/index.php\/2019\/10\/28\/registra-edomex-disminucion-en-robo-en-transporte-publico-y-robo-de-vehiculo-alfredo-del-mazo\/#article","isPartOf":{"@id":"https:\/\/expressometro.mx\/index.php\/2019\/10\/28\/registra-edomex-disminucion-en-robo-en-transporte-publico-y-robo-de-vehiculo-alfredo-del-mazo\/"},"author":{"name":"Expresso Metropolitano","@id":"https:\/\/expressometro.mx\/#\/schema\/person\/efa971b4a0664db8ed5c22b1b0dd2f5d"},"headline":"REGISTRA EDOM\u00c9X DISMINUCI\u00d3N EN ROBO EN TRANSPORTE P\u00daBLICO Y ROBO DE VEH\u00cdCULO: ALFREDO DEL MAZO","datePublished":"2019-10-28T21:10:03+00:00","dateModified":"2019-10-29T21:12:24+00:00","mainEntityOfPage":{"@id":"https:\/\/expressometro.mx\/index.php\/2019\/10\/28\/registra-edomex-disminucion-en-robo-en-transporte-publico-y-robo-de-vehiculo-alfredo-del-mazo\/"},"wordCount":972,"commentCount":0,"publisher":{"@id":"https:\/\/expressometro.mx\/#organization"},"image":{"@id":"https:\/\/expressometro.mx\/index.php\/2019\/10\/28\/registra-edomex-disminucion-en-robo-en-transporte-publico-y-robo-de-vehiculo-alfredo-del-mazo\/#primaryimage"},"thumbnailUrl":"https:\/\/expressometro.mx\/wp-content\/uploads\/2019\/10\/w2_10171_10.jpg","articleSection":["Gobierno","Seguridad"],"inLanguage":"es","potentialAction":[{"@type":"CommentAction","name":"Comment","target":["https:\/\/expressometro.mx\/index.php\/2019\/10\/28\/registra-edomex-disminucion-en-robo-en-transporte-publico-y-robo-de-vehiculo-alfredo-del-mazo\/#respond"]}]},{"@type":"WebPage","@id":"https:\/\/expressometro.mx\/index.php\/2019\/10\/28\/registra-edomex-disminucion-en-robo-en-transporte-publico-y-robo-de-vehiculo-alfredo-del-mazo\/","url":"https:\/\/expressometro.mx\/index.php\/2019\/10\/28\/registra-edomex-disminucion-en-robo-en-transporte-publico-y-robo-de-vehiculo-alfredo-del-mazo\/","name":"REGISTRA EDOM\u00c9X DISMINUCI\u00d3N EN ROBO EN TRANSPORTE P\u00daBLICO Y ROBO DE VEH\u00cdCULO: ALFREDO DEL MAZO - Expresso Metropolitano","isPartOf":{"@id":"https:\/\/expressometro.mx\/#website"},"primaryImageOfPage":{"@id":"https:\/\/expressometro.mx\/index.php\/2019\/10\/28\/registra-edomex-disminucion-en-robo-en-transporte-publico-y-robo-de-vehiculo-alfredo-del-mazo\/#primaryimage"},"image":{"@id":"https:\/\/expressometro.mx\/index.php\/2019\/10\/28\/registra-edomex-disminucion-en-robo-en-transporte-publico-y-robo-de-vehiculo-alfredo-del-mazo\/#primaryimage"},"thumbnailUrl":"https:\/\/expressometro.mx\/wp-content\/uploads\/2019\/10\/w2_10171_10.jpg","datePublished":"2019-10-28T21:10:03+00:00","dateModified":"2019-10-29T21:12:24+00:00","breadcrumb":{"@id":"https:\/\/expressometro.mx\/index.php\/2019\/10\/28\/registra-edomex-disminucion-en-robo-en-transporte-publico-y-robo-de-vehiculo-alfredo-del-mazo\/#breadcrumb"},"inLanguage":"es","potentialAction":[{"@type":"ReadAction","target":["https:\/\/expressometro.mx\/index.php\/2019\/10\/28\/registra-edomex-disminucion-en-robo-en-transporte-publico-y-robo-de-vehiculo-alfredo-del-mazo\/"]}]},{"@type":"ImageObject","inLanguage":"es","@id":"https:\/\/expressometro.mx\/index.php\/2019\/10\/28\/registra-edomex-disminucion-en-robo-en-transporte-publico-y-robo-de-vehiculo-alfredo-del-mazo\/#primaryimage","url":"https:\/\/expressometro.mx\/wp-content\/uploads\/2019\/10\/w2_10171_10.jpg","contentUrl":"https:\/\/expressometro.mx\/wp-content\/uploads\/2019\/10\/w2_10171_10.jpg","width":2214,"height":1536},{"@type":"BreadcrumbList","@id":"https:\/\/expressometro.mx\/index.php\/2019\/10\/28\/registra-edomex-disminucion-en-robo-en-transporte-publico-y-robo-de-vehiculo-alfredo-del-mazo\/#breadcrumb","itemListElement":[{"@type":"ListItem","position":1,"name":"Inicio","item":"https:\/\/expressometro.mx\/"},{"@type":"ListItem","position":2,"name":"REGISTRA EDOM\u00c9X DISMINUCI\u00d3N EN ROBO EN TRANSPORTE P\u00daBLICO Y ROBO DE VEH\u00cdCULO: ALFREDO DEL MAZO"}]},{"@type":"WebSite","@id":"https:\/\/expressometro.mx\/#website","url":"https:\/\/expressometro.mx\/","name":"Expresso Metropolitano","description":"Periodismo comprometido, informaci\u00f3n, investigaci\u00f3n y an\u00e1lisis","publisher":{"@id":"https:\/\/expressometro.mx\/#organization"},"potentialAction":[{"@type":"SearchAction","target":{"@type":"EntryPoint","urlTemplate":"https:\/\/expressometro.mx\/?s={search_term_string}"},"query-input":{"@type":"PropertyValueSpecification","valueRequired":true,"valueName":"search_term_string"}}],"inLanguage":"es"},{"@type":"Organization","@id":"https:\/\/expressometro.mx\/#organization","name":"Expresso Metropolitano","url":"https:\/\/expressometro.mx\/","logo":{"@type":"ImageObject","inLanguage":"es","@id":"https:\/\/expressometro.mx\/#\/schema\/logo\/image\/","url":"https:\/\/expressometro.mx\/wp-content\/uploads\/2019\/07\/cropped-Logo-Expresso-Metropolitano-1-1.jpeg","contentUrl":"https:\/\/expressometro.mx\/wp-content\/uploads\/2019\/07\/cropped-Logo-Expresso-Metropolitano-1-1.jpeg","width":290,"height":73,"caption":"Expresso Metropolitano"},"image":{"@id":"https:\/\/expressometro.mx\/#\/schema\/logo\/image\/"}},{"@type":"Person","@id":"https:\/\/expressometro.mx\/#\/schema\/person\/efa971b4a0664db8ed5c22b1b0dd2f5d","name":"Expresso Metropolitano","image":{"@type":"ImageObject","inLanguage":"es","@id":"https:\/\/secure.gravatar.com\/avatar\/a89f802b8de18c6952f223c88d3d106e9e3679839f4e25a02f4a6cc2ae6ba3b3?s=96&d=mm&r=g","url":"https:\/\/secure.gravatar.com\/avatar\/a89f802b8de18c6952f223c88d3d106e9e3679839f4e25a02f4a6cc2ae6ba3b3?s=96&d=mm&r=g","contentUrl":"https:\/\/secure.gravatar.com\/avatar\/a89f802b8de18c6952f223c88d3d106e9e3679839f4e25a02f4a6cc2ae6ba3b3?s=96&d=mm&r=g","caption":"Expresso Metropolitano"},"url":"https:\/\/expressometro.mx\/index.php\/author\/diego\/"}]}},"amp_enabled":true,"_links":{"self":[{"href":"https:\/\/expressometro.mx\/index.php\/wp-json\/wp\/v2\/posts\/1010","targetHints":{"allow":["GET"]}}],"collection":[{"href":"https:\/\/expressometro.mx\/index.php\/wp-json\/wp\/v2\/posts"}],"about":[{"href":"https:\/\/expressometro.mx\/index.php\/wp-json\/wp\/v2\/types\/post"}],"author":[{"embeddable":true,"href":"https:\/\/expressometro.mx\/index.php\/wp-json\/wp\/v2\/users\/1"}],"replies":[{"embeddable":true,"href":"https:\/\/expressometro.mx\/index.php\/wp-json\/wp\/v2\/comments?post=1010"}],"version-history":[{"count":1,"href":"https:\/\/expressometro.mx\/index.php\/wp-json\/wp\/v2\/posts\/1010\/revisions"}],"predecessor-version":[{"id":1012,"href":"https:\/\/expressometro.mx\/index.php\/wp-json\/wp\/v2\/posts\/1010\/revisions\/1012"}],"wp:featuredmedia":[{"embeddable":true,"href":"https:\/\/expressometro.mx\/index.php\/wp-json\/wp\/v2\/media\/1011"}],"wp:attachment":[{"href":"https:\/\/expressometro.mx\/index.php\/wp-json\/wp\/v2\/media?parent=1010"}],"wp:term":[{"taxonomy":"category","embeddable":true,"href":"https:\/\/expressometro.mx\/index.php\/wp-json\/wp\/v2\/categories?post=1010"},{"taxonomy":"post_tag","embeddable":true,"href":"https:\/\/expressometro.mx\/index.php\/wp-json\/wp\/v2\/tags?post=1010"}],"curies":[{"name":"wp","href":"https:\/\/api.w.org\/{rel}","templated":true}]}}