{"id":10081,"date":"2024-09-29T09:14:52","date_gmt":"2024-09-29T15:14:52","guid":{"rendered":"https:\/\/expressometro.mx\/?p=10081"},"modified":"2024-09-30T09:16:58","modified_gmt":"2024-09-30T15:16:58","slug":"el-priismo-mexiquense-esta-preparado-para-ser-mejor-opcion-de-gobierno","status":"publish","type":"post","link":"https:\/\/expressometro.mx\/index.php\/2024\/09\/29\/el-priismo-mexiquense-esta-preparado-para-ser-mejor-opcion-de-gobierno\/","title":{"rendered":"EL PRIISMO MEXIQUENSE EST\u00c1 PREPARADO PARA SER MEJOR OPCI\u00d3N DE GOBIERNO"},"content":{"rendered":"\n<ul class=\"wp-block-list\">\n<li>Tenemos un voto priista que se mantiene y que refleja la gran necesidad de construir otro destino para el pa\u00eds, asegur\u00f3 la presidenta estatal del PRI.<\/li>\n<\/ul>\n\n\n\n<p>Al dejar en claro que el PRI tiene una amplia y leal base territorial en el Estado de M\u00e9xico, la presidenta del CDE, Ana Lilia Herrera Anzaldo, manifest\u00f3 que pese a las adversidades la militancia est\u00e1 preparada para la m\u00e1s importante tarea de defender la democracia y ser la mejor opci\u00f3n de gobierno.<\/p>\n\n\n\n<p>En reuni\u00f3n con las estructuras seccionales de Toluca y acompa\u00f1ada del delegado del CEN del PRI, Jorge Meade, dijo que el priismo mexiquense sigue formando sus liderazgos en territorio para afrontar lo retos electorales que siguen porque \u201ctenemos mucho m\u00e1s que ofrecer a nuestro pa\u00eds\u201d.<\/p>\n\n\n\n<p>Ante el dirigente municipal del partido, An\u00edbal Gonz\u00e1lez Pedraza, Melissa Vargas, Jes\u00fas Izquierdo, Braulio Alvarez, Enrique Mendoza, Laura Pav\u00f3n y Armando Gardu\u00f1o, Ana Lilia Herrera hizo un reconocimiento a la base militante de Toluca por los votos que aportan al PRI para construir la patria que queremos.<\/p>\n\n\n\n<p>\u201cEl reto que viene para el PRI es formar una cadena con eslabones del mismo tama\u00f1o y dispuesta a escribir una nueva historia para la naci\u00f3n, ya vendr\u00e1n los acuerdos de abajo hacia arriba con liderazgos en territorio espec\u00edfico para que la movilidad pol\u00edtica permita que avance la fila\u201d, puntualiz\u00f3.<\/p>\n\n\n\n<p>En el acto donde se reconoci\u00f3 a priistas como Esther Moreno Galv\u00e1n que tiene casi 65 a\u00f1os de militancia, los liderazgos municipales de Toluca coincidieron en se\u00f1alar que es tiempo de unir fuerzas para trabajar por el partido y recuperar el municipio en las pr\u00f3ximas elecciones.<\/p>\n\n\n\n<p>En su intervenci\u00f3n, Jorge Meade resalt\u00f3 la labor de los priistas con causas sociales, \u201chay mucho PRI por delante y son m\u00e1s los leales en la militancia con la que trabajaremos para construir los triunfos del 2027\u201d.<\/p>\n","protected":false},"excerpt":{"rendered":"<p>Al dejar en claro que el PRI tiene una amplia y leal base territorial en el Estado de M\u00e9xico, la presidenta del CDE, Ana Lilia Herrera Anzaldo, manifest\u00f3 que pese a las adversidades la militancia est\u00e1 preparada para la m\u00e1s importante tarea de defender la democracia y ser la mejor opci\u00f3n de gobierno.<\/p>\n","protected":false},"author":1,"featured_media":10083,"comment_status":"open","ping_status":"open","sticky":false,"template":"","format":"standard","meta":{"footnotes":""},"categories":[3,1,231],"tags":[2281,1982,158],"class_list":["post-10081","post","type-post","status-publish","format-standard","has-post-thumbnail","hentry","category-gobierno","category-otros","category-politica","tag-ana-lilia-herrera-anzaldo","tag-edomex","tag-pri"],"yoast_head":"<!-- This site is optimized with the Yoast SEO plugin v27.5 - https:\/\/yoast.com\/product\/yoast-seo-wordpress\/ -->\n<title>EL PRIISMO MEXIQUENSE EST\u00c1 PREPARADO PARA SER MEJOR OPCI\u00d3N DE GOBIERNO - Expresso Metropolitano<\/title>\n<meta name=\"robots\" content=\"index, follow, max-snippet:-1, max-image-preview:large, max-video-preview:-1\" \/>\n<link rel=\"canonical\" href=\"https:\/\/expressometro.mx\/index.php\/2024\/09\/29\/el-priismo-mexiquense-esta-preparado-para-ser-mejor-opcion-de-gobierno\/\" \/>\n<meta property=\"og:locale\" content=\"es_MX\" \/>\n<meta property=\"og:type\" content=\"article\" \/>\n<meta property=\"og:title\" content=\"EL PRIISMO MEXIQUENSE EST\u00c1 PREPARADO PARA SER MEJOR OPCI\u00d3N DE GOBIERNO - Expresso Metropolitano\" \/>\n<meta property=\"og:description\" content=\"Al dejar en claro que el PRI tiene una amplia y leal base territorial en el Estado de M\u00e9xico, la presidenta del CDE, Ana Lilia Herrera Anzaldo, manifest\u00f3 que pese a las adversidades la militancia est\u00e1 preparada para la m\u00e1s importante tarea de defender la democracia y ser la mejor opci\u00f3n de gobierno.\" \/>\n<meta property=\"og:url\" content=\"https:\/\/expressometro.mx\/index.php\/2024\/09\/29\/el-priismo-mexiquense-esta-preparado-para-ser-mejor-opcion-de-gobierno\/\" \/>\n<meta property=\"og:site_name\" content=\"Expresso Metropolitano\" \/>\n<meta property=\"article:published_time\" content=\"2024-09-29T15:14:52+00:00\" \/>\n<meta property=\"article:modified_time\" content=\"2024-09-30T15:16:58+00:00\" \/>\n<meta property=\"og:image\" content=\"http:\/\/expressometro.mx\/wp-content\/uploads\/2024\/09\/WhatsApp-Image-2024-09-29-at-5.25.28-PM.jpeg\" \/>\n\t<meta property=\"og:image:width\" content=\"1600\" \/>\n\t<meta property=\"og:image:height\" content=\"1066\" \/>\n\t<meta property=\"og:image:type\" content=\"image\/jpeg\" \/>\n<meta name=\"author\" content=\"Expresso Metropolitano\" \/>\n<meta name=\"twitter:label1\" content=\"Escrito por\" \/>\n\t<meta name=\"twitter:data1\" content=\"Expresso Metropolitano\" \/>\n\t<meta name=\"twitter:label2\" content=\"Tiempo de lectura\" \/>\n\t<meta name=\"twitter:data2\" content=\"2 minutos\" \/>\n<script type=\"application\/ld+json\" class=\"yoast-schema-graph\">{\"@context\":\"https:\\\/\\\/schema.org\",\"@graph\":[{\"@type\":\"Article\",\"@id\":\"https:\\\/\\\/expressometro.mx\\\/index.php\\\/2024\\\/09\\\/29\\\/el-priismo-mexiquense-esta-preparado-para-ser-mejor-opcion-de-gobierno\\\/#article\",\"isPartOf\":{\"@id\":\"https:\\\/\\\/expressometro.mx\\\/index.php\\\/2024\\\/09\\\/29\\\/el-priismo-mexiquense-esta-preparado-para-ser-mejor-opcion-de-gobierno\\\/\"},\"author\":{\"name\":\"Expresso Metropolitano\",\"@id\":\"https:\\\/\\\/expressometro.mx\\\/#\\\/schema\\\/person\\\/efa971b4a0664db8ed5c22b1b0dd2f5d\"},\"headline\":\"EL PRIISMO MEXIQUENSE EST\u00c1 PREPARADO PARA SER MEJOR OPCI\u00d3N DE GOBIERNO\",\"datePublished\":\"2024-09-29T15:14:52+00:00\",\"dateModified\":\"2024-09-30T15:16:58+00:00\",\"mainEntityOfPage\":{\"@id\":\"https:\\\/\\\/expressometro.mx\\\/index.php\\\/2024\\\/09\\\/29\\\/el-priismo-mexiquense-esta-preparado-para-ser-mejor-opcion-de-gobierno\\\/\"},\"wordCount\":338,\"commentCount\":0,\"publisher\":{\"@id\":\"https:\\\/\\\/expressometro.mx\\\/#organization\"},\"image\":{\"@id\":\"https:\\\/\\\/expressometro.mx\\\/index.php\\\/2024\\\/09\\\/29\\\/el-priismo-mexiquense-esta-preparado-para-ser-mejor-opcion-de-gobierno\\\/#primaryimage\"},\"thumbnailUrl\":\"https:\\\/\\\/expressometro.mx\\\/wp-content\\\/uploads\\\/2024\\\/09\\\/WhatsApp-Image-2024-09-29-at-5.25.28-PM.jpeg\",\"keywords\":[\"Ana Lilia Herrera Anzaldo\",\"Edomex\",\"PRI\"],\"articleSection\":[\"Gobierno\",\"Otros\",\"Pol\u00edtica\"],\"inLanguage\":\"es\",\"potentialAction\":[{\"@type\":\"CommentAction\",\"name\":\"Comment\",\"target\":[\"https:\\\/\\\/expressometro.mx\\\/index.php\\\/2024\\\/09\\\/29\\\/el-priismo-mexiquense-esta-preparado-para-ser-mejor-opcion-de-gobierno\\\/#respond\"]}]},{\"@type\":\"WebPage\",\"@id\":\"https:\\\/\\\/expressometro.mx\\\/index.php\\\/2024\\\/09\\\/29\\\/el-priismo-mexiquense-esta-preparado-para-ser-mejor-opcion-de-gobierno\\\/\",\"url\":\"https:\\\/\\\/expressometro.mx\\\/index.php\\\/2024\\\/09\\\/29\\\/el-priismo-mexiquense-esta-preparado-para-ser-mejor-opcion-de-gobierno\\\/\",\"name\":\"EL PRIISMO MEXIQUENSE EST\u00c1 PREPARADO PARA SER MEJOR OPCI\u00d3N DE GOBIERNO - Expresso Metropolitano\",\"isPartOf\":{\"@id\":\"https:\\\/\\\/expressometro.mx\\\/#website\"},\"primaryImageOfPage\":{\"@id\":\"https:\\\/\\\/expressometro.mx\\\/index.php\\\/2024\\\/09\\\/29\\\/el-priismo-mexiquense-esta-preparado-para-ser-mejor-opcion-de-gobierno\\\/#primaryimage\"},\"image\":{\"@id\":\"https:\\\/\\\/expressometro.mx\\\/index.php\\\/2024\\\/09\\\/29\\\/el-priismo-mexiquense-esta-preparado-para-ser-mejor-opcion-de-gobierno\\\/#primaryimage\"},\"thumbnailUrl\":\"https:\\\/\\\/expressometro.mx\\\/wp-content\\\/uploads\\\/2024\\\/09\\\/WhatsApp-Image-2024-09-29-at-5.25.28-PM.jpeg\",\"datePublished\":\"2024-09-29T15:14:52+00:00\",\"dateModified\":\"2024-09-30T15:16:58+00:00\",\"breadcrumb\":{\"@id\":\"https:\\\/\\\/expressometro.mx\\\/index.php\\\/2024\\\/09\\\/29\\\/el-priismo-mexiquense-esta-preparado-para-ser-mejor-opcion-de-gobierno\\\/#breadcrumb\"},\"inLanguage\":\"es\",\"potentialAction\":[{\"@type\":\"ReadAction\",\"target\":[\"https:\\\/\\\/expressometro.mx\\\/index.php\\\/2024\\\/09\\\/29\\\/el-priismo-mexiquense-esta-preparado-para-ser-mejor-opcion-de-gobierno\\\/\"]}]},{\"@type\":\"ImageObject\",\"inLanguage\":\"es\",\"@id\":\"https:\\\/\\\/expressometro.mx\\\/index.php\\\/2024\\\/09\\\/29\\\/el-priismo-mexiquense-esta-preparado-para-ser-mejor-opcion-de-gobierno\\\/#primaryimage\",\"url\":\"https:\\\/\\\/expressometro.mx\\\/wp-content\\\/uploads\\\/2024\\\/09\\\/WhatsApp-Image-2024-09-29-at-5.25.28-PM.jpeg\",\"contentUrl\":\"https:\\\/\\\/expressometro.mx\\\/wp-content\\\/uploads\\\/2024\\\/09\\\/WhatsApp-Image-2024-09-29-at-5.25.28-PM.jpeg\",\"width\":1600,\"height\":1066},{\"@type\":\"BreadcrumbList\",\"@id\":\"https:\\\/\\\/expressometro.mx\\\/index.php\\\/2024\\\/09\\\/29\\\/el-priismo-mexiquense-esta-preparado-para-ser-mejor-opcion-de-gobierno\\\/#breadcrumb\",\"itemListElement\":[{\"@type\":\"ListItem\",\"position\":1,\"name\":\"Inicio\",\"item\":\"https:\\\/\\\/expressometro.mx\\\/\"},{\"@type\":\"ListItem\",\"position\":2,\"name\":\"EL PRIISMO MEXIQUENSE EST\u00c1 PREPARADO PARA SER MEJOR OPCI\u00d3N DE GOBIERNO\"}]},{\"@type\":\"WebSite\",\"@id\":\"https:\\\/\\\/expressometro.mx\\\/#website\",\"url\":\"https:\\\/\\\/expressometro.mx\\\/\",\"name\":\"Expresso Metropolitano\",\"description\":\"Periodismo comprometido, informaci\u00f3n, investigaci\u00f3n y an\u00e1lisis\",\"publisher\":{\"@id\":\"https:\\\/\\\/expressometro.mx\\\/#organization\"},\"potentialAction\":[{\"@type\":\"SearchAction\",\"target\":{\"@type\":\"EntryPoint\",\"urlTemplate\":\"https:\\\/\\\/expressometro.mx\\\/?s={search_term_string}\"},\"query-input\":{\"@type\":\"PropertyValueSpecification\",\"valueRequired\":true,\"valueName\":\"search_term_string\"}}],\"inLanguage\":\"es\"},{\"@type\":\"Organization\",\"@id\":\"https:\\\/\\\/expressometro.mx\\\/#organization\",\"name\":\"Expresso Metropolitano\",\"url\":\"https:\\\/\\\/expressometro.mx\\\/\",\"logo\":{\"@type\":\"ImageObject\",\"inLanguage\":\"es\",\"@id\":\"https:\\\/\\\/expressometro.mx\\\/#\\\/schema\\\/logo\\\/image\\\/\",\"url\":\"https:\\\/\\\/expressometro.mx\\\/wp-content\\\/uploads\\\/2019\\\/07\\\/cropped-Logo-Expresso-Metropolitano-1-1.jpeg\",\"contentUrl\":\"https:\\\/\\\/expressometro.mx\\\/wp-content\\\/uploads\\\/2019\\\/07\\\/cropped-Logo-Expresso-Metropolitano-1-1.jpeg\",\"width\":290,\"height\":73,\"caption\":\"Expresso Metropolitano\"},\"image\":{\"@id\":\"https:\\\/\\\/expressometro.mx\\\/#\\\/schema\\\/logo\\\/image\\\/\"}},{\"@type\":\"Person\",\"@id\":\"https:\\\/\\\/expressometro.mx\\\/#\\\/schema\\\/person\\\/efa971b4a0664db8ed5c22b1b0dd2f5d\",\"name\":\"Expresso Metropolitano\",\"image\":{\"@type\":\"ImageObject\",\"inLanguage\":\"es\",\"@id\":\"https:\\\/\\\/secure.gravatar.com\\\/avatar\\\/a89f802b8de18c6952f223c88d3d106e9e3679839f4e25a02f4a6cc2ae6ba3b3?s=96&d=mm&r=g\",\"url\":\"https:\\\/\\\/secure.gravatar.com\\\/avatar\\\/a89f802b8de18c6952f223c88d3d106e9e3679839f4e25a02f4a6cc2ae6ba3b3?s=96&d=mm&r=g\",\"contentUrl\":\"https:\\\/\\\/secure.gravatar.com\\\/avatar\\\/a89f802b8de18c6952f223c88d3d106e9e3679839f4e25a02f4a6cc2ae6ba3b3?s=96&d=mm&r=g\",\"caption\":\"Expresso Metropolitano\"},\"url\":\"https:\\\/\\\/expressometro.mx\\\/index.php\\\/author\\\/diego\\\/\"}]}<\/script>\n<!-- \/ Yoast SEO plugin. -->","yoast_head_json":{"title":"EL PRIISMO MEXIQUENSE EST\u00c1 PREPARADO PARA SER MEJOR OPCI\u00d3N DE GOBIERNO - Expresso Metropolitano","robots":{"index":"index","follow":"follow","max-snippet":"max-snippet:-1","max-image-preview":"max-image-preview:large","max-video-preview":"max-video-preview:-1"},"canonical":"https:\/\/expressometro.mx\/index.php\/2024\/09\/29\/el-priismo-mexiquense-esta-preparado-para-ser-mejor-opcion-de-gobierno\/","og_locale":"es_MX","og_type":"article","og_title":"EL PRIISMO MEXIQUENSE EST\u00c1 PREPARADO PARA SER MEJOR OPCI\u00d3N DE GOBIERNO - Expresso Metropolitano","og_description":"Al dejar en claro que el PRI tiene una amplia y leal base territorial en el Estado de M\u00e9xico, la presidenta del CDE, Ana Lilia Herrera Anzaldo, manifest\u00f3 que pese a las adversidades la militancia est\u00e1 preparada para la m\u00e1s importante tarea de defender la democracia y ser la mejor opci\u00f3n de gobierno.","og_url":"https:\/\/expressometro.mx\/index.php\/2024\/09\/29\/el-priismo-mexiquense-esta-preparado-para-ser-mejor-opcion-de-gobierno\/","og_site_name":"Expresso Metropolitano","article_published_time":"2024-09-29T15:14:52+00:00","article_modified_time":"2024-09-30T15:16:58+00:00","og_image":[{"width":1600,"height":1066,"url":"http:\/\/expressometro.mx\/wp-content\/uploads\/2024\/09\/WhatsApp-Image-2024-09-29-at-5.25.28-PM.jpeg","type":"image\/jpeg"}],"author":"Expresso Metropolitano","twitter_misc":{"Escrito por":"Expresso Metropolitano","Tiempo de lectura":"2 minutos"},"schema":{"@context":"https:\/\/schema.org","@graph":[{"@type":"Article","@id":"https:\/\/expressometro.mx\/index.php\/2024\/09\/29\/el-priismo-mexiquense-esta-preparado-para-ser-mejor-opcion-de-gobierno\/#article","isPartOf":{"@id":"https:\/\/expressometro.mx\/index.php\/2024\/09\/29\/el-priismo-mexiquense-esta-preparado-para-ser-mejor-opcion-de-gobierno\/"},"author":{"name":"Expresso Metropolitano","@id":"https:\/\/expressometro.mx\/#\/schema\/person\/efa971b4a0664db8ed5c22b1b0dd2f5d"},"headline":"EL PRIISMO MEXIQUENSE EST\u00c1 PREPARADO PARA SER MEJOR OPCI\u00d3N DE GOBIERNO","datePublished":"2024-09-29T15:14:52+00:00","dateModified":"2024-09-30T15:16:58+00:00","mainEntityOfPage":{"@id":"https:\/\/expressometro.mx\/index.php\/2024\/09\/29\/el-priismo-mexiquense-esta-preparado-para-ser-mejor-opcion-de-gobierno\/"},"wordCount":338,"commentCount":0,"publisher":{"@id":"https:\/\/expressometro.mx\/#organization"},"image":{"@id":"https:\/\/expressometro.mx\/index.php\/2024\/09\/29\/el-priismo-mexiquense-esta-preparado-para-ser-mejor-opcion-de-gobierno\/#primaryimage"},"thumbnailUrl":"https:\/\/expressometro.mx\/wp-content\/uploads\/2024\/09\/WhatsApp-Image-2024-09-29-at-5.25.28-PM.jpeg","keywords":["Ana Lilia Herrera Anzaldo","Edomex","PRI"],"articleSection":["Gobierno","Otros","Pol\u00edtica"],"inLanguage":"es","potentialAction":[{"@type":"CommentAction","name":"Comment","target":["https:\/\/expressometro.mx\/index.php\/2024\/09\/29\/el-priismo-mexiquense-esta-preparado-para-ser-mejor-opcion-de-gobierno\/#respond"]}]},{"@type":"WebPage","@id":"https:\/\/expressometro.mx\/index.php\/2024\/09\/29\/el-priismo-mexiquense-esta-preparado-para-ser-mejor-opcion-de-gobierno\/","url":"https:\/\/expressometro.mx\/index.php\/2024\/09\/29\/el-priismo-mexiquense-esta-preparado-para-ser-mejor-opcion-de-gobierno\/","name":"EL PRIISMO MEXIQUENSE EST\u00c1 PREPARADO PARA SER MEJOR OPCI\u00d3N DE GOBIERNO - Expresso Metropolitano","isPartOf":{"@id":"https:\/\/expressometro.mx\/#website"},"primaryImageOfPage":{"@id":"https:\/\/expressometro.mx\/index.php\/2024\/09\/29\/el-priismo-mexiquense-esta-preparado-para-ser-mejor-opcion-de-gobierno\/#primaryimage"},"image":{"@id":"https:\/\/expressometro.mx\/index.php\/2024\/09\/29\/el-priismo-mexiquense-esta-preparado-para-ser-mejor-opcion-de-gobierno\/#primaryimage"},"thumbnailUrl":"https:\/\/expressometro.mx\/wp-content\/uploads\/2024\/09\/WhatsApp-Image-2024-09-29-at-5.25.28-PM.jpeg","datePublished":"2024-09-29T15:14:52+00:00","dateModified":"2024-09-30T15:16:58+00:00","breadcrumb":{"@id":"https:\/\/expressometro.mx\/index.php\/2024\/09\/29\/el-priismo-mexiquense-esta-preparado-para-ser-mejor-opcion-de-gobierno\/#breadcrumb"},"inLanguage":"es","potentialAction":[{"@type":"ReadAction","target":["https:\/\/expressometro.mx\/index.php\/2024\/09\/29\/el-priismo-mexiquense-esta-preparado-para-ser-mejor-opcion-de-gobierno\/"]}]},{"@type":"ImageObject","inLanguage":"es","@id":"https:\/\/expressometro.mx\/index.php\/2024\/09\/29\/el-priismo-mexiquense-esta-preparado-para-ser-mejor-opcion-de-gobierno\/#primaryimage","url":"https:\/\/expressometro.mx\/wp-content\/uploads\/2024\/09\/WhatsApp-Image-2024-09-29-at-5.25.28-PM.jpeg","contentUrl":"https:\/\/expressometro.mx\/wp-content\/uploads\/2024\/09\/WhatsApp-Image-2024-09-29-at-5.25.28-PM.jpeg","width":1600,"height":1066},{"@type":"BreadcrumbList","@id":"https:\/\/expressometro.mx\/index.php\/2024\/09\/29\/el-priismo-mexiquense-esta-preparado-para-ser-mejor-opcion-de-gobierno\/#breadcrumb","itemListElement":[{"@type":"ListItem","position":1,"name":"Inicio","item":"https:\/\/expressometro.mx\/"},{"@type":"ListItem","position":2,"name":"EL PRIISMO MEXIQUENSE EST\u00c1 PREPARADO PARA SER MEJOR OPCI\u00d3N DE GOBIERNO"}]},{"@type":"WebSite","@id":"https:\/\/expressometro.mx\/#website","url":"https:\/\/expressometro.mx\/","name":"Expresso Metropolitano","description":"Periodismo comprometido, informaci\u00f3n, investigaci\u00f3n y an\u00e1lisis","publisher":{"@id":"https:\/\/expressometro.mx\/#organization"},"potentialAction":[{"@type":"SearchAction","target":{"@type":"EntryPoint","urlTemplate":"https:\/\/expressometro.mx\/?s={search_term_string}"},"query-input":{"@type":"PropertyValueSpecification","valueRequired":true,"valueName":"search_term_string"}}],"inLanguage":"es"},{"@type":"Organization","@id":"https:\/\/expressometro.mx\/#organization","name":"Expresso Metropolitano","url":"https:\/\/expressometro.mx\/","logo":{"@type":"ImageObject","inLanguage":"es","@id":"https:\/\/expressometro.mx\/#\/schema\/logo\/image\/","url":"https:\/\/expressometro.mx\/wp-content\/uploads\/2019\/07\/cropped-Logo-Expresso-Metropolitano-1-1.jpeg","contentUrl":"https:\/\/expressometro.mx\/wp-content\/uploads\/2019\/07\/cropped-Logo-Expresso-Metropolitano-1-1.jpeg","width":290,"height":73,"caption":"Expresso Metropolitano"},"image":{"@id":"https:\/\/expressometro.mx\/#\/schema\/logo\/image\/"}},{"@type":"Person","@id":"https:\/\/expressometro.mx\/#\/schema\/person\/efa971b4a0664db8ed5c22b1b0dd2f5d","name":"Expresso Metropolitano","image":{"@type":"ImageObject","inLanguage":"es","@id":"https:\/\/secure.gravatar.com\/avatar\/a89f802b8de18c6952f223c88d3d106e9e3679839f4e25a02f4a6cc2ae6ba3b3?s=96&d=mm&r=g","url":"https:\/\/secure.gravatar.com\/avatar\/a89f802b8de18c6952f223c88d3d106e9e3679839f4e25a02f4a6cc2ae6ba3b3?s=96&d=mm&r=g","contentUrl":"https:\/\/secure.gravatar.com\/avatar\/a89f802b8de18c6952f223c88d3d106e9e3679839f4e25a02f4a6cc2ae6ba3b3?s=96&d=mm&r=g","caption":"Expresso Metropolitano"},"url":"https:\/\/expressometro.mx\/index.php\/author\/diego\/"}]}},"amp_enabled":true,"_links":{"self":[{"href":"https:\/\/expressometro.mx\/index.php\/wp-json\/wp\/v2\/posts\/10081","targetHints":{"allow":["GET"]}}],"collection":[{"href":"https:\/\/expressometro.mx\/index.php\/wp-json\/wp\/v2\/posts"}],"about":[{"href":"https:\/\/expressometro.mx\/index.php\/wp-json\/wp\/v2\/types\/post"}],"author":[{"embeddable":true,"href":"https:\/\/expressometro.mx\/index.php\/wp-json\/wp\/v2\/users\/1"}],"replies":[{"embeddable":true,"href":"https:\/\/expressometro.mx\/index.php\/wp-json\/wp\/v2\/comments?post=10081"}],"version-history":[{"count":1,"href":"https:\/\/expressometro.mx\/index.php\/wp-json\/wp\/v2\/posts\/10081\/revisions"}],"predecessor-version":[{"id":10084,"href":"https:\/\/expressometro.mx\/index.php\/wp-json\/wp\/v2\/posts\/10081\/revisions\/10084"}],"wp:featuredmedia":[{"embeddable":true,"href":"https:\/\/expressometro.mx\/index.php\/wp-json\/wp\/v2\/media\/10083"}],"wp:attachment":[{"href":"https:\/\/expressometro.mx\/index.php\/wp-json\/wp\/v2\/media?parent=10081"}],"wp:term":[{"taxonomy":"category","embeddable":true,"href":"https:\/\/expressometro.mx\/index.php\/wp-json\/wp\/v2\/categories?post=10081"},{"taxonomy":"post_tag","embeddable":true,"href":"https:\/\/expressometro.mx\/index.php\/wp-json\/wp\/v2\/tags?post=10081"}],"curies":[{"name":"wp","href":"https:\/\/api.w.org\/{rel}","templated":true}]}}