{"id":1007,"date":"2019-10-28T15:07:00","date_gmt":"2019-10-28T21:07:00","guid":{"rendered":"http:\/\/expressometro.mx\/?p=1007"},"modified":"2019-10-29T15:09:14","modified_gmt":"2019-10-29T21:09:14","slug":"reconoce-gem-a-ganadores-del-premio-estatal-del-altruismo-2019","status":"publish","type":"post","link":"https:\/\/expressometro.mx\/index.php\/2019\/10\/28\/reconoce-gem-a-ganadores-del-premio-estatal-del-altruismo-2019\/","title":{"rendered":"RECONOCE GEM A GANADORES DEL PREMIO ESTATAL DEL ALTRUISMO 2019"},"content":{"rendered":"\n<p>Para reconocer de forma p\u00fablica la labor que realizan las Instituciones de Asistencia Privada en beneficio de los sectores m\u00e1s vulnerables de la sociedad, la Secretar\u00eda de Desarrollo Social entreg\u00f3 a la Fundaci\u00f3n para la Asistencia Educativa (FAE), y a su voluntario, Daniel Alan Franco Cisneros, el Premio Estatal del Altruismo 2019.<\/p>\n\n\n\n<p>Con este tipo de reconocimientos el Gobernador Alfredo Del Mazo Maza respalda la importante contribuci\u00f3n de las Instituciones de Asistencia Privada y sus voluntarios, y reitera su compromiso de continuar con el apoyo a la actividad asistencial de los particulares.<\/p>\n\n\n\n<p>\u201cUstedes representan la esencia de un pueblo dispuesto a dar antes que recibir, con voluntad para desprenderse de una parte de s\u00ed y, sobre todo, con la firme convicci\u00f3n de que el trabajo solidario, genera mejores proyectos de vida\u201d, destac\u00f3 el Secretario de Desarrollo Social, Eric Sevilla Montes de Oca, luego de entregar este galard\u00f3n.<\/p>\n\n\n\n<p>Asimismo, se sum\u00f3 a la distinci\u00f3n que realiza la Junta de Asistencia Privada del Estado de M\u00e9xico (JAPEM), a las 40 instituciones asistenciales que han mantenido, por quinto a\u00f1o consecutivo, el certificado de cumplimiento de su objeto social, y a las 13 que cumplieron con mayor \u00e9xito su proceso de capacitaci\u00f3n para mejorar la calidad de sus servicios.<\/p>\n\n\n\n<p>En su oportunidad, Guadalupe Mariscal Torroella, Presidenta de la JAPEM, reconoci\u00f3 que el Premio Estatal al Altruismo simboliza el valor de ayudar, el compromiso por servir y por transformar, que caracteriza a las instituciones altruistas, y se\u00f1al\u00f3 que este a\u00f1o participaron para la obtenci\u00f3n del Premio 23 Instituciones de Asistencia Privada.<\/p>\n\n\n\n<p>Por su parte, Daniel Alan Franco Cisneros, ganador del Premio Estatal al Altruismo en la categor\u00eda de voluntario, y quien colabora con la Fundaci\u00f3n para la Asistencia Educativa desde el a\u00f1o 2014, se\u00f1al\u00f3 que la principal recompensa es ver las transformaciones en los ni\u00f1os, quienes se desarrollan de mejor manera y cuentan con un mayor bienestar.<\/p>\n\n\n\n<p>La Fundaci\u00f3n para la Asistencia Educativa es una organizaci\u00f3n que beneficia directamente a 304 ni\u00f1as y ni\u00f1os de cero a cinco a\u00f1os de edad, cuyos padres trabajan en los rellenos sanitarios del Bordo de Xochiaca, en Nezahualc\u00f3yotl, y el de Escalerilla, en Chimalhuac\u00e1n, brindando servicios de estancia, educaci\u00f3n inicial, preescolar y comedor infantil, donde se sirven aproximadamente mil comidas escolares.<\/p>\n\n\n\n<p>FAE se constituy\u00f3 legalmente ante la JAPEM en febrero de 1996 y gracias a su labor, m\u00e1s de 20 generaciones de ni\u00f1os han egresado de la educaci\u00f3n preescolar.<\/p>\n\n\n\n<p>Cabe destacar que adem\u00e1s de estancia infantil y plantel preescolar, ofrece un programa de alimentaci\u00f3n y seguimiento nutricional, clases de computaci\u00f3n, apoyo en consultas m\u00e9dicas, escuela para padres, as\u00ed como paseos, visitas a museos y centros recreativos, a la vez que entrega \u00fatiles escolares, uniformes y juguetes a los ni\u00f1os que los necesitan.<\/p>\n","protected":false},"excerpt":{"rendered":"<p>Para reconocer de forma p\u00fablica la labor que realizan las Instituciones de Asistencia Privada en beneficio de los sectores m\u00e1s vulnerables de la sociedad, la Secretar\u00eda de Desarrollo Social entreg\u00f3 a la Fundaci\u00f3n para la Asistencia Educativa (FAE), y a su voluntario, Daniel Alan Franco Cisneros, el Premio Estatal del Altruismo 2019. Con este tipo de reconocimientos el Gobernador Alfredo Del Mazo Maza respalda la importante contribuci\u00f3n de las Instituciones de Asistencia Privada y sus voluntarios, y reitera su compromiso de continuar con el apoyo a la actividad asistencial de&hellip;<\/p>\n","protected":false},"author":1,"featured_media":1008,"comment_status":"open","ping_status":"open","sticky":false,"template":"","format":"standard","meta":{"footnotes":""},"categories":[11,3],"tags":[],"class_list":["post-1007","post","type-post","status-publish","format-standard","has-post-thumbnail","hentry","category-cultura","category-gobierno"],"yoast_head":"<!-- This site is optimized with the Yoast SEO plugin v27.5 - https:\/\/yoast.com\/product\/yoast-seo-wordpress\/ -->\n<title>RECONOCE GEM A GANADORES DEL PREMIO ESTATAL DEL ALTRUISMO 2019 - Expresso Metropolitano<\/title>\n<meta name=\"robots\" content=\"index, follow, max-snippet:-1, max-image-preview:large, max-video-preview:-1\" \/>\n<link rel=\"canonical\" href=\"https:\/\/expressometro.mx\/index.php\/2019\/10\/28\/reconoce-gem-a-ganadores-del-premio-estatal-del-altruismo-2019\/\" \/>\n<meta property=\"og:locale\" content=\"es_MX\" \/>\n<meta property=\"og:type\" content=\"article\" \/>\n<meta property=\"og:title\" content=\"RECONOCE GEM A GANADORES DEL PREMIO ESTATAL DEL ALTRUISMO 2019 - Expresso Metropolitano\" \/>\n<meta property=\"og:description\" content=\"Para reconocer de forma p\u00fablica la labor que realizan las Instituciones de Asistencia Privada en beneficio de los sectores m\u00e1s vulnerables de la sociedad, la Secretar\u00eda de Desarrollo Social entreg\u00f3 a la Fundaci\u00f3n para la Asistencia Educativa (FAE), y a su voluntario, Daniel Alan Franco Cisneros, el Premio Estatal del Altruismo 2019. Con este tipo de reconocimientos el Gobernador Alfredo Del Mazo Maza respalda la importante contribuci\u00f3n de las Instituciones de Asistencia Privada y sus voluntarios, y reitera su compromiso de continuar con el apoyo a la actividad asistencial de&hellip;\" \/>\n<meta property=\"og:url\" content=\"https:\/\/expressometro.mx\/index.php\/2019\/10\/28\/reconoce-gem-a-ganadores-del-premio-estatal-del-altruismo-2019\/\" \/>\n<meta property=\"og:site_name\" content=\"Expresso Metropolitano\" \/>\n<meta property=\"article:published_time\" content=\"2019-10-28T21:07:00+00:00\" \/>\n<meta property=\"article:modified_time\" content=\"2019-10-29T21:09:14+00:00\" \/>\n<meta property=\"og:image\" content=\"https:\/\/expressometro.mx\/wp-content\/uploads\/2019\/10\/w2_10175_1.jpg\" \/>\n\t<meta property=\"og:image:width\" content=\"3090\" \/>\n\t<meta property=\"og:image:height\" content=\"2060\" \/>\n\t<meta property=\"og:image:type\" content=\"image\/jpeg\" \/>\n<meta name=\"author\" content=\"Expresso Metropolitano\" \/>\n<meta name=\"twitter:label1\" content=\"Escrito por\" \/>\n\t<meta name=\"twitter:data1\" content=\"Expresso Metropolitano\" \/>\n\t<meta name=\"twitter:label2\" content=\"Tiempo de lectura\" \/>\n\t<meta name=\"twitter:data2\" content=\"2 minutos\" \/>\n<script type=\"application\/ld+json\" class=\"yoast-schema-graph\">{\"@context\":\"https:\\\/\\\/schema.org\",\"@graph\":[{\"@type\":\"Article\",\"@id\":\"https:\\\/\\\/expressometro.mx\\\/index.php\\\/2019\\\/10\\\/28\\\/reconoce-gem-a-ganadores-del-premio-estatal-del-altruismo-2019\\\/#article\",\"isPartOf\":{\"@id\":\"https:\\\/\\\/expressometro.mx\\\/index.php\\\/2019\\\/10\\\/28\\\/reconoce-gem-a-ganadores-del-premio-estatal-del-altruismo-2019\\\/\"},\"author\":{\"name\":\"Expresso Metropolitano\",\"@id\":\"https:\\\/\\\/expressometro.mx\\\/#\\\/schema\\\/person\\\/efa971b4a0664db8ed5c22b1b0dd2f5d\"},\"headline\":\"RECONOCE GEM A GANADORES DEL PREMIO ESTATAL DEL ALTRUISMO 2019\",\"datePublished\":\"2019-10-28T21:07:00+00:00\",\"dateModified\":\"2019-10-29T21:09:14+00:00\",\"mainEntityOfPage\":{\"@id\":\"https:\\\/\\\/expressometro.mx\\\/index.php\\\/2019\\\/10\\\/28\\\/reconoce-gem-a-ganadores-del-premio-estatal-del-altruismo-2019\\\/\"},\"wordCount\":489,\"commentCount\":0,\"publisher\":{\"@id\":\"https:\\\/\\\/expressometro.mx\\\/#organization\"},\"image\":{\"@id\":\"https:\\\/\\\/expressometro.mx\\\/index.php\\\/2019\\\/10\\\/28\\\/reconoce-gem-a-ganadores-del-premio-estatal-del-altruismo-2019\\\/#primaryimage\"},\"thumbnailUrl\":\"https:\\\/\\\/expressometro.mx\\\/wp-content\\\/uploads\\\/2019\\\/10\\\/w2_10175_1.jpg\",\"articleSection\":[\"Cultura\",\"Gobierno\"],\"inLanguage\":\"es\",\"potentialAction\":[{\"@type\":\"CommentAction\",\"name\":\"Comment\",\"target\":[\"https:\\\/\\\/expressometro.mx\\\/index.php\\\/2019\\\/10\\\/28\\\/reconoce-gem-a-ganadores-del-premio-estatal-del-altruismo-2019\\\/#respond\"]}]},{\"@type\":\"WebPage\",\"@id\":\"https:\\\/\\\/expressometro.mx\\\/index.php\\\/2019\\\/10\\\/28\\\/reconoce-gem-a-ganadores-del-premio-estatal-del-altruismo-2019\\\/\",\"url\":\"https:\\\/\\\/expressometro.mx\\\/index.php\\\/2019\\\/10\\\/28\\\/reconoce-gem-a-ganadores-del-premio-estatal-del-altruismo-2019\\\/\",\"name\":\"RECONOCE GEM A GANADORES DEL PREMIO ESTATAL DEL ALTRUISMO 2019 - Expresso Metropolitano\",\"isPartOf\":{\"@id\":\"https:\\\/\\\/expressometro.mx\\\/#website\"},\"primaryImageOfPage\":{\"@id\":\"https:\\\/\\\/expressometro.mx\\\/index.php\\\/2019\\\/10\\\/28\\\/reconoce-gem-a-ganadores-del-premio-estatal-del-altruismo-2019\\\/#primaryimage\"},\"image\":{\"@id\":\"https:\\\/\\\/expressometro.mx\\\/index.php\\\/2019\\\/10\\\/28\\\/reconoce-gem-a-ganadores-del-premio-estatal-del-altruismo-2019\\\/#primaryimage\"},\"thumbnailUrl\":\"https:\\\/\\\/expressometro.mx\\\/wp-content\\\/uploads\\\/2019\\\/10\\\/w2_10175_1.jpg\",\"datePublished\":\"2019-10-28T21:07:00+00:00\",\"dateModified\":\"2019-10-29T21:09:14+00:00\",\"breadcrumb\":{\"@id\":\"https:\\\/\\\/expressometro.mx\\\/index.php\\\/2019\\\/10\\\/28\\\/reconoce-gem-a-ganadores-del-premio-estatal-del-altruismo-2019\\\/#breadcrumb\"},\"inLanguage\":\"es\",\"potentialAction\":[{\"@type\":\"ReadAction\",\"target\":[\"https:\\\/\\\/expressometro.mx\\\/index.php\\\/2019\\\/10\\\/28\\\/reconoce-gem-a-ganadores-del-premio-estatal-del-altruismo-2019\\\/\"]}]},{\"@type\":\"ImageObject\",\"inLanguage\":\"es\",\"@id\":\"https:\\\/\\\/expressometro.mx\\\/index.php\\\/2019\\\/10\\\/28\\\/reconoce-gem-a-ganadores-del-premio-estatal-del-altruismo-2019\\\/#primaryimage\",\"url\":\"https:\\\/\\\/expressometro.mx\\\/wp-content\\\/uploads\\\/2019\\\/10\\\/w2_10175_1.jpg\",\"contentUrl\":\"https:\\\/\\\/expressometro.mx\\\/wp-content\\\/uploads\\\/2019\\\/10\\\/w2_10175_1.jpg\",\"width\":3090,\"height\":2060},{\"@type\":\"BreadcrumbList\",\"@id\":\"https:\\\/\\\/expressometro.mx\\\/index.php\\\/2019\\\/10\\\/28\\\/reconoce-gem-a-ganadores-del-premio-estatal-del-altruismo-2019\\\/#breadcrumb\",\"itemListElement\":[{\"@type\":\"ListItem\",\"position\":1,\"name\":\"Inicio\",\"item\":\"https:\\\/\\\/expressometro.mx\\\/\"},{\"@type\":\"ListItem\",\"position\":2,\"name\":\"RECONOCE GEM A GANADORES DEL PREMIO ESTATAL DEL ALTRUISMO 2019\"}]},{\"@type\":\"WebSite\",\"@id\":\"https:\\\/\\\/expressometro.mx\\\/#website\",\"url\":\"https:\\\/\\\/expressometro.mx\\\/\",\"name\":\"Expresso Metropolitano\",\"description\":\"Periodismo comprometido, informaci\u00f3n, investigaci\u00f3n y an\u00e1lisis\",\"publisher\":{\"@id\":\"https:\\\/\\\/expressometro.mx\\\/#organization\"},\"potentialAction\":[{\"@type\":\"SearchAction\",\"target\":{\"@type\":\"EntryPoint\",\"urlTemplate\":\"https:\\\/\\\/expressometro.mx\\\/?s={search_term_string}\"},\"query-input\":{\"@type\":\"PropertyValueSpecification\",\"valueRequired\":true,\"valueName\":\"search_term_string\"}}],\"inLanguage\":\"es\"},{\"@type\":\"Organization\",\"@id\":\"https:\\\/\\\/expressometro.mx\\\/#organization\",\"name\":\"Expresso Metropolitano\",\"url\":\"https:\\\/\\\/expressometro.mx\\\/\",\"logo\":{\"@type\":\"ImageObject\",\"inLanguage\":\"es\",\"@id\":\"https:\\\/\\\/expressometro.mx\\\/#\\\/schema\\\/logo\\\/image\\\/\",\"url\":\"https:\\\/\\\/expressometro.mx\\\/wp-content\\\/uploads\\\/2019\\\/07\\\/cropped-Logo-Expresso-Metropolitano-1-1.jpeg\",\"contentUrl\":\"https:\\\/\\\/expressometro.mx\\\/wp-content\\\/uploads\\\/2019\\\/07\\\/cropped-Logo-Expresso-Metropolitano-1-1.jpeg\",\"width\":290,\"height\":73,\"caption\":\"Expresso Metropolitano\"},\"image\":{\"@id\":\"https:\\\/\\\/expressometro.mx\\\/#\\\/schema\\\/logo\\\/image\\\/\"}},{\"@type\":\"Person\",\"@id\":\"https:\\\/\\\/expressometro.mx\\\/#\\\/schema\\\/person\\\/efa971b4a0664db8ed5c22b1b0dd2f5d\",\"name\":\"Expresso Metropolitano\",\"image\":{\"@type\":\"ImageObject\",\"inLanguage\":\"es\",\"@id\":\"https:\\\/\\\/secure.gravatar.com\\\/avatar\\\/a89f802b8de18c6952f223c88d3d106e9e3679839f4e25a02f4a6cc2ae6ba3b3?s=96&d=mm&r=g\",\"url\":\"https:\\\/\\\/secure.gravatar.com\\\/avatar\\\/a89f802b8de18c6952f223c88d3d106e9e3679839f4e25a02f4a6cc2ae6ba3b3?s=96&d=mm&r=g\",\"contentUrl\":\"https:\\\/\\\/secure.gravatar.com\\\/avatar\\\/a89f802b8de18c6952f223c88d3d106e9e3679839f4e25a02f4a6cc2ae6ba3b3?s=96&d=mm&r=g\",\"caption\":\"Expresso Metropolitano\"},\"url\":\"https:\\\/\\\/expressometro.mx\\\/index.php\\\/author\\\/diego\\\/\"}]}<\/script>\n<!-- \/ Yoast SEO plugin. -->","yoast_head_json":{"title":"RECONOCE GEM A GANADORES DEL PREMIO ESTATAL DEL ALTRUISMO 2019 - Expresso Metropolitano","robots":{"index":"index","follow":"follow","max-snippet":"max-snippet:-1","max-image-preview":"max-image-preview:large","max-video-preview":"max-video-preview:-1"},"canonical":"https:\/\/expressometro.mx\/index.php\/2019\/10\/28\/reconoce-gem-a-ganadores-del-premio-estatal-del-altruismo-2019\/","og_locale":"es_MX","og_type":"article","og_title":"RECONOCE GEM A GANADORES DEL PREMIO ESTATAL DEL ALTRUISMO 2019 - Expresso Metropolitano","og_description":"Para reconocer de forma p\u00fablica la labor que realizan las Instituciones de Asistencia Privada en beneficio de los sectores m\u00e1s vulnerables de la sociedad, la Secretar\u00eda de Desarrollo Social entreg\u00f3 a la Fundaci\u00f3n para la Asistencia Educativa (FAE), y a su voluntario, Daniel Alan Franco Cisneros, el Premio Estatal del Altruismo 2019. Con este tipo de reconocimientos el Gobernador Alfredo Del Mazo Maza respalda la importante contribuci\u00f3n de las Instituciones de Asistencia Privada y sus voluntarios, y reitera su compromiso de continuar con el apoyo a la actividad asistencial de&hellip;","og_url":"https:\/\/expressometro.mx\/index.php\/2019\/10\/28\/reconoce-gem-a-ganadores-del-premio-estatal-del-altruismo-2019\/","og_site_name":"Expresso Metropolitano","article_published_time":"2019-10-28T21:07:00+00:00","article_modified_time":"2019-10-29T21:09:14+00:00","og_image":[{"width":3090,"height":2060,"url":"https:\/\/expressometro.mx\/wp-content\/uploads\/2019\/10\/w2_10175_1.jpg","type":"image\/jpeg"}],"author":"Expresso Metropolitano","twitter_misc":{"Escrito por":"Expresso Metropolitano","Tiempo de lectura":"2 minutos"},"schema":{"@context":"https:\/\/schema.org","@graph":[{"@type":"Article","@id":"https:\/\/expressometro.mx\/index.php\/2019\/10\/28\/reconoce-gem-a-ganadores-del-premio-estatal-del-altruismo-2019\/#article","isPartOf":{"@id":"https:\/\/expressometro.mx\/index.php\/2019\/10\/28\/reconoce-gem-a-ganadores-del-premio-estatal-del-altruismo-2019\/"},"author":{"name":"Expresso Metropolitano","@id":"https:\/\/expressometro.mx\/#\/schema\/person\/efa971b4a0664db8ed5c22b1b0dd2f5d"},"headline":"RECONOCE GEM A GANADORES DEL PREMIO ESTATAL DEL ALTRUISMO 2019","datePublished":"2019-10-28T21:07:00+00:00","dateModified":"2019-10-29T21:09:14+00:00","mainEntityOfPage":{"@id":"https:\/\/expressometro.mx\/index.php\/2019\/10\/28\/reconoce-gem-a-ganadores-del-premio-estatal-del-altruismo-2019\/"},"wordCount":489,"commentCount":0,"publisher":{"@id":"https:\/\/expressometro.mx\/#organization"},"image":{"@id":"https:\/\/expressometro.mx\/index.php\/2019\/10\/28\/reconoce-gem-a-ganadores-del-premio-estatal-del-altruismo-2019\/#primaryimage"},"thumbnailUrl":"https:\/\/expressometro.mx\/wp-content\/uploads\/2019\/10\/w2_10175_1.jpg","articleSection":["Cultura","Gobierno"],"inLanguage":"es","potentialAction":[{"@type":"CommentAction","name":"Comment","target":["https:\/\/expressometro.mx\/index.php\/2019\/10\/28\/reconoce-gem-a-ganadores-del-premio-estatal-del-altruismo-2019\/#respond"]}]},{"@type":"WebPage","@id":"https:\/\/expressometro.mx\/index.php\/2019\/10\/28\/reconoce-gem-a-ganadores-del-premio-estatal-del-altruismo-2019\/","url":"https:\/\/expressometro.mx\/index.php\/2019\/10\/28\/reconoce-gem-a-ganadores-del-premio-estatal-del-altruismo-2019\/","name":"RECONOCE GEM A GANADORES DEL PREMIO ESTATAL DEL ALTRUISMO 2019 - Expresso Metropolitano","isPartOf":{"@id":"https:\/\/expressometro.mx\/#website"},"primaryImageOfPage":{"@id":"https:\/\/expressometro.mx\/index.php\/2019\/10\/28\/reconoce-gem-a-ganadores-del-premio-estatal-del-altruismo-2019\/#primaryimage"},"image":{"@id":"https:\/\/expressometro.mx\/index.php\/2019\/10\/28\/reconoce-gem-a-ganadores-del-premio-estatal-del-altruismo-2019\/#primaryimage"},"thumbnailUrl":"https:\/\/expressometro.mx\/wp-content\/uploads\/2019\/10\/w2_10175_1.jpg","datePublished":"2019-10-28T21:07:00+00:00","dateModified":"2019-10-29T21:09:14+00:00","breadcrumb":{"@id":"https:\/\/expressometro.mx\/index.php\/2019\/10\/28\/reconoce-gem-a-ganadores-del-premio-estatal-del-altruismo-2019\/#breadcrumb"},"inLanguage":"es","potentialAction":[{"@type":"ReadAction","target":["https:\/\/expressometro.mx\/index.php\/2019\/10\/28\/reconoce-gem-a-ganadores-del-premio-estatal-del-altruismo-2019\/"]}]},{"@type":"ImageObject","inLanguage":"es","@id":"https:\/\/expressometro.mx\/index.php\/2019\/10\/28\/reconoce-gem-a-ganadores-del-premio-estatal-del-altruismo-2019\/#primaryimage","url":"https:\/\/expressometro.mx\/wp-content\/uploads\/2019\/10\/w2_10175_1.jpg","contentUrl":"https:\/\/expressometro.mx\/wp-content\/uploads\/2019\/10\/w2_10175_1.jpg","width":3090,"height":2060},{"@type":"BreadcrumbList","@id":"https:\/\/expressometro.mx\/index.php\/2019\/10\/28\/reconoce-gem-a-ganadores-del-premio-estatal-del-altruismo-2019\/#breadcrumb","itemListElement":[{"@type":"ListItem","position":1,"name":"Inicio","item":"https:\/\/expressometro.mx\/"},{"@type":"ListItem","position":2,"name":"RECONOCE GEM A GANADORES DEL PREMIO ESTATAL DEL ALTRUISMO 2019"}]},{"@type":"WebSite","@id":"https:\/\/expressometro.mx\/#website","url":"https:\/\/expressometro.mx\/","name":"Expresso Metropolitano","description":"Periodismo comprometido, informaci\u00f3n, investigaci\u00f3n y an\u00e1lisis","publisher":{"@id":"https:\/\/expressometro.mx\/#organization"},"potentialAction":[{"@type":"SearchAction","target":{"@type":"EntryPoint","urlTemplate":"https:\/\/expressometro.mx\/?s={search_term_string}"},"query-input":{"@type":"PropertyValueSpecification","valueRequired":true,"valueName":"search_term_string"}}],"inLanguage":"es"},{"@type":"Organization","@id":"https:\/\/expressometro.mx\/#organization","name":"Expresso Metropolitano","url":"https:\/\/expressometro.mx\/","logo":{"@type":"ImageObject","inLanguage":"es","@id":"https:\/\/expressometro.mx\/#\/schema\/logo\/image\/","url":"https:\/\/expressometro.mx\/wp-content\/uploads\/2019\/07\/cropped-Logo-Expresso-Metropolitano-1-1.jpeg","contentUrl":"https:\/\/expressometro.mx\/wp-content\/uploads\/2019\/07\/cropped-Logo-Expresso-Metropolitano-1-1.jpeg","width":290,"height":73,"caption":"Expresso Metropolitano"},"image":{"@id":"https:\/\/expressometro.mx\/#\/schema\/logo\/image\/"}},{"@type":"Person","@id":"https:\/\/expressometro.mx\/#\/schema\/person\/efa971b4a0664db8ed5c22b1b0dd2f5d","name":"Expresso Metropolitano","image":{"@type":"ImageObject","inLanguage":"es","@id":"https:\/\/secure.gravatar.com\/avatar\/a89f802b8de18c6952f223c88d3d106e9e3679839f4e25a02f4a6cc2ae6ba3b3?s=96&d=mm&r=g","url":"https:\/\/secure.gravatar.com\/avatar\/a89f802b8de18c6952f223c88d3d106e9e3679839f4e25a02f4a6cc2ae6ba3b3?s=96&d=mm&r=g","contentUrl":"https:\/\/secure.gravatar.com\/avatar\/a89f802b8de18c6952f223c88d3d106e9e3679839f4e25a02f4a6cc2ae6ba3b3?s=96&d=mm&r=g","caption":"Expresso Metropolitano"},"url":"https:\/\/expressometro.mx\/index.php\/author\/diego\/"}]}},"amp_enabled":true,"_links":{"self":[{"href":"https:\/\/expressometro.mx\/index.php\/wp-json\/wp\/v2\/posts\/1007","targetHints":{"allow":["GET"]}}],"collection":[{"href":"https:\/\/expressometro.mx\/index.php\/wp-json\/wp\/v2\/posts"}],"about":[{"href":"https:\/\/expressometro.mx\/index.php\/wp-json\/wp\/v2\/types\/post"}],"author":[{"embeddable":true,"href":"https:\/\/expressometro.mx\/index.php\/wp-json\/wp\/v2\/users\/1"}],"replies":[{"embeddable":true,"href":"https:\/\/expressometro.mx\/index.php\/wp-json\/wp\/v2\/comments?post=1007"}],"version-history":[{"count":1,"href":"https:\/\/expressometro.mx\/index.php\/wp-json\/wp\/v2\/posts\/1007\/revisions"}],"predecessor-version":[{"id":1009,"href":"https:\/\/expressometro.mx\/index.php\/wp-json\/wp\/v2\/posts\/1007\/revisions\/1009"}],"wp:featuredmedia":[{"embeddable":true,"href":"https:\/\/expressometro.mx\/index.php\/wp-json\/wp\/v2\/media\/1008"}],"wp:attachment":[{"href":"https:\/\/expressometro.mx\/index.php\/wp-json\/wp\/v2\/media?parent=1007"}],"wp:term":[{"taxonomy":"category","embeddable":true,"href":"https:\/\/expressometro.mx\/index.php\/wp-json\/wp\/v2\/categories?post=1007"},{"taxonomy":"post_tag","embeddable":true,"href":"https:\/\/expressometro.mx\/index.php\/wp-json\/wp\/v2\/tags?post=1007"}],"curies":[{"name":"wp","href":"https:\/\/api.w.org\/{rel}","templated":true}]}}