{"id":1001,"date":"2019-10-27T15:03:46","date_gmt":"2019-10-27T21:03:46","guid":{"rendered":"http:\/\/expressometro.mx\/?p=1001"},"modified":"2019-10-29T15:04:45","modified_gmt":"2019-10-29T21:04:45","slug":"ofrece-secretaria-del-trabajo-capacitacion-a-empresarios-a-traves-de-las-edayo","status":"publish","type":"post","link":"https:\/\/expressometro.mx\/index.php\/2019\/10\/27\/ofrece-secretaria-del-trabajo-capacitacion-a-empresarios-a-traves-de-las-edayo\/","title":{"rendered":"OFRECE SECRETAR\u00cdA DEL TRABAJO CAPACITACI\u00d3N A EMPRESARIOS, A TRAV\u00c9S DE LAS EDAYO"},"content":{"rendered":"\n<p>Para que las empresas cuenten con personal calificado y altamente competitivo, la Secretaria del Trabajo, Martha Hilda Gonz\u00e1lez Calder\u00f3n, ofreci\u00f3 capacitaci\u00f3n para los trabajadores mexiquenses, a trav\u00e9s de las 46 Escuelas de Artes y Oficios (EDAYO).<\/p>\n\n\n\n<p>En este sentido, convoc\u00f3 a que se lleven a cabo encuentros entre autoridades, empresarios y trabajadores, que permitan llegar a acuerdos para la especializaci\u00f3n de los empleados, en este caso del sector industrial.<\/p>\n\n\n\n<p>Durante el encuentro Certidumbre jur\u00eddica para la inversi\u00f3n en el Estado de M\u00e9xico, de la Asociaci\u00f3n de Empresarios y Ciudadanos de M\u00e9xico (ASECEM), Gonz\u00e1lez Calder\u00f3n dio a conocer que para el pr\u00f3ximo a\u00f1o entrar\u00e1 en vigor la reforma laboral, que contempla la creaci\u00f3n del Centro Estatal de Conciliaci\u00f3n Laboral y tribunales laborales, dependientes del Poder Judicial.<\/p>\n\n\n\n<p>En presencia del Presidente de la ASECEM, Ra\u00fal Chaparro Romero, la Secretaria del Trabajo llam\u00f3 a que se actualicen sobre la reforma laboral y puso a su disposici\u00f3n la asesor\u00eda que requieran sobre este tema.<\/p>\n\n\n\n<p>Por su parte, la Presidenta del Consejo Coordinador Empresarial en la entidad, Laura Gonz\u00e1lez Hern\u00e1ndez, indic\u00f3 que el Valle de M\u00e9xico representa la zona m\u00e1s industrializada y competitivas de la entidad y se ha convertido en el centro log\u00edstico m\u00e1s importante del centro del pa\u00eds, lo cual se tiene que cuidar en beneficio de la planta laboral del Estado de M\u00e9xico.<\/p>\n\n\n\n<p>Al dar la bienvenida, el Presidente de ASECEM, Cap\u00edtulo Tultitl\u00e1n, Agust\u00edn Rodr\u00edguez Guadarrama, expres\u00f3 que este tipo de encuentros coadyuvan a fortalecer la relaci\u00f3n entre autoridades e iniciativa privada, con el prop\u00f3sito de impulsar al sector empresarial y seguir generando fuentes de empleo.<\/p>\n","protected":false},"excerpt":{"rendered":"<p>Para que las empresas cuenten con personal calificado y altamente competitivo, la Secretaria del Trabajo, Martha Hilda Gonz\u00e1lez Calder\u00f3n, ofreci\u00f3 capacitaci\u00f3n para los trabajadores mexiquenses, a trav\u00e9s de las 46 Escuelas de Artes y Oficios (EDAYO). En este sentido, convoc\u00f3 a que se lleven a cabo encuentros entre autoridades, empresarios y trabajadores, que permitan llegar a acuerdos para la especializaci\u00f3n de los empleados, en este caso del sector industrial. Durante el encuentro Certidumbre jur\u00eddica para la inversi\u00f3n en el Estado de M\u00e9xico, de la Asociaci\u00f3n de Empresarios y Ciudadanos de&hellip;<\/p>\n","protected":false},"author":1,"featured_media":1002,"comment_status":"open","ping_status":"open","sticky":false,"template":"","format":"standard","meta":{"footnotes":""},"categories":[4],"tags":[],"class_list":["post-1001","post","type-post","status-publish","format-standard","has-post-thumbnail","hentry","category-finanzas"],"yoast_head":"<!-- This site is optimized with the Yoast SEO plugin v27.5 - https:\/\/yoast.com\/product\/yoast-seo-wordpress\/ -->\n<title>OFRECE SECRETAR\u00cdA DEL TRABAJO CAPACITACI\u00d3N A EMPRESARIOS, A TRAV\u00c9S DE LAS EDAYO - Expresso Metropolitano<\/title>\n<meta name=\"robots\" content=\"index, follow, max-snippet:-1, max-image-preview:large, max-video-preview:-1\" \/>\n<link rel=\"canonical\" href=\"https:\/\/expressometro.mx\/index.php\/2019\/10\/27\/ofrece-secretaria-del-trabajo-capacitacion-a-empresarios-a-traves-de-las-edayo\/\" \/>\n<meta property=\"og:locale\" content=\"es_MX\" \/>\n<meta property=\"og:type\" content=\"article\" \/>\n<meta property=\"og:title\" content=\"OFRECE SECRETAR\u00cdA DEL TRABAJO CAPACITACI\u00d3N A EMPRESARIOS, A TRAV\u00c9S DE LAS EDAYO - Expresso Metropolitano\" \/>\n<meta property=\"og:description\" content=\"Para que las empresas cuenten con personal calificado y altamente competitivo, la Secretaria del Trabajo, Martha Hilda Gonz\u00e1lez Calder\u00f3n, ofreci\u00f3 capacitaci\u00f3n para los trabajadores mexiquenses, a trav\u00e9s de las 46 Escuelas de Artes y Oficios (EDAYO). En este sentido, convoc\u00f3 a que se lleven a cabo encuentros entre autoridades, empresarios y trabajadores, que permitan llegar a acuerdos para la especializaci\u00f3n de los empleados, en este caso del sector industrial. Durante el encuentro Certidumbre jur\u00eddica para la inversi\u00f3n en el Estado de M\u00e9xico, de la Asociaci\u00f3n de Empresarios y Ciudadanos de&hellip;\" \/>\n<meta property=\"og:url\" content=\"https:\/\/expressometro.mx\/index.php\/2019\/10\/27\/ofrece-secretaria-del-trabajo-capacitacion-a-empresarios-a-traves-de-las-edayo\/\" \/>\n<meta property=\"og:site_name\" content=\"Expresso Metropolitano\" \/>\n<meta property=\"article:published_time\" content=\"2019-10-27T21:03:46+00:00\" \/>\n<meta property=\"article:modified_time\" content=\"2019-10-29T21:04:45+00:00\" \/>\n<meta property=\"og:image\" content=\"https:\/\/expressometro.mx\/wp-content\/uploads\/2019\/10\/w2_10137_1.jpg\" \/>\n\t<meta property=\"og:image:width\" content=\"2550\" \/>\n\t<meta property=\"og:image:height\" content=\"1700\" \/>\n\t<meta property=\"og:image:type\" content=\"image\/jpeg\" \/>\n<meta name=\"author\" content=\"Expresso Metropolitano\" \/>\n<meta name=\"twitter:label1\" content=\"Escrito por\" \/>\n\t<meta name=\"twitter:data1\" content=\"Expresso Metropolitano\" \/>\n\t<meta name=\"twitter:label2\" content=\"Tiempo de lectura\" \/>\n\t<meta name=\"twitter:data2\" content=\"1 minuto\" \/>\n<script type=\"application\/ld+json\" class=\"yoast-schema-graph\">{\"@context\":\"https:\\\/\\\/schema.org\",\"@graph\":[{\"@type\":\"Article\",\"@id\":\"https:\\\/\\\/expressometro.mx\\\/index.php\\\/2019\\\/10\\\/27\\\/ofrece-secretaria-del-trabajo-capacitacion-a-empresarios-a-traves-de-las-edayo\\\/#article\",\"isPartOf\":{\"@id\":\"https:\\\/\\\/expressometro.mx\\\/index.php\\\/2019\\\/10\\\/27\\\/ofrece-secretaria-del-trabajo-capacitacion-a-empresarios-a-traves-de-las-edayo\\\/\"},\"author\":{\"name\":\"Expresso Metropolitano\",\"@id\":\"https:\\\/\\\/expressometro.mx\\\/#\\\/schema\\\/person\\\/efa971b4a0664db8ed5c22b1b0dd2f5d\"},\"headline\":\"OFRECE SECRETAR\u00cdA DEL TRABAJO CAPACITACI\u00d3N A EMPRESARIOS, A TRAV\u00c9S DE LAS EDAYO\",\"datePublished\":\"2019-10-27T21:03:46+00:00\",\"dateModified\":\"2019-10-29T21:04:45+00:00\",\"mainEntityOfPage\":{\"@id\":\"https:\\\/\\\/expressometro.mx\\\/index.php\\\/2019\\\/10\\\/27\\\/ofrece-secretaria-del-trabajo-capacitacion-a-empresarios-a-traves-de-las-edayo\\\/\"},\"wordCount\":311,\"commentCount\":0,\"publisher\":{\"@id\":\"https:\\\/\\\/expressometro.mx\\\/#organization\"},\"image\":{\"@id\":\"https:\\\/\\\/expressometro.mx\\\/index.php\\\/2019\\\/10\\\/27\\\/ofrece-secretaria-del-trabajo-capacitacion-a-empresarios-a-traves-de-las-edayo\\\/#primaryimage\"},\"thumbnailUrl\":\"https:\\\/\\\/expressometro.mx\\\/wp-content\\\/uploads\\\/2019\\\/10\\\/w2_10137_1.jpg\",\"articleSection\":[\"Finanzas\"],\"inLanguage\":\"es\",\"potentialAction\":[{\"@type\":\"CommentAction\",\"name\":\"Comment\",\"target\":[\"https:\\\/\\\/expressometro.mx\\\/index.php\\\/2019\\\/10\\\/27\\\/ofrece-secretaria-del-trabajo-capacitacion-a-empresarios-a-traves-de-las-edayo\\\/#respond\"]}]},{\"@type\":\"WebPage\",\"@id\":\"https:\\\/\\\/expressometro.mx\\\/index.php\\\/2019\\\/10\\\/27\\\/ofrece-secretaria-del-trabajo-capacitacion-a-empresarios-a-traves-de-las-edayo\\\/\",\"url\":\"https:\\\/\\\/expressometro.mx\\\/index.php\\\/2019\\\/10\\\/27\\\/ofrece-secretaria-del-trabajo-capacitacion-a-empresarios-a-traves-de-las-edayo\\\/\",\"name\":\"OFRECE SECRETAR\u00cdA DEL TRABAJO CAPACITACI\u00d3N A EMPRESARIOS, A TRAV\u00c9S DE LAS EDAYO - Expresso Metropolitano\",\"isPartOf\":{\"@id\":\"https:\\\/\\\/expressometro.mx\\\/#website\"},\"primaryImageOfPage\":{\"@id\":\"https:\\\/\\\/expressometro.mx\\\/index.php\\\/2019\\\/10\\\/27\\\/ofrece-secretaria-del-trabajo-capacitacion-a-empresarios-a-traves-de-las-edayo\\\/#primaryimage\"},\"image\":{\"@id\":\"https:\\\/\\\/expressometro.mx\\\/index.php\\\/2019\\\/10\\\/27\\\/ofrece-secretaria-del-trabajo-capacitacion-a-empresarios-a-traves-de-las-edayo\\\/#primaryimage\"},\"thumbnailUrl\":\"https:\\\/\\\/expressometro.mx\\\/wp-content\\\/uploads\\\/2019\\\/10\\\/w2_10137_1.jpg\",\"datePublished\":\"2019-10-27T21:03:46+00:00\",\"dateModified\":\"2019-10-29T21:04:45+00:00\",\"breadcrumb\":{\"@id\":\"https:\\\/\\\/expressometro.mx\\\/index.php\\\/2019\\\/10\\\/27\\\/ofrece-secretaria-del-trabajo-capacitacion-a-empresarios-a-traves-de-las-edayo\\\/#breadcrumb\"},\"inLanguage\":\"es\",\"potentialAction\":[{\"@type\":\"ReadAction\",\"target\":[\"https:\\\/\\\/expressometro.mx\\\/index.php\\\/2019\\\/10\\\/27\\\/ofrece-secretaria-del-trabajo-capacitacion-a-empresarios-a-traves-de-las-edayo\\\/\"]}]},{\"@type\":\"ImageObject\",\"inLanguage\":\"es\",\"@id\":\"https:\\\/\\\/expressometro.mx\\\/index.php\\\/2019\\\/10\\\/27\\\/ofrece-secretaria-del-trabajo-capacitacion-a-empresarios-a-traves-de-las-edayo\\\/#primaryimage\",\"url\":\"https:\\\/\\\/expressometro.mx\\\/wp-content\\\/uploads\\\/2019\\\/10\\\/w2_10137_1.jpg\",\"contentUrl\":\"https:\\\/\\\/expressometro.mx\\\/wp-content\\\/uploads\\\/2019\\\/10\\\/w2_10137_1.jpg\",\"width\":2550,\"height\":1700},{\"@type\":\"BreadcrumbList\",\"@id\":\"https:\\\/\\\/expressometro.mx\\\/index.php\\\/2019\\\/10\\\/27\\\/ofrece-secretaria-del-trabajo-capacitacion-a-empresarios-a-traves-de-las-edayo\\\/#breadcrumb\",\"itemListElement\":[{\"@type\":\"ListItem\",\"position\":1,\"name\":\"Inicio\",\"item\":\"https:\\\/\\\/expressometro.mx\\\/\"},{\"@type\":\"ListItem\",\"position\":2,\"name\":\"OFRECE SECRETAR\u00cdA DEL TRABAJO CAPACITACI\u00d3N A EMPRESARIOS, A TRAV\u00c9S DE LAS EDAYO\"}]},{\"@type\":\"WebSite\",\"@id\":\"https:\\\/\\\/expressometro.mx\\\/#website\",\"url\":\"https:\\\/\\\/expressometro.mx\\\/\",\"name\":\"Expresso Metropolitano\",\"description\":\"Periodismo comprometido, informaci\u00f3n, investigaci\u00f3n y an\u00e1lisis\",\"publisher\":{\"@id\":\"https:\\\/\\\/expressometro.mx\\\/#organization\"},\"potentialAction\":[{\"@type\":\"SearchAction\",\"target\":{\"@type\":\"EntryPoint\",\"urlTemplate\":\"https:\\\/\\\/expressometro.mx\\\/?s={search_term_string}\"},\"query-input\":{\"@type\":\"PropertyValueSpecification\",\"valueRequired\":true,\"valueName\":\"search_term_string\"}}],\"inLanguage\":\"es\"},{\"@type\":\"Organization\",\"@id\":\"https:\\\/\\\/expressometro.mx\\\/#organization\",\"name\":\"Expresso Metropolitano\",\"url\":\"https:\\\/\\\/expressometro.mx\\\/\",\"logo\":{\"@type\":\"ImageObject\",\"inLanguage\":\"es\",\"@id\":\"https:\\\/\\\/expressometro.mx\\\/#\\\/schema\\\/logo\\\/image\\\/\",\"url\":\"https:\\\/\\\/expressometro.mx\\\/wp-content\\\/uploads\\\/2019\\\/07\\\/cropped-Logo-Expresso-Metropolitano-1-1.jpeg\",\"contentUrl\":\"https:\\\/\\\/expressometro.mx\\\/wp-content\\\/uploads\\\/2019\\\/07\\\/cropped-Logo-Expresso-Metropolitano-1-1.jpeg\",\"width\":290,\"height\":73,\"caption\":\"Expresso Metropolitano\"},\"image\":{\"@id\":\"https:\\\/\\\/expressometro.mx\\\/#\\\/schema\\\/logo\\\/image\\\/\"}},{\"@type\":\"Person\",\"@id\":\"https:\\\/\\\/expressometro.mx\\\/#\\\/schema\\\/person\\\/efa971b4a0664db8ed5c22b1b0dd2f5d\",\"name\":\"Expresso Metropolitano\",\"image\":{\"@type\":\"ImageObject\",\"inLanguage\":\"es\",\"@id\":\"https:\\\/\\\/secure.gravatar.com\\\/avatar\\\/a89f802b8de18c6952f223c88d3d106e9e3679839f4e25a02f4a6cc2ae6ba3b3?s=96&d=mm&r=g\",\"url\":\"https:\\\/\\\/secure.gravatar.com\\\/avatar\\\/a89f802b8de18c6952f223c88d3d106e9e3679839f4e25a02f4a6cc2ae6ba3b3?s=96&d=mm&r=g\",\"contentUrl\":\"https:\\\/\\\/secure.gravatar.com\\\/avatar\\\/a89f802b8de18c6952f223c88d3d106e9e3679839f4e25a02f4a6cc2ae6ba3b3?s=96&d=mm&r=g\",\"caption\":\"Expresso Metropolitano\"},\"url\":\"https:\\\/\\\/expressometro.mx\\\/index.php\\\/author\\\/diego\\\/\"}]}<\/script>\n<!-- \/ Yoast SEO plugin. -->","yoast_head_json":{"title":"OFRECE SECRETAR\u00cdA DEL TRABAJO CAPACITACI\u00d3N A EMPRESARIOS, A TRAV\u00c9S DE LAS EDAYO - Expresso Metropolitano","robots":{"index":"index","follow":"follow","max-snippet":"max-snippet:-1","max-image-preview":"max-image-preview:large","max-video-preview":"max-video-preview:-1"},"canonical":"https:\/\/expressometro.mx\/index.php\/2019\/10\/27\/ofrece-secretaria-del-trabajo-capacitacion-a-empresarios-a-traves-de-las-edayo\/","og_locale":"es_MX","og_type":"article","og_title":"OFRECE SECRETAR\u00cdA DEL TRABAJO CAPACITACI\u00d3N A EMPRESARIOS, A TRAV\u00c9S DE LAS EDAYO - Expresso Metropolitano","og_description":"Para que las empresas cuenten con personal calificado y altamente competitivo, la Secretaria del Trabajo, Martha Hilda Gonz\u00e1lez Calder\u00f3n, ofreci\u00f3 capacitaci\u00f3n para los trabajadores mexiquenses, a trav\u00e9s de las 46 Escuelas de Artes y Oficios (EDAYO). En este sentido, convoc\u00f3 a que se lleven a cabo encuentros entre autoridades, empresarios y trabajadores, que permitan llegar a acuerdos para la especializaci\u00f3n de los empleados, en este caso del sector industrial. Durante el encuentro Certidumbre jur\u00eddica para la inversi\u00f3n en el Estado de M\u00e9xico, de la Asociaci\u00f3n de Empresarios y Ciudadanos de&hellip;","og_url":"https:\/\/expressometro.mx\/index.php\/2019\/10\/27\/ofrece-secretaria-del-trabajo-capacitacion-a-empresarios-a-traves-de-las-edayo\/","og_site_name":"Expresso Metropolitano","article_published_time":"2019-10-27T21:03:46+00:00","article_modified_time":"2019-10-29T21:04:45+00:00","og_image":[{"width":2550,"height":1700,"url":"https:\/\/expressometro.mx\/wp-content\/uploads\/2019\/10\/w2_10137_1.jpg","type":"image\/jpeg"}],"author":"Expresso Metropolitano","twitter_misc":{"Escrito por":"Expresso Metropolitano","Tiempo de lectura":"1 minuto"},"schema":{"@context":"https:\/\/schema.org","@graph":[{"@type":"Article","@id":"https:\/\/expressometro.mx\/index.php\/2019\/10\/27\/ofrece-secretaria-del-trabajo-capacitacion-a-empresarios-a-traves-de-las-edayo\/#article","isPartOf":{"@id":"https:\/\/expressometro.mx\/index.php\/2019\/10\/27\/ofrece-secretaria-del-trabajo-capacitacion-a-empresarios-a-traves-de-las-edayo\/"},"author":{"name":"Expresso Metropolitano","@id":"https:\/\/expressometro.mx\/#\/schema\/person\/efa971b4a0664db8ed5c22b1b0dd2f5d"},"headline":"OFRECE SECRETAR\u00cdA DEL TRABAJO CAPACITACI\u00d3N A EMPRESARIOS, A TRAV\u00c9S DE LAS EDAYO","datePublished":"2019-10-27T21:03:46+00:00","dateModified":"2019-10-29T21:04:45+00:00","mainEntityOfPage":{"@id":"https:\/\/expressometro.mx\/index.php\/2019\/10\/27\/ofrece-secretaria-del-trabajo-capacitacion-a-empresarios-a-traves-de-las-edayo\/"},"wordCount":311,"commentCount":0,"publisher":{"@id":"https:\/\/expressometro.mx\/#organization"},"image":{"@id":"https:\/\/expressometro.mx\/index.php\/2019\/10\/27\/ofrece-secretaria-del-trabajo-capacitacion-a-empresarios-a-traves-de-las-edayo\/#primaryimage"},"thumbnailUrl":"https:\/\/expressometro.mx\/wp-content\/uploads\/2019\/10\/w2_10137_1.jpg","articleSection":["Finanzas"],"inLanguage":"es","potentialAction":[{"@type":"CommentAction","name":"Comment","target":["https:\/\/expressometro.mx\/index.php\/2019\/10\/27\/ofrece-secretaria-del-trabajo-capacitacion-a-empresarios-a-traves-de-las-edayo\/#respond"]}]},{"@type":"WebPage","@id":"https:\/\/expressometro.mx\/index.php\/2019\/10\/27\/ofrece-secretaria-del-trabajo-capacitacion-a-empresarios-a-traves-de-las-edayo\/","url":"https:\/\/expressometro.mx\/index.php\/2019\/10\/27\/ofrece-secretaria-del-trabajo-capacitacion-a-empresarios-a-traves-de-las-edayo\/","name":"OFRECE SECRETAR\u00cdA DEL TRABAJO CAPACITACI\u00d3N A EMPRESARIOS, A TRAV\u00c9S DE LAS EDAYO - Expresso Metropolitano","isPartOf":{"@id":"https:\/\/expressometro.mx\/#website"},"primaryImageOfPage":{"@id":"https:\/\/expressometro.mx\/index.php\/2019\/10\/27\/ofrece-secretaria-del-trabajo-capacitacion-a-empresarios-a-traves-de-las-edayo\/#primaryimage"},"image":{"@id":"https:\/\/expressometro.mx\/index.php\/2019\/10\/27\/ofrece-secretaria-del-trabajo-capacitacion-a-empresarios-a-traves-de-las-edayo\/#primaryimage"},"thumbnailUrl":"https:\/\/expressometro.mx\/wp-content\/uploads\/2019\/10\/w2_10137_1.jpg","datePublished":"2019-10-27T21:03:46+00:00","dateModified":"2019-10-29T21:04:45+00:00","breadcrumb":{"@id":"https:\/\/expressometro.mx\/index.php\/2019\/10\/27\/ofrece-secretaria-del-trabajo-capacitacion-a-empresarios-a-traves-de-las-edayo\/#breadcrumb"},"inLanguage":"es","potentialAction":[{"@type":"ReadAction","target":["https:\/\/expressometro.mx\/index.php\/2019\/10\/27\/ofrece-secretaria-del-trabajo-capacitacion-a-empresarios-a-traves-de-las-edayo\/"]}]},{"@type":"ImageObject","inLanguage":"es","@id":"https:\/\/expressometro.mx\/index.php\/2019\/10\/27\/ofrece-secretaria-del-trabajo-capacitacion-a-empresarios-a-traves-de-las-edayo\/#primaryimage","url":"https:\/\/expressometro.mx\/wp-content\/uploads\/2019\/10\/w2_10137_1.jpg","contentUrl":"https:\/\/expressometro.mx\/wp-content\/uploads\/2019\/10\/w2_10137_1.jpg","width":2550,"height":1700},{"@type":"BreadcrumbList","@id":"https:\/\/expressometro.mx\/index.php\/2019\/10\/27\/ofrece-secretaria-del-trabajo-capacitacion-a-empresarios-a-traves-de-las-edayo\/#breadcrumb","itemListElement":[{"@type":"ListItem","position":1,"name":"Inicio","item":"https:\/\/expressometro.mx\/"},{"@type":"ListItem","position":2,"name":"OFRECE SECRETAR\u00cdA DEL TRABAJO CAPACITACI\u00d3N A EMPRESARIOS, A TRAV\u00c9S DE LAS EDAYO"}]},{"@type":"WebSite","@id":"https:\/\/expressometro.mx\/#website","url":"https:\/\/expressometro.mx\/","name":"Expresso Metropolitano","description":"Periodismo comprometido, informaci\u00f3n, investigaci\u00f3n y an\u00e1lisis","publisher":{"@id":"https:\/\/expressometro.mx\/#organization"},"potentialAction":[{"@type":"SearchAction","target":{"@type":"EntryPoint","urlTemplate":"https:\/\/expressometro.mx\/?s={search_term_string}"},"query-input":{"@type":"PropertyValueSpecification","valueRequired":true,"valueName":"search_term_string"}}],"inLanguage":"es"},{"@type":"Organization","@id":"https:\/\/expressometro.mx\/#organization","name":"Expresso Metropolitano","url":"https:\/\/expressometro.mx\/","logo":{"@type":"ImageObject","inLanguage":"es","@id":"https:\/\/expressometro.mx\/#\/schema\/logo\/image\/","url":"https:\/\/expressometro.mx\/wp-content\/uploads\/2019\/07\/cropped-Logo-Expresso-Metropolitano-1-1.jpeg","contentUrl":"https:\/\/expressometro.mx\/wp-content\/uploads\/2019\/07\/cropped-Logo-Expresso-Metropolitano-1-1.jpeg","width":290,"height":73,"caption":"Expresso Metropolitano"},"image":{"@id":"https:\/\/expressometro.mx\/#\/schema\/logo\/image\/"}},{"@type":"Person","@id":"https:\/\/expressometro.mx\/#\/schema\/person\/efa971b4a0664db8ed5c22b1b0dd2f5d","name":"Expresso Metropolitano","image":{"@type":"ImageObject","inLanguage":"es","@id":"https:\/\/secure.gravatar.com\/avatar\/a89f802b8de18c6952f223c88d3d106e9e3679839f4e25a02f4a6cc2ae6ba3b3?s=96&d=mm&r=g","url":"https:\/\/secure.gravatar.com\/avatar\/a89f802b8de18c6952f223c88d3d106e9e3679839f4e25a02f4a6cc2ae6ba3b3?s=96&d=mm&r=g","contentUrl":"https:\/\/secure.gravatar.com\/avatar\/a89f802b8de18c6952f223c88d3d106e9e3679839f4e25a02f4a6cc2ae6ba3b3?s=96&d=mm&r=g","caption":"Expresso Metropolitano"},"url":"https:\/\/expressometro.mx\/index.php\/author\/diego\/"}]}},"amp_enabled":true,"_links":{"self":[{"href":"https:\/\/expressometro.mx\/index.php\/wp-json\/wp\/v2\/posts\/1001","targetHints":{"allow":["GET"]}}],"collection":[{"href":"https:\/\/expressometro.mx\/index.php\/wp-json\/wp\/v2\/posts"}],"about":[{"href":"https:\/\/expressometro.mx\/index.php\/wp-json\/wp\/v2\/types\/post"}],"author":[{"embeddable":true,"href":"https:\/\/expressometro.mx\/index.php\/wp-json\/wp\/v2\/users\/1"}],"replies":[{"embeddable":true,"href":"https:\/\/expressometro.mx\/index.php\/wp-json\/wp\/v2\/comments?post=1001"}],"version-history":[{"count":1,"href":"https:\/\/expressometro.mx\/index.php\/wp-json\/wp\/v2\/posts\/1001\/revisions"}],"predecessor-version":[{"id":1003,"href":"https:\/\/expressometro.mx\/index.php\/wp-json\/wp\/v2\/posts\/1001\/revisions\/1003"}],"wp:featuredmedia":[{"embeddable":true,"href":"https:\/\/expressometro.mx\/index.php\/wp-json\/wp\/v2\/media\/1002"}],"wp:attachment":[{"href":"https:\/\/expressometro.mx\/index.php\/wp-json\/wp\/v2\/media?parent=1001"}],"wp:term":[{"taxonomy":"category","embeddable":true,"href":"https:\/\/expressometro.mx\/index.php\/wp-json\/wp\/v2\/categories?post=1001"},{"taxonomy":"post_tag","embeddable":true,"href":"https:\/\/expressometro.mx\/index.php\/wp-json\/wp\/v2\/tags?post=1001"}],"curies":[{"name":"wp","href":"https:\/\/api.w.org\/{rel}","templated":true}]}}