{"id":10008,"date":"2024-09-16T23:09:18","date_gmt":"2024-09-17T04:09:18","guid":{"rendered":"https:\/\/expressometro.mx\/?p=10008"},"modified":"2024-09-16T23:09:19","modified_gmt":"2024-09-17T04:09:19","slug":"construye-el-pri-un-proyecto-de-nacion-con-causas-sociales-ana-lilia-herrera","status":"publish","type":"post","link":"https:\/\/expressometro.mx\/index.php\/2024\/09\/16\/construye-el-pri-un-proyecto-de-nacion-con-causas-sociales-ana-lilia-herrera\/","title":{"rendered":"CONSTRUYE EL PRI UN PROYECTO DE NACI\u00d3N CON CAUSAS SOCIALES: ANA LILIA HERRERA"},"content":{"rendered":"\n<ul class=\"wp-block-list\">\n<li>No hay lugar para tibiezas en la lucha contra un r\u00e9gimen que amenaza con imponer su voluntad, asegur\u00f3 la dirigente priista.<\/li>\n<\/ul>\n\n\n\n<p>Al reunirse con liderazgos y militancia del PRI en Lerma, la presidenta del Comit\u00e9 Directivo Estatal (CDE), Ana Lilia Herrera Anzaldo, sostuvo que el priismo mexiquense tiene mucho que aportar al proyecto de naci\u00f3n y lo realizar\u00e1 con causas sociales que permitan cambiar el curso de la historia de nuestro pa\u00eds.<\/p>\n\n\n\n<p>Durante este encuentro en la que particip\u00f3 el delegado del CEN, Jorge Meade Ocaranza, y el ex dirigente estatal, Eric Sevilla, la jefa de partido destac\u00f3 que el trabajo de los priistas es valioso y se defender\u00e1 en cada proceso electoral para que se respete el voto ciudadano.<\/p>\n\n\n\n<p>\u201cEstamos en territorio con una base priista muy fuerte y vamos por m\u00e1s con firme atenci\u00f3n a las causas y los problemas de la comunidad\u201d, dej\u00f3 en claro la l\u00edder partidista en Lerma, donde el priismo se impuso y el partido traza su ruta hacia los pr\u00f3ximos triunfos.<\/p>\n\n\n\n<p>Acompa\u00f1ada de la secretaria de Organizaci\u00f3n, Brenda Alvarado y el primer priista de Lerma, Miguel Ram\u00edrez Ponce, convoc\u00f3 a la militancia a ser congruente para construir patria porque no hay lugar para tibiezas ante la amenaza de un r\u00e9gimen que pretende imponer la visi\u00f3n de una sola persona.<\/p>\n\n\n\n<p>Jorge Meade manifest\u00f3 la importancia que tienen los buenos gobiernos, orgullosamente, priistas como el de Lerma porque a partir de ello se pueden construir rutas de trabajo desde el partido, con el fin de que prevalezca la confianza de los mexiquenses.<\/p>\n\n\n\n<p>En su momento, el presidente del Comit\u00e9 Municipal de Lerma, Edgar Guti\u00e9rrez, se\u00f1al\u00f3 que la unidad del partido es clave para fortalecer el trabajo pol\u00edtico en cada localidad. \u201cEn nuestro municipio se privilegia el inter\u00e9s del partido por encima de todo, con inclusi\u00f3n y mucho trabajo\u201d, puntualiz\u00f3.<\/p>\n","protected":false},"excerpt":{"rendered":"<p>Al reunirse con liderazgos y militancia del PRI en Lerma, la presidenta del Comit\u00e9 Directivo Estatal (CDE), Ana Lilia Herrera Anzaldo, sostuvo que el priismo mexiquense tiene mucho que aportar al proyecto de naci\u00f3n y lo realizar\u00e1 con causas sociales que permitan cambiar el curso de la historia de nuestro pa\u00eds.<\/p>\n","protected":false},"author":1,"featured_media":10010,"comment_status":"open","ping_status":"open","sticky":false,"template":"","format":"standard","meta":{"footnotes":""},"categories":[3,1,231],"tags":[2281,1982,158],"class_list":["post-10008","post","type-post","status-publish","format-standard","has-post-thumbnail","hentry","category-gobierno","category-otros","category-politica","tag-ana-lilia-herrera-anzaldo","tag-edomex","tag-pri"],"yoast_head":"<!-- This site is optimized with the Yoast SEO plugin v27.4 - https:\/\/yoast.com\/product\/yoast-seo-wordpress\/ -->\n<title>CONSTRUYE EL PRI UN PROYECTO DE NACI\u00d3N CON CAUSAS SOCIALES: ANA LILIA HERRERA - Expresso Metropolitano<\/title>\n<meta name=\"robots\" content=\"index, follow, max-snippet:-1, max-image-preview:large, max-video-preview:-1\" \/>\n<link rel=\"canonical\" href=\"https:\/\/expressometro.mx\/index.php\/2024\/09\/16\/construye-el-pri-un-proyecto-de-nacion-con-causas-sociales-ana-lilia-herrera\/\" \/>\n<meta property=\"og:locale\" content=\"es_MX\" \/>\n<meta property=\"og:type\" content=\"article\" \/>\n<meta property=\"og:title\" content=\"CONSTRUYE EL PRI UN PROYECTO DE NACI\u00d3N CON CAUSAS SOCIALES: ANA LILIA HERRERA - Expresso Metropolitano\" \/>\n<meta property=\"og:description\" content=\"Al reunirse con liderazgos y militancia del PRI en Lerma, la presidenta del Comit\u00e9 Directivo Estatal (CDE), Ana Lilia Herrera Anzaldo, sostuvo que el priismo mexiquense tiene mucho que aportar al proyecto de naci\u00f3n y lo realizar\u00e1 con causas sociales que permitan cambiar el curso de la historia de nuestro pa\u00eds.\" \/>\n<meta property=\"og:url\" content=\"https:\/\/expressometro.mx\/index.php\/2024\/09\/16\/construye-el-pri-un-proyecto-de-nacion-con-causas-sociales-ana-lilia-herrera\/\" \/>\n<meta property=\"og:site_name\" content=\"Expresso Metropolitano\" \/>\n<meta property=\"article:published_time\" content=\"2024-09-17T04:09:18+00:00\" \/>\n<meta property=\"article:modified_time\" content=\"2024-09-17T04:09:19+00:00\" \/>\n<meta property=\"og:image\" content=\"http:\/\/expressometro.mx\/wp-content\/uploads\/2024\/09\/WhatsApp-Image-2024-09-16-at-5.59.25-PM.jpeg\" \/>\n\t<meta property=\"og:image:width\" content=\"1600\" \/>\n\t<meta property=\"og:image:height\" content=\"1060\" \/>\n\t<meta property=\"og:image:type\" content=\"image\/jpeg\" \/>\n<meta name=\"author\" content=\"Expresso Metropolitano\" \/>\n<meta name=\"twitter:label1\" content=\"Escrito por\" \/>\n\t<meta name=\"twitter:data1\" content=\"Expresso Metropolitano\" \/>\n\t<meta name=\"twitter:label2\" content=\"Tiempo de lectura\" \/>\n\t<meta name=\"twitter:data2\" content=\"2 minutos\" \/>\n<script type=\"application\/ld+json\" class=\"yoast-schema-graph\">{\"@context\":\"https:\\\/\\\/schema.org\",\"@graph\":[{\"@type\":\"Article\",\"@id\":\"https:\\\/\\\/expressometro.mx\\\/index.php\\\/2024\\\/09\\\/16\\\/construye-el-pri-un-proyecto-de-nacion-con-causas-sociales-ana-lilia-herrera\\\/#article\",\"isPartOf\":{\"@id\":\"https:\\\/\\\/expressometro.mx\\\/index.php\\\/2024\\\/09\\\/16\\\/construye-el-pri-un-proyecto-de-nacion-con-causas-sociales-ana-lilia-herrera\\\/\"},\"author\":{\"name\":\"Expresso Metropolitano\",\"@id\":\"https:\\\/\\\/expressometro.mx\\\/#\\\/schema\\\/person\\\/efa971b4a0664db8ed5c22b1b0dd2f5d\"},\"headline\":\"CONSTRUYE EL PRI UN PROYECTO DE NACI\u00d3N CON CAUSAS SOCIALES: ANA LILIA HERRERA\",\"datePublished\":\"2024-09-17T04:09:18+00:00\",\"dateModified\":\"2024-09-17T04:09:19+00:00\",\"mainEntityOfPage\":{\"@id\":\"https:\\\/\\\/expressometro.mx\\\/index.php\\\/2024\\\/09\\\/16\\\/construye-el-pri-un-proyecto-de-nacion-con-causas-sociales-ana-lilia-herrera\\\/\"},\"wordCount\":335,\"commentCount\":0,\"publisher\":{\"@id\":\"https:\\\/\\\/expressometro.mx\\\/#organization\"},\"image\":{\"@id\":\"https:\\\/\\\/expressometro.mx\\\/index.php\\\/2024\\\/09\\\/16\\\/construye-el-pri-un-proyecto-de-nacion-con-causas-sociales-ana-lilia-herrera\\\/#primaryimage\"},\"thumbnailUrl\":\"https:\\\/\\\/expressometro.mx\\\/wp-content\\\/uploads\\\/2024\\\/09\\\/WhatsApp-Image-2024-09-16-at-5.59.25-PM.jpeg\",\"keywords\":[\"Ana Lilia Herrera Anzaldo\",\"Edomex\",\"PRI\"],\"articleSection\":[\"Gobierno\",\"Otros\",\"Pol\u00edtica\"],\"inLanguage\":\"es\",\"potentialAction\":[{\"@type\":\"CommentAction\",\"name\":\"Comment\",\"target\":[\"https:\\\/\\\/expressometro.mx\\\/index.php\\\/2024\\\/09\\\/16\\\/construye-el-pri-un-proyecto-de-nacion-con-causas-sociales-ana-lilia-herrera\\\/#respond\"]}]},{\"@type\":\"WebPage\",\"@id\":\"https:\\\/\\\/expressometro.mx\\\/index.php\\\/2024\\\/09\\\/16\\\/construye-el-pri-un-proyecto-de-nacion-con-causas-sociales-ana-lilia-herrera\\\/\",\"url\":\"https:\\\/\\\/expressometro.mx\\\/index.php\\\/2024\\\/09\\\/16\\\/construye-el-pri-un-proyecto-de-nacion-con-causas-sociales-ana-lilia-herrera\\\/\",\"name\":\"CONSTRUYE EL PRI UN PROYECTO DE NACI\u00d3N CON CAUSAS SOCIALES: ANA LILIA HERRERA - Expresso Metropolitano\",\"isPartOf\":{\"@id\":\"https:\\\/\\\/expressometro.mx\\\/#website\"},\"primaryImageOfPage\":{\"@id\":\"https:\\\/\\\/expressometro.mx\\\/index.php\\\/2024\\\/09\\\/16\\\/construye-el-pri-un-proyecto-de-nacion-con-causas-sociales-ana-lilia-herrera\\\/#primaryimage\"},\"image\":{\"@id\":\"https:\\\/\\\/expressometro.mx\\\/index.php\\\/2024\\\/09\\\/16\\\/construye-el-pri-un-proyecto-de-nacion-con-causas-sociales-ana-lilia-herrera\\\/#primaryimage\"},\"thumbnailUrl\":\"https:\\\/\\\/expressometro.mx\\\/wp-content\\\/uploads\\\/2024\\\/09\\\/WhatsApp-Image-2024-09-16-at-5.59.25-PM.jpeg\",\"datePublished\":\"2024-09-17T04:09:18+00:00\",\"dateModified\":\"2024-09-17T04:09:19+00:00\",\"breadcrumb\":{\"@id\":\"https:\\\/\\\/expressometro.mx\\\/index.php\\\/2024\\\/09\\\/16\\\/construye-el-pri-un-proyecto-de-nacion-con-causas-sociales-ana-lilia-herrera\\\/#breadcrumb\"},\"inLanguage\":\"es\",\"potentialAction\":[{\"@type\":\"ReadAction\",\"target\":[\"https:\\\/\\\/expressometro.mx\\\/index.php\\\/2024\\\/09\\\/16\\\/construye-el-pri-un-proyecto-de-nacion-con-causas-sociales-ana-lilia-herrera\\\/\"]}]},{\"@type\":\"ImageObject\",\"inLanguage\":\"es\",\"@id\":\"https:\\\/\\\/expressometro.mx\\\/index.php\\\/2024\\\/09\\\/16\\\/construye-el-pri-un-proyecto-de-nacion-con-causas-sociales-ana-lilia-herrera\\\/#primaryimage\",\"url\":\"https:\\\/\\\/expressometro.mx\\\/wp-content\\\/uploads\\\/2024\\\/09\\\/WhatsApp-Image-2024-09-16-at-5.59.25-PM.jpeg\",\"contentUrl\":\"https:\\\/\\\/expressometro.mx\\\/wp-content\\\/uploads\\\/2024\\\/09\\\/WhatsApp-Image-2024-09-16-at-5.59.25-PM.jpeg\",\"width\":1600,\"height\":1060},{\"@type\":\"BreadcrumbList\",\"@id\":\"https:\\\/\\\/expressometro.mx\\\/index.php\\\/2024\\\/09\\\/16\\\/construye-el-pri-un-proyecto-de-nacion-con-causas-sociales-ana-lilia-herrera\\\/#breadcrumb\",\"itemListElement\":[{\"@type\":\"ListItem\",\"position\":1,\"name\":\"Inicio\",\"item\":\"https:\\\/\\\/expressometro.mx\\\/\"},{\"@type\":\"ListItem\",\"position\":2,\"name\":\"CONSTRUYE EL PRI UN PROYECTO DE NACI\u00d3N CON CAUSAS SOCIALES: ANA LILIA HERRERA\"}]},{\"@type\":\"WebSite\",\"@id\":\"https:\\\/\\\/expressometro.mx\\\/#website\",\"url\":\"https:\\\/\\\/expressometro.mx\\\/\",\"name\":\"Expresso Metropolitano\",\"description\":\"Periodismo comprometido, informaci\u00f3n, investigaci\u00f3n y an\u00e1lisis\",\"publisher\":{\"@id\":\"https:\\\/\\\/expressometro.mx\\\/#organization\"},\"potentialAction\":[{\"@type\":\"SearchAction\",\"target\":{\"@type\":\"EntryPoint\",\"urlTemplate\":\"https:\\\/\\\/expressometro.mx\\\/?s={search_term_string}\"},\"query-input\":{\"@type\":\"PropertyValueSpecification\",\"valueRequired\":true,\"valueName\":\"search_term_string\"}}],\"inLanguage\":\"es\"},{\"@type\":\"Organization\",\"@id\":\"https:\\\/\\\/expressometro.mx\\\/#organization\",\"name\":\"Expresso Metropolitano\",\"url\":\"https:\\\/\\\/expressometro.mx\\\/\",\"logo\":{\"@type\":\"ImageObject\",\"inLanguage\":\"es\",\"@id\":\"https:\\\/\\\/expressometro.mx\\\/#\\\/schema\\\/logo\\\/image\\\/\",\"url\":\"https:\\\/\\\/expressometro.mx\\\/wp-content\\\/uploads\\\/2019\\\/07\\\/cropped-Logo-Expresso-Metropolitano-1-1.jpeg\",\"contentUrl\":\"https:\\\/\\\/expressometro.mx\\\/wp-content\\\/uploads\\\/2019\\\/07\\\/cropped-Logo-Expresso-Metropolitano-1-1.jpeg\",\"width\":290,\"height\":73,\"caption\":\"Expresso Metropolitano\"},\"image\":{\"@id\":\"https:\\\/\\\/expressometro.mx\\\/#\\\/schema\\\/logo\\\/image\\\/\"}},{\"@type\":\"Person\",\"@id\":\"https:\\\/\\\/expressometro.mx\\\/#\\\/schema\\\/person\\\/efa971b4a0664db8ed5c22b1b0dd2f5d\",\"name\":\"Expresso Metropolitano\",\"image\":{\"@type\":\"ImageObject\",\"inLanguage\":\"es\",\"@id\":\"https:\\\/\\\/secure.gravatar.com\\\/avatar\\\/a89f802b8de18c6952f223c88d3d106e9e3679839f4e25a02f4a6cc2ae6ba3b3?s=96&d=mm&r=g\",\"url\":\"https:\\\/\\\/secure.gravatar.com\\\/avatar\\\/a89f802b8de18c6952f223c88d3d106e9e3679839f4e25a02f4a6cc2ae6ba3b3?s=96&d=mm&r=g\",\"contentUrl\":\"https:\\\/\\\/secure.gravatar.com\\\/avatar\\\/a89f802b8de18c6952f223c88d3d106e9e3679839f4e25a02f4a6cc2ae6ba3b3?s=96&d=mm&r=g\",\"caption\":\"Expresso Metropolitano\"},\"url\":\"https:\\\/\\\/expressometro.mx\\\/index.php\\\/author\\\/diego\\\/\"}]}<\/script>\n<!-- \/ Yoast SEO plugin. -->","yoast_head_json":{"title":"CONSTRUYE EL PRI UN PROYECTO DE NACI\u00d3N CON CAUSAS SOCIALES: ANA LILIA HERRERA - Expresso Metropolitano","robots":{"index":"index","follow":"follow","max-snippet":"max-snippet:-1","max-image-preview":"max-image-preview:large","max-video-preview":"max-video-preview:-1"},"canonical":"https:\/\/expressometro.mx\/index.php\/2024\/09\/16\/construye-el-pri-un-proyecto-de-nacion-con-causas-sociales-ana-lilia-herrera\/","og_locale":"es_MX","og_type":"article","og_title":"CONSTRUYE EL PRI UN PROYECTO DE NACI\u00d3N CON CAUSAS SOCIALES: ANA LILIA HERRERA - Expresso Metropolitano","og_description":"Al reunirse con liderazgos y militancia del PRI en Lerma, la presidenta del Comit\u00e9 Directivo Estatal (CDE), Ana Lilia Herrera Anzaldo, sostuvo que el priismo mexiquense tiene mucho que aportar al proyecto de naci\u00f3n y lo realizar\u00e1 con causas sociales que permitan cambiar el curso de la historia de nuestro pa\u00eds.","og_url":"https:\/\/expressometro.mx\/index.php\/2024\/09\/16\/construye-el-pri-un-proyecto-de-nacion-con-causas-sociales-ana-lilia-herrera\/","og_site_name":"Expresso Metropolitano","article_published_time":"2024-09-17T04:09:18+00:00","article_modified_time":"2024-09-17T04:09:19+00:00","og_image":[{"width":1600,"height":1060,"url":"http:\/\/expressometro.mx\/wp-content\/uploads\/2024\/09\/WhatsApp-Image-2024-09-16-at-5.59.25-PM.jpeg","type":"image\/jpeg"}],"author":"Expresso Metropolitano","twitter_misc":{"Escrito por":"Expresso Metropolitano","Tiempo de lectura":"2 minutos"},"schema":{"@context":"https:\/\/schema.org","@graph":[{"@type":"Article","@id":"https:\/\/expressometro.mx\/index.php\/2024\/09\/16\/construye-el-pri-un-proyecto-de-nacion-con-causas-sociales-ana-lilia-herrera\/#article","isPartOf":{"@id":"https:\/\/expressometro.mx\/index.php\/2024\/09\/16\/construye-el-pri-un-proyecto-de-nacion-con-causas-sociales-ana-lilia-herrera\/"},"author":{"name":"Expresso Metropolitano","@id":"https:\/\/expressometro.mx\/#\/schema\/person\/efa971b4a0664db8ed5c22b1b0dd2f5d"},"headline":"CONSTRUYE EL PRI UN PROYECTO DE NACI\u00d3N CON CAUSAS SOCIALES: ANA LILIA HERRERA","datePublished":"2024-09-17T04:09:18+00:00","dateModified":"2024-09-17T04:09:19+00:00","mainEntityOfPage":{"@id":"https:\/\/expressometro.mx\/index.php\/2024\/09\/16\/construye-el-pri-un-proyecto-de-nacion-con-causas-sociales-ana-lilia-herrera\/"},"wordCount":335,"commentCount":0,"publisher":{"@id":"https:\/\/expressometro.mx\/#organization"},"image":{"@id":"https:\/\/expressometro.mx\/index.php\/2024\/09\/16\/construye-el-pri-un-proyecto-de-nacion-con-causas-sociales-ana-lilia-herrera\/#primaryimage"},"thumbnailUrl":"https:\/\/expressometro.mx\/wp-content\/uploads\/2024\/09\/WhatsApp-Image-2024-09-16-at-5.59.25-PM.jpeg","keywords":["Ana Lilia Herrera Anzaldo","Edomex","PRI"],"articleSection":["Gobierno","Otros","Pol\u00edtica"],"inLanguage":"es","potentialAction":[{"@type":"CommentAction","name":"Comment","target":["https:\/\/expressometro.mx\/index.php\/2024\/09\/16\/construye-el-pri-un-proyecto-de-nacion-con-causas-sociales-ana-lilia-herrera\/#respond"]}]},{"@type":"WebPage","@id":"https:\/\/expressometro.mx\/index.php\/2024\/09\/16\/construye-el-pri-un-proyecto-de-nacion-con-causas-sociales-ana-lilia-herrera\/","url":"https:\/\/expressometro.mx\/index.php\/2024\/09\/16\/construye-el-pri-un-proyecto-de-nacion-con-causas-sociales-ana-lilia-herrera\/","name":"CONSTRUYE EL PRI UN PROYECTO DE NACI\u00d3N CON CAUSAS SOCIALES: ANA LILIA HERRERA - Expresso Metropolitano","isPartOf":{"@id":"https:\/\/expressometro.mx\/#website"},"primaryImageOfPage":{"@id":"https:\/\/expressometro.mx\/index.php\/2024\/09\/16\/construye-el-pri-un-proyecto-de-nacion-con-causas-sociales-ana-lilia-herrera\/#primaryimage"},"image":{"@id":"https:\/\/expressometro.mx\/index.php\/2024\/09\/16\/construye-el-pri-un-proyecto-de-nacion-con-causas-sociales-ana-lilia-herrera\/#primaryimage"},"thumbnailUrl":"https:\/\/expressometro.mx\/wp-content\/uploads\/2024\/09\/WhatsApp-Image-2024-09-16-at-5.59.25-PM.jpeg","datePublished":"2024-09-17T04:09:18+00:00","dateModified":"2024-09-17T04:09:19+00:00","breadcrumb":{"@id":"https:\/\/expressometro.mx\/index.php\/2024\/09\/16\/construye-el-pri-un-proyecto-de-nacion-con-causas-sociales-ana-lilia-herrera\/#breadcrumb"},"inLanguage":"es","potentialAction":[{"@type":"ReadAction","target":["https:\/\/expressometro.mx\/index.php\/2024\/09\/16\/construye-el-pri-un-proyecto-de-nacion-con-causas-sociales-ana-lilia-herrera\/"]}]},{"@type":"ImageObject","inLanguage":"es","@id":"https:\/\/expressometro.mx\/index.php\/2024\/09\/16\/construye-el-pri-un-proyecto-de-nacion-con-causas-sociales-ana-lilia-herrera\/#primaryimage","url":"https:\/\/expressometro.mx\/wp-content\/uploads\/2024\/09\/WhatsApp-Image-2024-09-16-at-5.59.25-PM.jpeg","contentUrl":"https:\/\/expressometro.mx\/wp-content\/uploads\/2024\/09\/WhatsApp-Image-2024-09-16-at-5.59.25-PM.jpeg","width":1600,"height":1060},{"@type":"BreadcrumbList","@id":"https:\/\/expressometro.mx\/index.php\/2024\/09\/16\/construye-el-pri-un-proyecto-de-nacion-con-causas-sociales-ana-lilia-herrera\/#breadcrumb","itemListElement":[{"@type":"ListItem","position":1,"name":"Inicio","item":"https:\/\/expressometro.mx\/"},{"@type":"ListItem","position":2,"name":"CONSTRUYE EL PRI UN PROYECTO DE NACI\u00d3N CON CAUSAS SOCIALES: ANA LILIA HERRERA"}]},{"@type":"WebSite","@id":"https:\/\/expressometro.mx\/#website","url":"https:\/\/expressometro.mx\/","name":"Expresso Metropolitano","description":"Periodismo comprometido, informaci\u00f3n, investigaci\u00f3n y an\u00e1lisis","publisher":{"@id":"https:\/\/expressometro.mx\/#organization"},"potentialAction":[{"@type":"SearchAction","target":{"@type":"EntryPoint","urlTemplate":"https:\/\/expressometro.mx\/?s={search_term_string}"},"query-input":{"@type":"PropertyValueSpecification","valueRequired":true,"valueName":"search_term_string"}}],"inLanguage":"es"},{"@type":"Organization","@id":"https:\/\/expressometro.mx\/#organization","name":"Expresso Metropolitano","url":"https:\/\/expressometro.mx\/","logo":{"@type":"ImageObject","inLanguage":"es","@id":"https:\/\/expressometro.mx\/#\/schema\/logo\/image\/","url":"https:\/\/expressometro.mx\/wp-content\/uploads\/2019\/07\/cropped-Logo-Expresso-Metropolitano-1-1.jpeg","contentUrl":"https:\/\/expressometro.mx\/wp-content\/uploads\/2019\/07\/cropped-Logo-Expresso-Metropolitano-1-1.jpeg","width":290,"height":73,"caption":"Expresso Metropolitano"},"image":{"@id":"https:\/\/expressometro.mx\/#\/schema\/logo\/image\/"}},{"@type":"Person","@id":"https:\/\/expressometro.mx\/#\/schema\/person\/efa971b4a0664db8ed5c22b1b0dd2f5d","name":"Expresso Metropolitano","image":{"@type":"ImageObject","inLanguage":"es","@id":"https:\/\/secure.gravatar.com\/avatar\/a89f802b8de18c6952f223c88d3d106e9e3679839f4e25a02f4a6cc2ae6ba3b3?s=96&d=mm&r=g","url":"https:\/\/secure.gravatar.com\/avatar\/a89f802b8de18c6952f223c88d3d106e9e3679839f4e25a02f4a6cc2ae6ba3b3?s=96&d=mm&r=g","contentUrl":"https:\/\/secure.gravatar.com\/avatar\/a89f802b8de18c6952f223c88d3d106e9e3679839f4e25a02f4a6cc2ae6ba3b3?s=96&d=mm&r=g","caption":"Expresso Metropolitano"},"url":"https:\/\/expressometro.mx\/index.php\/author\/diego\/"}]}},"amp_enabled":true,"_links":{"self":[{"href":"https:\/\/expressometro.mx\/index.php\/wp-json\/wp\/v2\/posts\/10008","targetHints":{"allow":["GET"]}}],"collection":[{"href":"https:\/\/expressometro.mx\/index.php\/wp-json\/wp\/v2\/posts"}],"about":[{"href":"https:\/\/expressometro.mx\/index.php\/wp-json\/wp\/v2\/types\/post"}],"author":[{"embeddable":true,"href":"https:\/\/expressometro.mx\/index.php\/wp-json\/wp\/v2\/users\/1"}],"replies":[{"embeddable":true,"href":"https:\/\/expressometro.mx\/index.php\/wp-json\/wp\/v2\/comments?post=10008"}],"version-history":[{"count":1,"href":"https:\/\/expressometro.mx\/index.php\/wp-json\/wp\/v2\/posts\/10008\/revisions"}],"predecessor-version":[{"id":10011,"href":"https:\/\/expressometro.mx\/index.php\/wp-json\/wp\/v2\/posts\/10008\/revisions\/10011"}],"wp:featuredmedia":[{"embeddable":true,"href":"https:\/\/expressometro.mx\/index.php\/wp-json\/wp\/v2\/media\/10010"}],"wp:attachment":[{"href":"https:\/\/expressometro.mx\/index.php\/wp-json\/wp\/v2\/media?parent=10008"}],"wp:term":[{"taxonomy":"category","embeddable":true,"href":"https:\/\/expressometro.mx\/index.php\/wp-json\/wp\/v2\/categories?post=10008"},{"taxonomy":"post_tag","embeddable":true,"href":"https:\/\/expressometro.mx\/index.php\/wp-json\/wp\/v2\/tags?post=10008"}],"curies":[{"name":"wp","href":"https:\/\/api.w.org\/{rel}","templated":true}]}}