{"id":10003,"date":"2024-09-13T10:49:37","date_gmt":"2024-09-13T15:49:37","guid":{"rendered":"https:\/\/expressometro.mx\/?p=10003"},"modified":"2024-09-14T10:56:32","modified_gmt":"2024-09-14T15:56:32","slug":"inicia-pri-municipal-de-toluca-proceso-de-expulsion-de-paola-jimenez","status":"publish","type":"post","link":"https:\/\/expressometro.mx\/index.php\/2024\/09\/13\/inicia-pri-municipal-de-toluca-proceso-de-expulsion-de-paola-jimenez\/","title":{"rendered":"INICIA PRI MUNICIPAL DE TOLUCA PROCESO DE EXPULSI\u00d3N DE PAOLA JIM\u00c9NEZ"},"content":{"rendered":"\n<ul class=\"wp-block-list\">\n<li>Por actuar en contra de los intereses del partido tambi\u00e9n ser\u00e1n expulsados Raymundo Mart\u00ednez y Fernando Zamora, anunci\u00f3 el dirigente municipal del PRI en Toluca, An\u00edbal Gonz\u00e1lez.<\/li>\n<\/ul>\n\n\n\n<p>El Comit\u00e9 Municipal del Partido Revolucionario Institucional (PRI) en Toluca inici\u00f3 los tr\u00e1mites para solicitar a los \u00f3rganos de justicia partidaria del Comit\u00e9 Directivo Estatal la expulsi\u00f3n, p\u00e9rdida de la militancia y las sanciones que procedan en contra de la diputada local Paola Jim\u00e9nez Hern\u00e1ndez, por su actuar en contra de los principios del partido.<\/p>\n\n\n\n<p>En conferencia de prensa, el dirigente municipal del PRI, An\u00edbal Gonz\u00e1lez Pedraza, sostuvo que al abstenerse de votar en contra de la reforma del Poder Judicial, la diputada Jim\u00e9nez Hern\u00e1ndez viol\u00f3 de manera clara la posici\u00f3n pol\u00edtica nacional y estatal del PRI, fijadas por la fracci\u00f3n parlamentaria en la LXII legislatura local, y los documentos que nos rigen como partido.<\/p>\n\n\n\n<p>\u201cEsta abstenci\u00f3n representa una traici\u00f3n a los pricipios, valores e ideolog\u00eda del PRI, a los militantes que conf\u00edan en nosotros y, sobre todo, a los electores de los municipios de Toluca y Zinacantepec, que esperan que sus representantes defiendan los intereses del pa\u00eds y su democracia\u201d, puntualiz\u00f3.<\/p>\n\n\n\n<p>Manifest\u00f3 que el PRI tiene el compromiso con la legalidad y sus principios son inquebrantables, por eso \u201cno toleraremos comportamientos que traicionen nuestra ideolog\u00eda ni a nuestras bases. La postura de la diputada Jim\u00e9nez Hern\u00e1ndez refleja intereses individuales contrarios a nuestro partido, lo cual va en contra del sentido de unidad y responsabilidad que requiere nuestra labor pol\u00edtica en estos momentos cr\u00edticos para el pa\u00eds\u201d.<\/p>\n\n\n\n<p>El PRI de Toluca ha demostrado su fuerza, incluso en circunstancias dif\u00edciles como en la reciente elecci\u00f3n que se encuentra impugnada ante los tribunales electorales, dej\u00f3 en claro el l\u00edder partidista al refrendar que es inaceptable que dentro de las filas haya actores que desprecien los lineamientos y principios del partido.<\/p>\n\n\n\n<p>Asimismo, anunci\u00f3 que solicitar\u00e1n la expulsi\u00f3n de los exalcaldes Fernando Zamora Morales y Raymundo Mart\u00ednez Carbajal, quienes tambi\u00e9n han actuado de manera contraria a los intereses del PRI y de M\u00e9xico.<\/p>\n\n\n\n<p>El procedimiento de expulsi\u00f3n se inici\u00f3 conforme a los art\u00edculos 129 y 151 del c\u00f3digo de justicia partidaria, con el respaldo de la secretar\u00eda jur\u00eddica del comit\u00e9, y anexando todas las pruebas necesarias que acrediten las violaciones cometidas por estos actores.<\/p>\n","protected":false},"excerpt":{"rendered":"<p>Por actuar en contra de los intereses del partido tambi\u00e9n ser\u00e1n expulsados Raymundo Mart\u00ednez y Fernando Zamora, anunci\u00f3 el dirigente municipal del PRI en Toluca, An\u00edbal Gonz\u00e1lez.<\/p>\n","protected":false},"author":1,"featured_media":10005,"comment_status":"open","ping_status":"open","sticky":false,"template":"","format":"standard","meta":{"footnotes":""},"categories":[3,1,231],"tags":[2270,1982,158],"class_list":["post-10003","post","type-post","status-publish","format-standard","has-post-thumbnail","hentry","category-gobierno","category-otros","category-politica","tag-anibal-gonzalez-pedraza","tag-edomex","tag-pri"],"yoast_head":"<!-- This site is optimized with the Yoast SEO plugin v27.5 - https:\/\/yoast.com\/product\/yoast-seo-wordpress\/ -->\n<title>INICIA PRI MUNICIPAL DE TOLUCA PROCESO DE EXPULSI\u00d3N DE PAOLA JIM\u00c9NEZ - Expresso Metropolitano<\/title>\n<meta name=\"robots\" content=\"index, follow, max-snippet:-1, max-image-preview:large, max-video-preview:-1\" \/>\n<link rel=\"canonical\" href=\"https:\/\/expressometro.mx\/index.php\/2024\/09\/13\/inicia-pri-municipal-de-toluca-proceso-de-expulsion-de-paola-jimenez\/\" \/>\n<meta property=\"og:locale\" content=\"es_MX\" \/>\n<meta property=\"og:type\" content=\"article\" \/>\n<meta property=\"og:title\" content=\"INICIA PRI MUNICIPAL DE TOLUCA PROCESO DE EXPULSI\u00d3N DE PAOLA JIM\u00c9NEZ - Expresso Metropolitano\" \/>\n<meta property=\"og:description\" content=\"Por actuar en contra de los intereses del partido tambi\u00e9n ser\u00e1n expulsados Raymundo Mart\u00ednez y Fernando Zamora, anunci\u00f3 el dirigente municipal del PRI en Toluca, An\u00edbal Gonz\u00e1lez.\" \/>\n<meta property=\"og:url\" content=\"https:\/\/expressometro.mx\/index.php\/2024\/09\/13\/inicia-pri-municipal-de-toluca-proceso-de-expulsion-de-paola-jimenez\/\" \/>\n<meta property=\"og:site_name\" content=\"Expresso Metropolitano\" \/>\n<meta property=\"article:published_time\" content=\"2024-09-13T15:49:37+00:00\" \/>\n<meta property=\"article:modified_time\" content=\"2024-09-14T15:56:32+00:00\" \/>\n<meta property=\"og:image\" content=\"http:\/\/expressometro.mx\/wp-content\/uploads\/2024\/09\/WhatsApp-Image-2024-09-13-at-3.21.05-PM.jpeg\" \/>\n\t<meta property=\"og:image:width\" content=\"1280\" \/>\n\t<meta property=\"og:image:height\" content=\"960\" \/>\n\t<meta property=\"og:image:type\" content=\"image\/jpeg\" \/>\n<meta name=\"author\" content=\"Expresso Metropolitano\" \/>\n<meta name=\"twitter:label1\" content=\"Escrito por\" \/>\n\t<meta name=\"twitter:data1\" content=\"Expresso Metropolitano\" \/>\n\t<meta name=\"twitter:label2\" content=\"Tiempo de lectura\" \/>\n\t<meta name=\"twitter:data2\" content=\"2 minutos\" \/>\n<script type=\"application\/ld+json\" class=\"yoast-schema-graph\">{\"@context\":\"https:\\\/\\\/schema.org\",\"@graph\":[{\"@type\":\"Article\",\"@id\":\"https:\\\/\\\/expressometro.mx\\\/index.php\\\/2024\\\/09\\\/13\\\/inicia-pri-municipal-de-toluca-proceso-de-expulsion-de-paola-jimenez\\\/#article\",\"isPartOf\":{\"@id\":\"https:\\\/\\\/expressometro.mx\\\/index.php\\\/2024\\\/09\\\/13\\\/inicia-pri-municipal-de-toluca-proceso-de-expulsion-de-paola-jimenez\\\/\"},\"author\":{\"name\":\"Expresso Metropolitano\",\"@id\":\"https:\\\/\\\/expressometro.mx\\\/#\\\/schema\\\/person\\\/efa971b4a0664db8ed5c22b1b0dd2f5d\"},\"headline\":\"INICIA PRI MUNICIPAL DE TOLUCA PROCESO DE EXPULSI\u00d3N DE PAOLA JIM\u00c9NEZ\",\"datePublished\":\"2024-09-13T15:49:37+00:00\",\"dateModified\":\"2024-09-14T15:56:32+00:00\",\"mainEntityOfPage\":{\"@id\":\"https:\\\/\\\/expressometro.mx\\\/index.php\\\/2024\\\/09\\\/13\\\/inicia-pri-municipal-de-toluca-proceso-de-expulsion-de-paola-jimenez\\\/\"},\"wordCount\":429,\"commentCount\":0,\"publisher\":{\"@id\":\"https:\\\/\\\/expressometro.mx\\\/#organization\"},\"image\":{\"@id\":\"https:\\\/\\\/expressometro.mx\\\/index.php\\\/2024\\\/09\\\/13\\\/inicia-pri-municipal-de-toluca-proceso-de-expulsion-de-paola-jimenez\\\/#primaryimage\"},\"thumbnailUrl\":\"https:\\\/\\\/expressometro.mx\\\/wp-content\\\/uploads\\\/2024\\\/09\\\/WhatsApp-Image-2024-09-13-at-3.21.05-PM.jpeg\",\"keywords\":[\"An\u00edbal Gonz\u00e1lez Pedraza\",\"Edomex\",\"PRI\"],\"articleSection\":[\"Gobierno\",\"Otros\",\"Pol\u00edtica\"],\"inLanguage\":\"es\",\"potentialAction\":[{\"@type\":\"CommentAction\",\"name\":\"Comment\",\"target\":[\"https:\\\/\\\/expressometro.mx\\\/index.php\\\/2024\\\/09\\\/13\\\/inicia-pri-municipal-de-toluca-proceso-de-expulsion-de-paola-jimenez\\\/#respond\"]}]},{\"@type\":\"WebPage\",\"@id\":\"https:\\\/\\\/expressometro.mx\\\/index.php\\\/2024\\\/09\\\/13\\\/inicia-pri-municipal-de-toluca-proceso-de-expulsion-de-paola-jimenez\\\/\",\"url\":\"https:\\\/\\\/expressometro.mx\\\/index.php\\\/2024\\\/09\\\/13\\\/inicia-pri-municipal-de-toluca-proceso-de-expulsion-de-paola-jimenez\\\/\",\"name\":\"INICIA PRI MUNICIPAL DE TOLUCA PROCESO DE EXPULSI\u00d3N DE PAOLA JIM\u00c9NEZ - Expresso Metropolitano\",\"isPartOf\":{\"@id\":\"https:\\\/\\\/expressometro.mx\\\/#website\"},\"primaryImageOfPage\":{\"@id\":\"https:\\\/\\\/expressometro.mx\\\/index.php\\\/2024\\\/09\\\/13\\\/inicia-pri-municipal-de-toluca-proceso-de-expulsion-de-paola-jimenez\\\/#primaryimage\"},\"image\":{\"@id\":\"https:\\\/\\\/expressometro.mx\\\/index.php\\\/2024\\\/09\\\/13\\\/inicia-pri-municipal-de-toluca-proceso-de-expulsion-de-paola-jimenez\\\/#primaryimage\"},\"thumbnailUrl\":\"https:\\\/\\\/expressometro.mx\\\/wp-content\\\/uploads\\\/2024\\\/09\\\/WhatsApp-Image-2024-09-13-at-3.21.05-PM.jpeg\",\"datePublished\":\"2024-09-13T15:49:37+00:00\",\"dateModified\":\"2024-09-14T15:56:32+00:00\",\"breadcrumb\":{\"@id\":\"https:\\\/\\\/expressometro.mx\\\/index.php\\\/2024\\\/09\\\/13\\\/inicia-pri-municipal-de-toluca-proceso-de-expulsion-de-paola-jimenez\\\/#breadcrumb\"},\"inLanguage\":\"es\",\"potentialAction\":[{\"@type\":\"ReadAction\",\"target\":[\"https:\\\/\\\/expressometro.mx\\\/index.php\\\/2024\\\/09\\\/13\\\/inicia-pri-municipal-de-toluca-proceso-de-expulsion-de-paola-jimenez\\\/\"]}]},{\"@type\":\"ImageObject\",\"inLanguage\":\"es\",\"@id\":\"https:\\\/\\\/expressometro.mx\\\/index.php\\\/2024\\\/09\\\/13\\\/inicia-pri-municipal-de-toluca-proceso-de-expulsion-de-paola-jimenez\\\/#primaryimage\",\"url\":\"https:\\\/\\\/expressometro.mx\\\/wp-content\\\/uploads\\\/2024\\\/09\\\/WhatsApp-Image-2024-09-13-at-3.21.05-PM.jpeg\",\"contentUrl\":\"https:\\\/\\\/expressometro.mx\\\/wp-content\\\/uploads\\\/2024\\\/09\\\/WhatsApp-Image-2024-09-13-at-3.21.05-PM.jpeg\",\"width\":1280,\"height\":960},{\"@type\":\"BreadcrumbList\",\"@id\":\"https:\\\/\\\/expressometro.mx\\\/index.php\\\/2024\\\/09\\\/13\\\/inicia-pri-municipal-de-toluca-proceso-de-expulsion-de-paola-jimenez\\\/#breadcrumb\",\"itemListElement\":[{\"@type\":\"ListItem\",\"position\":1,\"name\":\"Inicio\",\"item\":\"https:\\\/\\\/expressometro.mx\\\/\"},{\"@type\":\"ListItem\",\"position\":2,\"name\":\"INICIA PRI MUNICIPAL DE TOLUCA PROCESO DE EXPULSI\u00d3N DE PAOLA JIM\u00c9NEZ\"}]},{\"@type\":\"WebSite\",\"@id\":\"https:\\\/\\\/expressometro.mx\\\/#website\",\"url\":\"https:\\\/\\\/expressometro.mx\\\/\",\"name\":\"Expresso Metropolitano\",\"description\":\"Periodismo comprometido, informaci\u00f3n, investigaci\u00f3n y an\u00e1lisis\",\"publisher\":{\"@id\":\"https:\\\/\\\/expressometro.mx\\\/#organization\"},\"potentialAction\":[{\"@type\":\"SearchAction\",\"target\":{\"@type\":\"EntryPoint\",\"urlTemplate\":\"https:\\\/\\\/expressometro.mx\\\/?s={search_term_string}\"},\"query-input\":{\"@type\":\"PropertyValueSpecification\",\"valueRequired\":true,\"valueName\":\"search_term_string\"}}],\"inLanguage\":\"es\"},{\"@type\":\"Organization\",\"@id\":\"https:\\\/\\\/expressometro.mx\\\/#organization\",\"name\":\"Expresso Metropolitano\",\"url\":\"https:\\\/\\\/expressometro.mx\\\/\",\"logo\":{\"@type\":\"ImageObject\",\"inLanguage\":\"es\",\"@id\":\"https:\\\/\\\/expressometro.mx\\\/#\\\/schema\\\/logo\\\/image\\\/\",\"url\":\"https:\\\/\\\/expressometro.mx\\\/wp-content\\\/uploads\\\/2019\\\/07\\\/cropped-Logo-Expresso-Metropolitano-1-1.jpeg\",\"contentUrl\":\"https:\\\/\\\/expressometro.mx\\\/wp-content\\\/uploads\\\/2019\\\/07\\\/cropped-Logo-Expresso-Metropolitano-1-1.jpeg\",\"width\":290,\"height\":73,\"caption\":\"Expresso Metropolitano\"},\"image\":{\"@id\":\"https:\\\/\\\/expressometro.mx\\\/#\\\/schema\\\/logo\\\/image\\\/\"}},{\"@type\":\"Person\",\"@id\":\"https:\\\/\\\/expressometro.mx\\\/#\\\/schema\\\/person\\\/efa971b4a0664db8ed5c22b1b0dd2f5d\",\"name\":\"Expresso Metropolitano\",\"image\":{\"@type\":\"ImageObject\",\"inLanguage\":\"es\",\"@id\":\"https:\\\/\\\/secure.gravatar.com\\\/avatar\\\/a89f802b8de18c6952f223c88d3d106e9e3679839f4e25a02f4a6cc2ae6ba3b3?s=96&d=mm&r=g\",\"url\":\"https:\\\/\\\/secure.gravatar.com\\\/avatar\\\/a89f802b8de18c6952f223c88d3d106e9e3679839f4e25a02f4a6cc2ae6ba3b3?s=96&d=mm&r=g\",\"contentUrl\":\"https:\\\/\\\/secure.gravatar.com\\\/avatar\\\/a89f802b8de18c6952f223c88d3d106e9e3679839f4e25a02f4a6cc2ae6ba3b3?s=96&d=mm&r=g\",\"caption\":\"Expresso Metropolitano\"},\"url\":\"https:\\\/\\\/expressometro.mx\\\/index.php\\\/author\\\/diego\\\/\"}]}<\/script>\n<!-- \/ Yoast SEO plugin. -->","yoast_head_json":{"title":"INICIA PRI MUNICIPAL DE TOLUCA PROCESO DE EXPULSI\u00d3N DE PAOLA JIM\u00c9NEZ - Expresso Metropolitano","robots":{"index":"index","follow":"follow","max-snippet":"max-snippet:-1","max-image-preview":"max-image-preview:large","max-video-preview":"max-video-preview:-1"},"canonical":"https:\/\/expressometro.mx\/index.php\/2024\/09\/13\/inicia-pri-municipal-de-toluca-proceso-de-expulsion-de-paola-jimenez\/","og_locale":"es_MX","og_type":"article","og_title":"INICIA PRI MUNICIPAL DE TOLUCA PROCESO DE EXPULSI\u00d3N DE PAOLA JIM\u00c9NEZ - Expresso Metropolitano","og_description":"Por actuar en contra de los intereses del partido tambi\u00e9n ser\u00e1n expulsados Raymundo Mart\u00ednez y Fernando Zamora, anunci\u00f3 el dirigente municipal del PRI en Toluca, An\u00edbal Gonz\u00e1lez.","og_url":"https:\/\/expressometro.mx\/index.php\/2024\/09\/13\/inicia-pri-municipal-de-toluca-proceso-de-expulsion-de-paola-jimenez\/","og_site_name":"Expresso Metropolitano","article_published_time":"2024-09-13T15:49:37+00:00","article_modified_time":"2024-09-14T15:56:32+00:00","og_image":[{"width":1280,"height":960,"url":"http:\/\/expressometro.mx\/wp-content\/uploads\/2024\/09\/WhatsApp-Image-2024-09-13-at-3.21.05-PM.jpeg","type":"image\/jpeg"}],"author":"Expresso Metropolitano","twitter_misc":{"Escrito por":"Expresso Metropolitano","Tiempo de lectura":"2 minutos"},"schema":{"@context":"https:\/\/schema.org","@graph":[{"@type":"Article","@id":"https:\/\/expressometro.mx\/index.php\/2024\/09\/13\/inicia-pri-municipal-de-toluca-proceso-de-expulsion-de-paola-jimenez\/#article","isPartOf":{"@id":"https:\/\/expressometro.mx\/index.php\/2024\/09\/13\/inicia-pri-municipal-de-toluca-proceso-de-expulsion-de-paola-jimenez\/"},"author":{"name":"Expresso Metropolitano","@id":"https:\/\/expressometro.mx\/#\/schema\/person\/efa971b4a0664db8ed5c22b1b0dd2f5d"},"headline":"INICIA PRI MUNICIPAL DE TOLUCA PROCESO DE EXPULSI\u00d3N DE PAOLA JIM\u00c9NEZ","datePublished":"2024-09-13T15:49:37+00:00","dateModified":"2024-09-14T15:56:32+00:00","mainEntityOfPage":{"@id":"https:\/\/expressometro.mx\/index.php\/2024\/09\/13\/inicia-pri-municipal-de-toluca-proceso-de-expulsion-de-paola-jimenez\/"},"wordCount":429,"commentCount":0,"publisher":{"@id":"https:\/\/expressometro.mx\/#organization"},"image":{"@id":"https:\/\/expressometro.mx\/index.php\/2024\/09\/13\/inicia-pri-municipal-de-toluca-proceso-de-expulsion-de-paola-jimenez\/#primaryimage"},"thumbnailUrl":"https:\/\/expressometro.mx\/wp-content\/uploads\/2024\/09\/WhatsApp-Image-2024-09-13-at-3.21.05-PM.jpeg","keywords":["An\u00edbal Gonz\u00e1lez Pedraza","Edomex","PRI"],"articleSection":["Gobierno","Otros","Pol\u00edtica"],"inLanguage":"es","potentialAction":[{"@type":"CommentAction","name":"Comment","target":["https:\/\/expressometro.mx\/index.php\/2024\/09\/13\/inicia-pri-municipal-de-toluca-proceso-de-expulsion-de-paola-jimenez\/#respond"]}]},{"@type":"WebPage","@id":"https:\/\/expressometro.mx\/index.php\/2024\/09\/13\/inicia-pri-municipal-de-toluca-proceso-de-expulsion-de-paola-jimenez\/","url":"https:\/\/expressometro.mx\/index.php\/2024\/09\/13\/inicia-pri-municipal-de-toluca-proceso-de-expulsion-de-paola-jimenez\/","name":"INICIA PRI MUNICIPAL DE TOLUCA PROCESO DE EXPULSI\u00d3N DE PAOLA JIM\u00c9NEZ - Expresso Metropolitano","isPartOf":{"@id":"https:\/\/expressometro.mx\/#website"},"primaryImageOfPage":{"@id":"https:\/\/expressometro.mx\/index.php\/2024\/09\/13\/inicia-pri-municipal-de-toluca-proceso-de-expulsion-de-paola-jimenez\/#primaryimage"},"image":{"@id":"https:\/\/expressometro.mx\/index.php\/2024\/09\/13\/inicia-pri-municipal-de-toluca-proceso-de-expulsion-de-paola-jimenez\/#primaryimage"},"thumbnailUrl":"https:\/\/expressometro.mx\/wp-content\/uploads\/2024\/09\/WhatsApp-Image-2024-09-13-at-3.21.05-PM.jpeg","datePublished":"2024-09-13T15:49:37+00:00","dateModified":"2024-09-14T15:56:32+00:00","breadcrumb":{"@id":"https:\/\/expressometro.mx\/index.php\/2024\/09\/13\/inicia-pri-municipal-de-toluca-proceso-de-expulsion-de-paola-jimenez\/#breadcrumb"},"inLanguage":"es","potentialAction":[{"@type":"ReadAction","target":["https:\/\/expressometro.mx\/index.php\/2024\/09\/13\/inicia-pri-municipal-de-toluca-proceso-de-expulsion-de-paola-jimenez\/"]}]},{"@type":"ImageObject","inLanguage":"es","@id":"https:\/\/expressometro.mx\/index.php\/2024\/09\/13\/inicia-pri-municipal-de-toluca-proceso-de-expulsion-de-paola-jimenez\/#primaryimage","url":"https:\/\/expressometro.mx\/wp-content\/uploads\/2024\/09\/WhatsApp-Image-2024-09-13-at-3.21.05-PM.jpeg","contentUrl":"https:\/\/expressometro.mx\/wp-content\/uploads\/2024\/09\/WhatsApp-Image-2024-09-13-at-3.21.05-PM.jpeg","width":1280,"height":960},{"@type":"BreadcrumbList","@id":"https:\/\/expressometro.mx\/index.php\/2024\/09\/13\/inicia-pri-municipal-de-toluca-proceso-de-expulsion-de-paola-jimenez\/#breadcrumb","itemListElement":[{"@type":"ListItem","position":1,"name":"Inicio","item":"https:\/\/expressometro.mx\/"},{"@type":"ListItem","position":2,"name":"INICIA PRI MUNICIPAL DE TOLUCA PROCESO DE EXPULSI\u00d3N DE PAOLA JIM\u00c9NEZ"}]},{"@type":"WebSite","@id":"https:\/\/expressometro.mx\/#website","url":"https:\/\/expressometro.mx\/","name":"Expresso Metropolitano","description":"Periodismo comprometido, informaci\u00f3n, investigaci\u00f3n y an\u00e1lisis","publisher":{"@id":"https:\/\/expressometro.mx\/#organization"},"potentialAction":[{"@type":"SearchAction","target":{"@type":"EntryPoint","urlTemplate":"https:\/\/expressometro.mx\/?s={search_term_string}"},"query-input":{"@type":"PropertyValueSpecification","valueRequired":true,"valueName":"search_term_string"}}],"inLanguage":"es"},{"@type":"Organization","@id":"https:\/\/expressometro.mx\/#organization","name":"Expresso Metropolitano","url":"https:\/\/expressometro.mx\/","logo":{"@type":"ImageObject","inLanguage":"es","@id":"https:\/\/expressometro.mx\/#\/schema\/logo\/image\/","url":"https:\/\/expressometro.mx\/wp-content\/uploads\/2019\/07\/cropped-Logo-Expresso-Metropolitano-1-1.jpeg","contentUrl":"https:\/\/expressometro.mx\/wp-content\/uploads\/2019\/07\/cropped-Logo-Expresso-Metropolitano-1-1.jpeg","width":290,"height":73,"caption":"Expresso Metropolitano"},"image":{"@id":"https:\/\/expressometro.mx\/#\/schema\/logo\/image\/"}},{"@type":"Person","@id":"https:\/\/expressometro.mx\/#\/schema\/person\/efa971b4a0664db8ed5c22b1b0dd2f5d","name":"Expresso Metropolitano","image":{"@type":"ImageObject","inLanguage":"es","@id":"https:\/\/secure.gravatar.com\/avatar\/a89f802b8de18c6952f223c88d3d106e9e3679839f4e25a02f4a6cc2ae6ba3b3?s=96&d=mm&r=g","url":"https:\/\/secure.gravatar.com\/avatar\/a89f802b8de18c6952f223c88d3d106e9e3679839f4e25a02f4a6cc2ae6ba3b3?s=96&d=mm&r=g","contentUrl":"https:\/\/secure.gravatar.com\/avatar\/a89f802b8de18c6952f223c88d3d106e9e3679839f4e25a02f4a6cc2ae6ba3b3?s=96&d=mm&r=g","caption":"Expresso Metropolitano"},"url":"https:\/\/expressometro.mx\/index.php\/author\/diego\/"}]}},"amp_enabled":true,"_links":{"self":[{"href":"https:\/\/expressometro.mx\/index.php\/wp-json\/wp\/v2\/posts\/10003","targetHints":{"allow":["GET"]}}],"collection":[{"href":"https:\/\/expressometro.mx\/index.php\/wp-json\/wp\/v2\/posts"}],"about":[{"href":"https:\/\/expressometro.mx\/index.php\/wp-json\/wp\/v2\/types\/post"}],"author":[{"embeddable":true,"href":"https:\/\/expressometro.mx\/index.php\/wp-json\/wp\/v2\/users\/1"}],"replies":[{"embeddable":true,"href":"https:\/\/expressometro.mx\/index.php\/wp-json\/wp\/v2\/comments?post=10003"}],"version-history":[{"count":1,"href":"https:\/\/expressometro.mx\/index.php\/wp-json\/wp\/v2\/posts\/10003\/revisions"}],"predecessor-version":[{"id":10006,"href":"https:\/\/expressometro.mx\/index.php\/wp-json\/wp\/v2\/posts\/10003\/revisions\/10006"}],"wp:featuredmedia":[{"embeddable":true,"href":"https:\/\/expressometro.mx\/index.php\/wp-json\/wp\/v2\/media\/10005"}],"wp:attachment":[{"href":"https:\/\/expressometro.mx\/index.php\/wp-json\/wp\/v2\/media?parent=10003"}],"wp:term":[{"taxonomy":"category","embeddable":true,"href":"https:\/\/expressometro.mx\/index.php\/wp-json\/wp\/v2\/categories?post=10003"},{"taxonomy":"post_tag","embeddable":true,"href":"https:\/\/expressometro.mx\/index.php\/wp-json\/wp\/v2\/tags?post=10003"}],"curies":[{"name":"wp","href":"https:\/\/api.w.org\/{rel}","templated":true}]}}